{"id":378358,"date":"2025-09-09T18:26:18","date_gmt":"2025-09-09T18:26:18","guid":{"rendered":"https:\/\/www.europesays.com\/fr\/378358\/"},"modified":"2025-09-09T18:26:18","modified_gmt":"2025-09-09T18:26:18","slug":"un-sabotage-coupe-lelectricite-a-berlin-des-antimilitaristes-revendiquent-2","status":"publish","type":"post","link":"https:\/\/www.europesays.com\/fr\/378358\/","title":{"rendered":"Un sabotage coupe l\u2019\u00e9lectricit\u00e9 \u00e0 Berlin, des antimilitaristes revendiquent"},"content":{"rendered":"<p class=\"mb-4 text-lg md:leading-8 break-words\"><strong>enqu\u00eate &#8211; Des dizaines de milliers de foyers \u00e0 Berlin sont sans \u00e9lectricit\u00e9 mardi apr\u00e8s-midi \u00e0 la suite de l\u2019incendie de deux pyl\u00f4nes, revendiqu\u00e9 par un groupe qui se dit antimilitariste<\/strong><\/p>\n<p class=\"mb-4 text-lg md:leading-8 break-words\">La police v\u00e9rifie l\u2019authenticit\u00e9 de la revendication. Un groupe qui se dit antimilitariste affirme \u00eatre \u00e0 l\u2019origine de l\u2019incendie de deux pyl\u00f4nes \u00e0 <a href=\"https:\/\/www.20minutes.fr\/dossier\/berlin?at_medium=RSS%20feed&amp;at_campaign=ynews&amp;utm_source=yahoo&amp;utm_medium=rss&amp;utm_campaign=news_feed&amp;utm_content=in_article_link\" rel=\"nofollow noopener\" target=\"_blank\" data-ylk=\"slk:Berlin;elm:context_link;itc:0;sec:content-canvas\" class=\"link \">Berlin<\/a> qui a coup\u00e9 l\u2019\u00e9lectricit\u00e9 \u00e0 des dizaines de milliers de foyers mardi.<\/p>\n<p class=\"mb-4 text-lg md:leading-8 break-words\">L\u2019<a href=\"https:\/\/www.20minutes.fr\/dossier\/incendie?at_medium=RSS%20feed&amp;at_campaign=ynews&amp;utm_source=yahoo&amp;utm_medium=rss&amp;utm_campaign=news_feed&amp;utm_content=in_article_link\" rel=\"nofollow noopener\" target=\"_blank\" data-ylk=\"slk:incendie;elm:context_link;itc:0;sec:content-canvas\" class=\"link \">incendie<\/a> est survenu dans la nuit de lundi \u00e0 mardi dans le quartier de Johannisthal, au sud-est de la capitale, avait indiqu\u00e9 plus t\u00f4t \u00e0 l\u2019AFP une porte-parole de la police berlinoise. Les pompiers ont mis une heure \u00e0 \u00e9teindre le feu, d\u00e9couvert vers 3 heures du matin sur deux pyl\u00f4nes \u00e9lectriques.<\/p>\n<p>Plusieurs jours sans \u00e9lectricit\u00e9<\/p>\n<p class=\"mb-4 text-lg md:leading-8 break-words\">Dans une lettre publi\u00e9e sur la plateforme en ligne d\u2019<a href=\"https:\/\/www.20minutes.fr\/dossier\/extreme_gauche?at_medium=RSS%20feed&amp;at_campaign=ynews&amp;utm_source=yahoo&amp;utm_medium=rss&amp;utm_campaign=news_feed&amp;utm_content=in_article_link\" rel=\"nofollow noopener\" target=\"_blank\" data-ylk=\"slk:extr\u00eame gauche;elm:context_link;itc:0;sec:content-canvas\" class=\"link \">extr\u00eame gauche<\/a> Indymedia, un groupe qui se dit antimilitariste et anarchiste assure avoir vis\u00e9 le complexe technologique d\u2019Adlershof, regroupant des entreprises et des institutions scientifiques. En ao\u00fbt, un incendie criminel contre le rail allemand avait d\u00e9j\u00e0 \u00e9t\u00e9 revendiqu\u00e9 sur ce site.<\/p>\n<p class=\"mb-4 text-lg md:leading-8 break-words\">L\u2019incendie a entra\u00een\u00e9 des coupures de courant pour 43.000 foyers et 3.000 entreprises. Selon un porte-parole du gestionnaire du r\u00e9seau \u00e9lectrique berlinois, \u00ab\u00a0l\u2019approvisionnement en \u00e9lectricit\u00e9 dans la zone ne sera assur\u00e9 compl\u00e8tement que dans les prochains jours\u00a0\u00bb. Parmi les 50.000 clients touch\u00e9s, le courant a \u00e9t\u00e9 r\u00e9tabli pour 17.000 d\u2019entre eux.<\/p>\n<p class=\"mb-4 text-lg md:leading-8 break-words\">La police avait dit d\u00e8s mardi matin soup\u00e7onner un \u00ab\u00a0incendie criminel\u00a0\u00bb et \u00ab\u00a0n\u2019exclut pas une motivation politique derri\u00e8re l\u2019incendie\u00a0\u00bb, a ajout\u00e9 la porte-parole, mais sans \u00e9voquer de pistes plus pr\u00e9cises quant au mobile ou au courant id\u00e9ologique(&#8230;)<\/p>\n<p class=\"mb-4 text-lg md:leading-8 break-words\"><a href=\"https:\/\/www.20minutes.fr\/monde\/allemagne\/4172120-20250909-allemagne-sabotage-coupe-electricite-berlin-antimilitaristes-revendiquent?at_medium=RSS%20feed&amp;at_campaign=ynews&amp;utm_source=yahoo&amp;utm_medium=rss&amp;utm_campaign=news_feed&amp;utm_content=read_more_link&quot;\" rel=\"nofollow noopener\" target=\"_blank\" data-ylk=\"slk:Lire la suite sur 20minutes;elm:context_link;itc:0;sec:content-canvas\" class=\"link \">Lire la suite sur 20minutes<\/a><\/p>\n<p>\u00c0 lire aussi :<br \/><a href=\"https:\/\/www.20minutes.fr\/faits_divers\/4171391-20250905-allemagne-enseignant-blesse-plusieurs-reprises-attaque-couteau-suspect-arrete?at_medium=RSS%20feed&amp;at_campaign=ynews&amp;utm_source=yahoo&amp;utm_medium=rss&amp;utm_campaign=news_feed&amp;utm_content=related_content_link\" rel=\"nofollow noopener\" target=\"_blank\" data-ylk=\"slk:Allemagne\u00a0: Un enseignant bless\u00e9 \u00e0 plusieurs reprises dans une attaque au couteau, un suspect arr\u00eat\u00e9;elm:context_link;itc:0;sec:content-canvas\" class=\"link \">Allemagne\u00a0: Un enseignant bless\u00e9 \u00e0 plusieurs reprises dans une attaque au couteau, un suspect arr\u00eat\u00e9<\/a><br \/><a href=\"https:\/\/www.20minutes.fr\/monde\/allemagne\/4171142-20250904-allemagne-six-candidats-extreme-droite-municipales-morts-facon-suspecte?at_medium=RSS%20feed&amp;at_campaign=ynews&amp;utm_source=yahoo&amp;utm_medium=rss&amp;utm_campaign=news_feed&amp;utm_content=related_content_link\" rel=\"nofollow noopener\" target=\"_blank\" data-ylk=\"slk:Allemagne\u00a0: Six candidats d\u2019extr\u00eame droite aux municipales\u00a0sont-ils morts de fa\u00e7on suspecte\u00a0?;elm:context_link;itc:0;sec:content-canvas\" class=\"link \">Allemagne\u00a0: Six candidats d\u2019extr\u00eame droite aux municipales\u00a0sont-ils morts de fa\u00e7on suspecte\u00a0?<\/a><\/p>\n","protected":false},"excerpt":{"rendered":"enqu\u00eate &#8211; Des dizaines de milliers de foyers \u00e0 Berlin sont sans \u00e9lectricit\u00e9 mardi apr\u00e8s-midi \u00e0 la suite&hellip;\n","protected":false},"author":2,"featured_media":378359,"comment_status":"","ping_status":"","sticky":false,"template":"","format":"standard","meta":{"footnotes":""},"categories":[1587],"tags":[11,672,1898,1804,1805,1803,579,1777,674,1801,23559,5022,3371,12,1802],"class_list":{"0":"post-378358","1":"post","2":"type-post","3":"status-publish","4":"format-standard","5":"has-post-thumbnail","7":"category-allemagne","8":"tag-actualites","9":"tag-allemagne","10":"tag-berlin","11":"tag-bundesrepublik-deutschland","12":"tag-de","13":"tag-deutschland","14":"tag-electricite","15":"tag-eu","16":"tag-europe","17":"tag-germany","18":"tag-incendie-criminel","19":"tag-lincendie","20":"tag-la-police","21":"tag-news","22":"tag-republique-federale-dallemagne"},"share_on_mastodon":{"url":"https:\/\/pubeurope.com\/@fr\/115175750610446550","error":""},"_links":{"self":[{"href":"https:\/\/www.europesays.com\/fr\/wp-json\/wp\/v2\/posts\/378358","targetHints":{"allow":["GET"]}}],"collection":[{"href":"https:\/\/www.europesays.com\/fr\/wp-json\/wp\/v2\/posts"}],"about":[{"href":"https:\/\/www.europesays.com\/fr\/wp-json\/wp\/v2\/types\/post"}],"author":[{"embeddable":true,"href":"https:\/\/www.europesays.com\/fr\/wp-json\/wp\/v2\/users\/2"}],"replies":[{"embeddable":true,"href":"https:\/\/www.europesays.com\/fr\/wp-json\/wp\/v2\/comments?post=378358"}],"version-history":[{"count":0,"href":"https:\/\/www.europesays.com\/fr\/wp-json\/wp\/v2\/posts\/378358\/revisions"}],"wp:featuredmedia":[{"embeddable":true,"href":"https:\/\/www.europesays.com\/fr\/wp-json\/wp\/v2\/media\/378359"}],"wp:attachment":[{"href":"https:\/\/www.europesays.com\/fr\/wp-json\/wp\/v2\/media?parent=378358"}],"wp:term":[{"taxonomy":"category","embeddable":true,"href":"https:\/\/www.europesays.com\/fr\/wp-json\/wp\/v2\/categories?post=378358"},{"taxonomy":"post_tag","embeddable":true,"href":"https:\/\/www.europesays.com\/fr\/wp-json\/wp\/v2\/tags?post=378358"}],"curies":[{"name":"wp","href":"https:\/\/api.w.org\/{rel}","templated":true}]}}