{"id":378360,"date":"2025-09-09T18:27:09","date_gmt":"2025-09-09T18:27:09","guid":{"rendered":"https:\/\/www.europesays.com\/fr\/378360\/"},"modified":"2025-09-09T18:27:09","modified_gmt":"2025-09-09T18:27:09","slug":"la-france-premier-pays-deurope-pour-lasile-sur-les-six-premiers-mois-de-2025","status":"publish","type":"post","link":"https:\/\/www.europesays.com\/fr\/378360\/","title":{"rendered":"La France, premier pays d\u2019Europe pour l\u2019asile sur les six premiers mois de 2025"},"content":{"rendered":"<p>L\u2019Hexagone appara\u00eet en premi\u00e8re position \u00e0 la fois en nombre de demandes d\u2019asile (77.842), mais \u00e9galement en d\u00e9cisions positives (26.772), devant l\u2019Allemagne, selon les derni\u00e8res donn\u00e9es de l\u2019Agence de l\u2019UE pour l\u2019Asile.<\/p>\n<p class=\"fig-paragraph\">Un record. La France est d\u00e9sormais en t\u00eate des pays europ\u00e9ens pour les\u00a0<a href=\"http:\/\/www.lefigaro.fr\/international\/le-royaume-uni-enregistre-un-nombre-annuel-record-de-demandes-d-asile-20250821\" data-fig-type=\"NewsFlash\" data-gtm-custom-categorie=\"navigation\" data-gtm-custom-action=\"crossclick\" data-gtm-custom-label=\"Contextuel\" data-gtm-event=\"customEventSPE\" data-fig-domain=\"LEFIGARO\" rel=\"nofollow noopener\" target=\"_blank\">demandes d\u2019asile<\/a>, mais \u00e9galement pour les d\u00e9cisions favorables en la mati\u00e8re. 77.842 demandes ont \u00e9t\u00e9 d\u00e9pos\u00e9es dans l\u2019Hexagone, devant l\u2019Espagne (77.448) et l\u2019Allemagne (70.272), selon les derni\u00e8res statistiques publi\u00e9es par l\u2019Agence de l\u2019Union europ\u00e9enne pour l\u2019Asile (AUEA). C\u2019est aussi le cas pour les d\u00e9cisions favorables rendues\u00a0: l\u00e0 encore, avec 26.772 acceptations, la France est devant Berlin (20.962) et loin devant Madrid (7.083).<\/p>\n<p class=\"fig-paragraph\">Un chiffre fran\u00e7ais des demandes d\u2019asile qui est stable, alors que le nombre de demandes recule de 23% en Europe et notamment de 43 % en Allemagne, faisant passer la France en premi\u00e8re position. \u00c0 elle seule, la France accueille pr\u00e8s de 20% des 399.000 demandes d\u2019asile d\u00e9pos\u00e9es en Europe.<\/p>\n<p>                                    <a class=\"fig-a11y-skip a11y-hidden\" href=\"#fig-a11y-skip-main-inarticle\"><br \/>\n        Passer la publicit\u00e9<br \/>\n    <\/a><\/p>\n<p class=\"fig-paragraph\">Le renversement de\u00a0<a href=\"http:\/\/www.lefigaro.fr\/international\/tortures-proces-expeditifs-milliers-de-disparus-plongee-dans-l-enfer-de-la-prison-de-saidnaya-le-goulag-de-bachar-el-assad-avec-jonathan-littell-20250517\" data-fig-type=\"Article\" data-gtm-custom-categorie=\"navigation\" data-gtm-custom-action=\"crossclick\" data-gtm-custom-label=\"Contextuel\" data-gtm-event=\"customEventSPE\" data-fig-domain=\"LEFIGARO\" rel=\"nofollow noopener\" target=\"_blank\">Bachar el-Assad<\/a>\u00a0en d\u00e9cembre 2024 a provoqu\u00e9 un effondrement des demandes syriennes, autrefois majoritaires en Europe. Les Syriens ne sont plus qu\u2019en troisi\u00e8me position avec 24.738, le taux d\u2019acceptation n\u2019\u00e9tant plus de 17% contre 56% pour les Afghans. En t\u00eate, ce sont d\u00e9sormais les\u00a0<a href=\"http:\/\/www.lefigaro.fr\/international\/le-pentagone-denonce-le-survol-d-un-bateau-americain-par-des-avions-venezueliens-20250905\" data-fig-type=\"NewsFlash\" data-gtm-custom-categorie=\"navigation\" data-gtm-custom-action=\"crossclick\" data-gtm-custom-label=\"Contextuel\" data-gtm-event=\"customEventSPE\" data-fig-domain=\"LEFIGARO\" rel=\"nofollow noopener\" target=\"_blank\">V\u00e9n\u00e9zu\u00e9liens\u00a0<\/a>avec 47.835 demandes dans l\u2019UE, mais avec un taux d\u2019acceptation tr\u00e8s faible de moins de 3%. Les V\u00e9n\u00e9zu\u00e9liens pr\u00e9f\u00e8rent traverser l\u2019Atlantique plut\u00f4t que de tenter de gagner le sol am\u00e9ricain.<\/p>\n<p><strong>Les Ukrainiens, premi\u00e8re nationalit\u00e9 pour la demande d\u2019asile dans l\u2019hexagone<\/strong><\/p>\n<p class=\"fig-paragraph\">Malgr\u00e9 la guerre, les Ukrainiens n\u2019arrivent qu\u2019en sixi\u00e8me position \u00e0 l\u2019\u00e9chelle europ\u00e9enne pour les demandes d\u2019asile avec seulement 15.721 demandes, mais un taux d\u2019acceptation qui est le plus \u00e9lev\u00e9 en Europe (73%). La France est d\u00e9sormais le principal pays \u00e0 accueillir des demandes d\u2019asile d\u2019Ukrainiens.<\/p>\n<p class=\"fig-paragraph\">Mais il faut dire que la plupart des Ukrainiens qui ont \u00e9migr\u00e9 ne sont pas prot\u00e9g\u00e9s par le statut de l\u2019asile, mais par le statut de protection temporaire sp\u00e9cifique, qui concernait 4,5 millions d\u2019entre eux, fin juin 2025. \u00c0 cette date, ce statut a \u00e9t\u00e9 prolong\u00e9 jusqu\u2019en mars 2027 par les autorit\u00e9s europ\u00e9ennes. Parmi les pays en pointe, l\u2019Allemagne, qui en accueille 1,2 million et la Pologne un peu moins d\u20191 million. Au titre de cette protection temporaire, la France n\u2019en accueille que 55.000.<\/p>\n","protected":false},"excerpt":{"rendered":"L\u2019Hexagone appara\u00eet en premi\u00e8re position \u00e0 la fois en nombre de demandes d\u2019asile (77.842), mais \u00e9galement en d\u00e9cisions&hellip;\n","protected":false},"author":2,"featured_media":378361,"comment_status":"","ping_status":"","sticky":false,"template":"","format":"standard","meta":{"footnotes":""},"categories":[1586],"tags":[11,1777,674,1011,27,1061,12,25],"class_list":{"0":"post-378360","1":"post","2":"type-post","3":"status-publish","4":"format-standard","5":"has-post-thumbnail","7":"category-europe","8":"tag-actualites","9":"tag-eu","10":"tag-europe","11":"tag-fr","12":"tag-france","13":"tag-immigration","14":"tag-news","15":"tag-republique-francaise"},"share_on_mastodon":{"url":"https:\/\/pubeurope.com\/@fr\/115175754687432323","error":""},"_links":{"self":[{"href":"https:\/\/www.europesays.com\/fr\/wp-json\/wp\/v2\/posts\/378360","targetHints":{"allow":["GET"]}}],"collection":[{"href":"https:\/\/www.europesays.com\/fr\/wp-json\/wp\/v2\/posts"}],"about":[{"href":"https:\/\/www.europesays.com\/fr\/wp-json\/wp\/v2\/types\/post"}],"author":[{"embeddable":true,"href":"https:\/\/www.europesays.com\/fr\/wp-json\/wp\/v2\/users\/2"}],"replies":[{"embeddable":true,"href":"https:\/\/www.europesays.com\/fr\/wp-json\/wp\/v2\/comments?post=378360"}],"version-history":[{"count":0,"href":"https:\/\/www.europesays.com\/fr\/wp-json\/wp\/v2\/posts\/378360\/revisions"}],"wp:featuredmedia":[{"embeddable":true,"href":"https:\/\/www.europesays.com\/fr\/wp-json\/wp\/v2\/media\/378361"}],"wp:attachment":[{"href":"https:\/\/www.europesays.com\/fr\/wp-json\/wp\/v2\/media?parent=378360"}],"wp:term":[{"taxonomy":"category","embeddable":true,"href":"https:\/\/www.europesays.com\/fr\/wp-json\/wp\/v2\/categories?post=378360"},{"taxonomy":"post_tag","embeddable":true,"href":"https:\/\/www.europesays.com\/fr\/wp-json\/wp\/v2\/tags?post=378360"}],"curies":[{"name":"wp","href":"https:\/\/api.w.org\/{rel}","templated":true}]}}