{"id":378364,"date":"2025-09-09T18:29:14","date_gmt":"2025-09-09T18:29:14","guid":{"rendered":"https:\/\/www.europesays.com\/fr\/378364\/"},"modified":"2025-09-09T18:29:14","modified_gmt":"2025-09-09T18:29:14","slug":"en-espagne-pedro-sanchez-annonce-des-mesures-inedites-contre-israel-liberation","status":"publish","type":"post","link":"https:\/\/www.europesays.com\/fr\/378364\/","title":{"rendered":"en Espagne, Pedro S\u00e1nchez annonce des mesures in\u00e9dites contre Isra\u00ebl \u2013 Lib\u00e9ration"},"content":{"rendered":"<p class=\"sc-cPiKLX AiZTS text-element\">Tous les ponts ne sont pas encore totalement coup\u00e9s, mais les tensions diplomatiques entre l\u2019<a href=\"https:\/\/www.liberation.fr\/tags\/espagne\/\" target=\"_blank\" rel=\"noreferrer nofollow noopener\" title=\"https:\/\/www.liberation.fr\/tags\/espagne\/\">Espagne<\/a> et <a href=\"https:\/\/www.liberation.fr\/tags\/israel\/\" target=\"_blank\" rel=\"noreferrer nofollow noopener\" title=\"https:\/\/www.liberation.fr\/tags\/israel\/\">Isra\u00ebl<\/a> ont franchi, lundi 8 septembre, un cap in\u00e9dit. En mai 2024, <a href=\"https:\/\/www.liberation.fr\/tags\/pedro-sanchez\/\" target=\"_blank\" rel=\"noreferrer nofollow noopener\" title=\"https:\/\/www.liberation.fr\/tags\/pedro-sanchez\/\">Pedro S\u00e1nchez<\/a> reconnaissait symboliquement l\u2019Etat de Palestine, de concert avec ses homologues irlandais et norv\u00e9giens. Depuis, le leader socialiste n\u2019a eu de cesse de critiquer la politique de <a href=\"https:\/\/www.liberation.fr\/tags\/benyamin-netanyahou\/\" target=\"_blank\" rel=\"noreferrer nofollow noopener\" title=\"https:\/\/www.liberation.fr\/tags\/benyamin-netanyahou\/\">Benyamin N\u00e9tanyahou<\/a> dans <a href=\"https:\/\/www.liberation.fr\/dossier\/gaza-l-escalade\/\" target=\"_blank\" rel=\"noreferrer nofollow noopener\" title=\"https:\/\/www.liberation.fr\/dossier\/gaza-l-escalade\/\">la bande de Gaza<\/a>, appelant \u00e0 des pressions internationales pour stopper l\u2019\u00aboccupation\u00bb isra\u00e9lienne dans le territoire. <\/p>\n<p class=\"sc-cPiKLX AiZTS text-element\">Lundi, il a encore hauss\u00e9 le ton, condamnant sans d\u00e9tour le \u00abg\u00e9nocide en cours\u00bb \u00e0 Gaza, rappelant son ambassadrice \u00e0 Tel-Aviv et annon\u00e7ant une batterie de mesures radicales. Dont un \u00abembargo total\u00bb sur les armes, l\u2019interdiction d\u2019utiliser  <\/p>\n","protected":false},"excerpt":{"rendered":"Tous les ponts ne sont pas encore totalement coup\u00e9s, mais les tensions diplomatiques entre l\u2019Espagne et Isra\u00ebl ont&hellip;\n","protected":false},"author":2,"featured_media":378365,"comment_status":"","ping_status":"","sticky":false,"template":"","format":"standard","meta":{"footnotes":""},"categories":[2],"tags":[11,123,1011,27,664,3523,12,3518,122,25],"class_list":{"0":"post-378364","1":"post","2":"type-post","3":"status-publish","4":"format-standard","5":"has-post-thumbnail","7":"category-actualites","8":"tag-actualites","9":"tag-espagne","10":"tag-fr","11":"tag-france","12":"tag-israel","13":"tag-israel-palestine-conflit","14":"tag-news","15":"tag-palestine","16":"tag-pedro-sanchez","17":"tag-republique-francaise"},"share_on_mastodon":{"url":"https:\/\/pubeurope.com\/@fr\/115175762485350472","error":""},"_links":{"self":[{"href":"https:\/\/www.europesays.com\/fr\/wp-json\/wp\/v2\/posts\/378364","targetHints":{"allow":["GET"]}}],"collection":[{"href":"https:\/\/www.europesays.com\/fr\/wp-json\/wp\/v2\/posts"}],"about":[{"href":"https:\/\/www.europesays.com\/fr\/wp-json\/wp\/v2\/types\/post"}],"author":[{"embeddable":true,"href":"https:\/\/www.europesays.com\/fr\/wp-json\/wp\/v2\/users\/2"}],"replies":[{"embeddable":true,"href":"https:\/\/www.europesays.com\/fr\/wp-json\/wp\/v2\/comments?post=378364"}],"version-history":[{"count":0,"href":"https:\/\/www.europesays.com\/fr\/wp-json\/wp\/v2\/posts\/378364\/revisions"}],"wp:featuredmedia":[{"embeddable":true,"href":"https:\/\/www.europesays.com\/fr\/wp-json\/wp\/v2\/media\/378365"}],"wp:attachment":[{"href":"https:\/\/www.europesays.com\/fr\/wp-json\/wp\/v2\/media?parent=378364"}],"wp:term":[{"taxonomy":"category","embeddable":true,"href":"https:\/\/www.europesays.com\/fr\/wp-json\/wp\/v2\/categories?post=378364"},{"taxonomy":"post_tag","embeddable":true,"href":"https:\/\/www.europesays.com\/fr\/wp-json\/wp\/v2\/tags?post=378364"}],"curies":[{"name":"wp","href":"https:\/\/api.w.org\/{rel}","templated":true}]}}