{"id":378368,"date":"2025-09-09T18:31:15","date_gmt":"2025-09-09T18:31:15","guid":{"rendered":"https:\/\/www.europesays.com\/fr\/378368\/"},"modified":"2025-09-09T18:31:15","modified_gmt":"2025-09-09T18:31:15","slug":"france-islande-pourquoi-le-coup-denvoi-de-la-rencontre-sera-t-il-decale-de-trois-minutes","status":"publish","type":"post","link":"https:\/\/www.europesays.com\/fr\/378368\/","title":{"rendered":"France &#8211; Islande\u00a0: pourquoi le coup d\u2019envoi de la rencontre sera-t-il d\u00e9cal\u00e9 de trois minutes\u00a0?"},"content":{"rendered":"<p class=\"paragraph text_align_left lp-f-body-02\">Il faudra patienter un peu plus. Pr\u00e9vu \u00e0 20h45 ce mardi au Parc des Princes, le coup d\u2019envoi de la rencontre des qualifications pour la Coupe du monde 2026 <a href=\"https:\/\/www.leparisien.fr\/sports\/football\/coupe-du-monde\/france-islande-pas-le-moment-de-se-dechirer-pour-les-bleus-09-09-2025-GMF6KA67PFC27PUGCCXKNLPGMA.php\" target=\"_blank\" rel=\"noreferrer nofollow noopener\">entre l\u2019\u00e9quipe de France et l\u2019Islande<\/a> a \u00e9t\u00e9 d\u00e9cal\u00e9\u2026 de trois minutes.<\/p>\n<p class=\"paragraph text_align_left lp-f-body-02\">La F\u00e9d\u00e9ration fran\u00e7aise de football, en accord avec l\u2019UEFA, a d\u00e9cid\u00e9 de retarder le premier coup de sifflet du match en raison de \u00ab l\u2019actualit\u00e9 nationale \u00bb. Une d\u00e9cision qui intervient une quinzaine de minutes apr\u00e8s l\u2019officialisation de la nomination du nouveau Premier ministre fran\u00e7ais, en la personne de <a href=\"https:\/\/www.leparisien.fr\/politique\/sebastien-lecornu-nomme-premier-ministre-09-09-2025-N7MBWSUWBNGK7ITBWZYVOP5HHA.php\" target=\"_blank\" rel=\"noreferrer nofollow noopener\">S\u00e9bastien Lecornu<\/a>.<\/p>\n<p class=\"paragraph text_align_left lp-f-body-02\">Quatre jours apr\u00e8s s\u2019\u00eatre impos\u00e9s en Ukraine pour leur premi\u00e8re rencontre des \u00e9liminatoires du Mondial 2026 (0-2), les Bleus concluent cette tr\u00eave internationale en recevant les Islandais sur la pelouse du Parc des Princes, habituellement occup\u00e9e par le Paris Saint-Germain. \u00c0 partir de 20h48, donc\u2026<\/p>\n<p class=\"paragraph text_align_left lp-f-body-02\"><b>La rencontre entre l\u2019\u00e9quipe de France et l\u2019Islande est \u00e0 suivre en direct comment\u00e9 sur <\/b><a href=\"https:\/\/www.leparisien.fr\/sports\/football\/coupe-du-monde\/direct-france-islande-suivez-la-deuxieme-rencontre-des-bleus-pour-les-qualifications-au-mondial-2026-09-09-2025-CLCPGF5NWJE6HKFH2635QHID64.php\" target=\"_blank\" rel=\"noreferrer nofollow noopener\"><b>leparisien.fr<\/b><\/a><b>.<\/b><\/p>\n","protected":false},"excerpt":{"rendered":"Il faudra patienter un peu plus. Pr\u00e9vu \u00e0 20h45 ce mardi au Parc des Princes, le coup d\u2019envoi&hellip;\n","protected":false},"author":2,"featured_media":378369,"comment_status":"","ping_status":"","sticky":false,"template":"","format":"standard","meta":{"footnotes":""},"categories":[4],"tags":[11,451,63,1011,27,12,25,60],"class_list":{"0":"post-378368","1":"post","2":"type-post","3":"status-publish","4":"format-standard","5":"has-post-thumbnail","7":"category-france","8":"tag-actualites","9":"tag-coupe-du-monde","10":"tag-football","11":"tag-fr","12":"tag-france","13":"tag-news","14":"tag-republique-francaise","15":"tag-sports"},"share_on_mastodon":{"url":"https:\/\/pubeurope.com\/@fr\/115175770232677672","error":""},"_links":{"self":[{"href":"https:\/\/www.europesays.com\/fr\/wp-json\/wp\/v2\/posts\/378368","targetHints":{"allow":["GET"]}}],"collection":[{"href":"https:\/\/www.europesays.com\/fr\/wp-json\/wp\/v2\/posts"}],"about":[{"href":"https:\/\/www.europesays.com\/fr\/wp-json\/wp\/v2\/types\/post"}],"author":[{"embeddable":true,"href":"https:\/\/www.europesays.com\/fr\/wp-json\/wp\/v2\/users\/2"}],"replies":[{"embeddable":true,"href":"https:\/\/www.europesays.com\/fr\/wp-json\/wp\/v2\/comments?post=378368"}],"version-history":[{"count":0,"href":"https:\/\/www.europesays.com\/fr\/wp-json\/wp\/v2\/posts\/378368\/revisions"}],"wp:featuredmedia":[{"embeddable":true,"href":"https:\/\/www.europesays.com\/fr\/wp-json\/wp\/v2\/media\/378369"}],"wp:attachment":[{"href":"https:\/\/www.europesays.com\/fr\/wp-json\/wp\/v2\/media?parent=378368"}],"wp:term":[{"taxonomy":"category","embeddable":true,"href":"https:\/\/www.europesays.com\/fr\/wp-json\/wp\/v2\/categories?post=378368"},{"taxonomy":"post_tag","embeddable":true,"href":"https:\/\/www.europesays.com\/fr\/wp-json\/wp\/v2\/tags?post=378368"}],"curies":[{"name":"wp","href":"https:\/\/api.w.org\/{rel}","templated":true}]}}