{"id":378370,"date":"2025-09-09T18:34:13","date_gmt":"2025-09-09T18:34:13","guid":{"rendered":"https:\/\/www.europesays.com\/fr\/378370\/"},"modified":"2025-09-09T18:34:13","modified_gmt":"2025-09-09T18:34:13","slug":"top-14-apres-la-suisse-la-bretagne-et-litalie-pourquoi-antoine-dupont-est-a-los-angeles-en-ce-moment","status":"publish","type":"post","link":"https:\/\/www.europesays.com\/fr\/378370\/","title":{"rendered":"TOP 14. Apr\u00e8s la Suisse, la Bretagne et l\u2019Italie, pourquoi Antoine Dupont est \u00e0 Los Angeles en ce moment ?"},"content":{"rendered":"<p>Finalement, quand est-ce qu\u2019on ne parle pas d\u2019Antoine Dupont ? Quand les m\u00e9dias sp\u00e9cialistes ne le font pas, ceux de la presse people ou g\u00e9n\u00e9raliste s\u2019y collent, avec plus ou moins de pertinence.<\/p>\n<p><a class=\"inserer_lien_article\" href=\"https:\/\/www.lerugbynistere.fr\/news\/rugby-raphael-varane-iris-mittenaere-et-serie-a-dupont-soigne-sa-reprise-loin-des-pelouses-2608251956.php\" data-id=\"45932\" data-route=\"app.article\" data-param=\"articleId\" ui-sref=\"app.article({articleId: 45932})\" alt=\"RUGBY. Rapha\u00ebl Varane, Iris Mittenaere et Serie A : Dupont soigne sa reprise loin des pelouses\" title=\"RUGBY. Rapha\u00ebl Varane, Iris Mittenaere et Serie A : Dupont soigne sa reprise loin des pelouses\" rel=\"nofollow noopener\" target=\"_blank\"><img decoding=\"async\" src=\"https:\/\/www.europesays.com\/fr\/wp-content\/uploads\/2025\/09\/dupont-26-08-25-3313.jpg\" alt=\"RUGBY. Rapha\u00ebl Varane, Iris Mittenaere et Serie A : Dupont soigne sa reprise loin des pelouses\"\/>RUGBY. Rapha\u00ebl Varane, Iris Mittenaere et Serie A : Dupont soigne sa reprise loin des pelouses<\/a><\/p>\n<p>Alors autant ne pas perdre la main et continuer de vous conter les aventures du rugbyman pr\u00e9f\u00e9r\u00e9 des fran\u00e7ais durant sa longue p\u00e9riode de convalescence. Qui lui permet, en marge de sa r\u00e9\u00e9ducation, de profiter des plaisirs de la vie que peut lui offrir son statut ainsi que de participer \u00e0 nombre d\u2019\u00e9v\u00e9nements tr\u00e8s populaires, du festival de Cannes aux d\u00e9fil\u00e9s de mode Louis Vuitton, en passant par l\u2019exposition universelle, un s\u00e9jour en <a href=\"https:\/\/www.lerugbynistere.fr\/equipes-nationales\/italie.php\" ui-sref=\"app.team({teamId: 66})\" alt=\"Italie\" data-route=\"app.team\" data-param=\"teamId\" data-id=\"66\" rel=\"nofollow noopener\" target=\"_blank\">Italie<\/a> &#8211; tout en assistant \u00e0 match du club \u00e0 la mode qu\u2019est Come en bonne compagnie &#8211; et on en passe.<\/p>\n<p><a class=\"inserer_lien_article\" href=\"https:\/\/www.lerugbynistere.fr\/news\/vraiment-le-meilleur-9-et-le-meilleur-joueur-de-la-planete-point-dupont-bade-par-cet-international-0909251207.php\" data-id=\"46063\" data-route=\"app.article\" data-param=\"articleId\" ui-sref=\"app.article({articleId: 46063})\" alt=\"&#039;&#039;Vraiment le meilleur 9 et le meilleur joueur de la plan\u00e8te, point&#039;&#039;, Dupont bad\u00e9 par cet international\" title=\"&#039;&#039;Vraiment le meilleur 9 et le meilleur joueur de la plan\u00e8te, point&#039;&#039;, Dupont bad\u00e9 par cet international\" rel=\"nofollow noopener\" target=\"_blank\"><img decoding=\"async\" src=\"https:\/\/www.europesays.com\/fr\/wp-content\/uploads\/2025\/09\/vraiment-le-meilleur-9-et-le-meilleur-joueur-de-la-planete-point-dupont-bade-par-cet-international-0.jpeg\" alt=\"''Vraiment le meilleur 9 et le meilleur joueur de la plan\u00e8te, point'', Dupont bad\u00e9 par cet international\"\/>\u00a0\u00bbVraiment le meilleur 9 et le meilleur joueur de la plan\u00e8te, point\u00a0\u00bb, Dupont bad\u00e9 par cet international<\/a><\/p>\n<p>Mais r\u00e9cemment, \u00ab\u00a0Toto\u00a0\u00bb est \u00e9galement redevenu un joueur de rugby ordinaire le temps de quelques jours. Car ne tombez pas dans la facilit\u00e9 de penser qu\u2019il ne s\u2019entra\u00eene pas dur \u00e0 c\u00f4t\u00e9 de cela. Mi-ao\u00fbt, le demi de m\u00eal\u00e9e de 28 ans a ainsi pris part au stage de pr\u00e9paration en <a href=\"https:\/\/www.lerugbynistere.fr\/amateur\/bretagne\/\" ui-sref=\"app.committee\" alt=\"Bretagne\" data-route=\"app.committee\" data-param=\"committeeId\" data-id=\"7\" rel=\"nofollow noopener\" target=\"_blank\">Bretagne<\/a> avec ses co\u00e9quipiers. Avant de repartir \u00e0 l\u2019autre bout de la plan\u00e8te.<\/p>\n<p>La Californie comme nouvelle \u00e9tape du processus<\/p>\n<p>Depuis quelques jours et alors qu\u2019il entame son 7\u00e8me mois de convalescence, Dupont est en effet \u00e0 Los Angeles. Et s\u2019il profite de la vie am\u00e9ricaine, ne croyez-pas que le prodige fran\u00e7ais n\u2019est parti que pour les vacances. Apr\u00e8s avoir d\u00e9couvert les infrastructures du club de NFL des LA Chargers l\u2019ann\u00e9e derni\u00e8re, il n\u2019est pas impossible que le Pyr\u00e9n\u00e9en int\u00e8gre cette fois leur centre de r\u00e9\u00e9ducation.<\/p>\n<p>\u00ab\u00a0Il nous permet d\u2019ouvrir des portes dans des endroits que nous avions envie d\u2019explorer\u00a0\u00bb, expliquait Ugo Mola la semaine pass\u00e9e dans une sortie m\u00e9diatique. \u00ab\u00a0C\u2019est plus facile quand c\u2019est Antoine Dupont que quand c\u2019est Ugo Mola ou J\u00e9r\u00f4me Cazalbou.\u00a0\u00bb<\/p>\n<p><a class=\"inserer_lien_article\" href=\"https:\/\/www.lerugbynistere.fr\/news\/soit-il-est-inconscient-soit-il-a-le-melon-mola-devoile-lobjectif-fou-fixe-par-antoine-dupont-une-prophetie-0509251207.php\" data-id=\"46027\" data-route=\"app.article\" data-param=\"articleId\" ui-sref=\"app.article({articleId: 46027})\" alt=\"&#039;&#039;Soit il est inconscient, soit il a le melon&#039;&#039;, Mola d\u00e9voile l&#039;objectif fou fix\u00e9 par Antoine Dupont : une proph\u00e9tie ?\" title=\"&#039;&#039;Soit il est inconscient, soit il a le melon&#039;&#039;, Mola d\u00e9voile l&#039;objectif fou fix\u00e9 par Antoine Dupont : une proph\u00e9tie ?\" rel=\"nofollow noopener\" target=\"_blank\"><img decoding=\"async\" src=\"https:\/\/www.europesays.com\/fr\/wp-content\/uploads\/2025\/09\/soit-il-est-inconscient-soit-il-a-le-melon-mola-devoile-lobjectif-fou-fixe-par-antoine-dupont-05-09-.jpeg\" alt=\"''Soit il est inconscient, soit il a le melon'', Mola d\u00e9voile l'objectif fou fix\u00e9 par Antoine Dupont : une proph\u00e9tie ?\"\/>\u00a0\u00bbSoit il est inconscient, soit il a le melon\u00a0\u00bb, Mola d\u00e9voile l&rsquo;objectif fou fix\u00e9 par Antoine Dupont : une proph\u00e9tie ?<\/a><\/p>\n<p>Comme les autres joueurs du <a href=\"https:\/\/www.lerugbynistere.fr\/clubs\/le-stade-toulousain.php\" ui-sref=\"app.team({teamId: 34})\" alt=\"Stade Toulousain\" data-route=\"app.team\" data-param=\"teamId\" data-id=\"34\" rel=\"nofollow noopener\" target=\"_blank\">Stade Toulousain<\/a>, une partie de sa r\u00e9\u00e9ducation ne se fait pas au club d\u00e8s puisque son indisponibilit\u00e9 d\u00e9passe les 6 \u00e0 8 semaines. A la diff\u00e9rence pr\u00e8s que lui ne va plus forc\u00e9ment au CERS de Capbreton mais dans des centres sp\u00e9cialis\u00e9s en Suisse, en Californie, et bient\u00f4t dans une autre d\u2019une destination pas encore \u00e9t\u00e9 r\u00e9v\u00e9l\u00e9e, soufflait un Mola passablement agac\u00e9 de voir les actions de son capitaine constamment interpr\u00e9t\u00e9es.<\/p>\n<p><a class=\"inserer_lien_article\" href=\"https:\/\/www.lerugbynistere.fr\/news\/dupont-bashing-reeducation-a-letranger-ou-est-vraiment-antoine-dupont-mola-repond-cash-0609251604.php\" data-id=\"46040\" data-route=\"app.article\" data-param=\"articleId\" ui-sref=\"app.article({articleId: 46040})\" alt=\"&#039;Dupont bashing&#039;, r\u00e9\u00e9ducation \u00e0 l\u2019\u00e9tranger : o\u00f9 est vraiment Antoine Dupont ? Mola r\u00e9pond cash\" title=\"&#039;Dupont bashing&#039;, r\u00e9\u00e9ducation \u00e0 l\u2019\u00e9tranger : o\u00f9 est vraiment Antoine Dupont ? Mola r\u00e9pond cash\" rel=\"nofollow noopener\" target=\"_blank\"><img decoding=\"async\" src=\"https:\/\/www.europesays.com\/fr\/wp-content\/uploads\/2025\/09\/dupont-bashing-reeducation-a-letranger-ou-est-vraiment-antoine-dupont-mola-repond-cash-06-09-25-3894.jpeg\" alt=\"'Dupont bashing', r\u00e9\u00e9ducation \u00e0 l\u2019\u00e9tranger : o\u00f9 est vraiment Antoine Dupont ? Mola r\u00e9pond cash\"\/>&lsquo;Dupont bashing&rsquo;, r\u00e9\u00e9ducation \u00e0 l\u2019\u00e9tranger : o\u00f9 est vraiment Antoine Dupont ? Mola r\u00e9pond cash<\/a><\/p>\n<p>\u00ab\u00a0Je vous rassure, il est souvent au club, m\u00eame si vous ne le voyez pas\u00a0\u00bb, lan\u00e7ait le manager rouge et noir. Et il y reviendra d\u2019ailleurs prochainement de mani\u00e8re plus r\u00e9guli\u00e8re encore puisque le retour d\u2019Antoine Dupont sur les pelouses du <a href=\"https:\/\/www.lerugbynistere.fr\/championnats\/top-14\" ui-sref=\"app.competition({competitionId: 1})\" alt=\"Top 14\" data-route=\"app.competition\" data-param=\"competitionId\" data-id=\"1\" rel=\"nofollow noopener\" target=\"_blank\">Top 14<\/a> est pr\u00e9vu pour le courant du mois de novembre. Allez, patience, et en attendez, restez connect\u00e9s \u00e0 vos r\u00e9seaux sociaux. Sans tomber dans le Dupont-bashing\u2026<\/p>\n","protected":false},"excerpt":{"rendered":"Finalement, quand est-ce qu\u2019on ne parle pas d\u2019Antoine Dupont ? Quand les m\u00e9dias sp\u00e9cialistes ne le font pas,&hellip;\n","protected":false},"author":2,"featured_media":378371,"comment_status":"","ping_status":"","sticky":false,"template":"","format":"standard","meta":{"footnotes":""},"categories":[1416],"tags":[1011,27,479,1468,60],"class_list":{"0":"post-378370","1":"post","2":"type-post","3":"status-publish","4":"format-standard","5":"has-post-thumbnail","7":"category-rugby","8":"tag-fr","9":"tag-france","10":"tag-rugby","11":"tag-rugby-football","12":"tag-sports"},"share_on_mastodon":{"url":"https:\/\/pubeurope.com\/@fr\/115175782771939016","error":""},"_links":{"self":[{"href":"https:\/\/www.europesays.com\/fr\/wp-json\/wp\/v2\/posts\/378370","targetHints":{"allow":["GET"]}}],"collection":[{"href":"https:\/\/www.europesays.com\/fr\/wp-json\/wp\/v2\/posts"}],"about":[{"href":"https:\/\/www.europesays.com\/fr\/wp-json\/wp\/v2\/types\/post"}],"author":[{"embeddable":true,"href":"https:\/\/www.europesays.com\/fr\/wp-json\/wp\/v2\/users\/2"}],"replies":[{"embeddable":true,"href":"https:\/\/www.europesays.com\/fr\/wp-json\/wp\/v2\/comments?post=378370"}],"version-history":[{"count":0,"href":"https:\/\/www.europesays.com\/fr\/wp-json\/wp\/v2\/posts\/378370\/revisions"}],"wp:featuredmedia":[{"embeddable":true,"href":"https:\/\/www.europesays.com\/fr\/wp-json\/wp\/v2\/media\/378371"}],"wp:attachment":[{"href":"https:\/\/www.europesays.com\/fr\/wp-json\/wp\/v2\/media?parent=378370"}],"wp:term":[{"taxonomy":"category","embeddable":true,"href":"https:\/\/www.europesays.com\/fr\/wp-json\/wp\/v2\/categories?post=378370"},{"taxonomy":"post_tag","embeddable":true,"href":"https:\/\/www.europesays.com\/fr\/wp-json\/wp\/v2\/tags?post=378370"}],"curies":[{"name":"wp","href":"https:\/\/api.w.org\/{rel}","templated":true}]}}