{"id":378381,"date":"2025-09-09T18:42:10","date_gmt":"2025-09-09T18:42:10","guid":{"rendered":"https:\/\/www.europesays.com\/fr\/378381\/"},"modified":"2025-09-09T18:42:10","modified_gmt":"2025-09-09T18:42:10","slug":"dans-une-galerie-dart-italienne-une-fillette-de-cinq-ans-monte-sur-une-sculpture-en-or-pour-dessiner-sur-un-tableau-estime-a-pres-de-200-000-euros","status":"publish","type":"post","link":"https:\/\/www.europesays.com\/fr\/378381\/","title":{"rendered":"Dans une galerie d\u2019art italienne, une fillette de cinq ans monte sur une sculpture en or pour dessiner sur un tableau estim\u00e9 \u00e0 pr\u00e8s de 200.000 euros"},"content":{"rendered":"<p>La famille de la fillette polonaise a pass\u00e9 un accord financier, qui n\u2019a pas \u00e9t\u00e9 d\u00e9voil\u00e9 publiquement, pour le d\u00e9dommagement des propri\u00e9taires de la galerie Orler de Jesolo.<\/p>\n<p class=\"fig-paragraph\">\u00abMalheureusement, malgr\u00e9 toute l\u2019attention port\u00e9e, ce genre d\u2019incident peut arriver\u00bb. Carlo Pecorelli pr\u00e9f\u00e8re garder son sang-froid face \u00e0 l\u2019incident qui a endommag\u00e9 une de ses \u0153uvres. Lundi 1er septembre, dans la galerie Orler, \u00e0 Jesolo, non loin de\u00a0<a href=\"http:\/\/www.lefigaro.fr\/voyages\/dossier\/venise\" target=\"_blank\" data-fig-type=\"Topic\" rel=\"noopener\" data-gtm-custom-categorie=\"navigation\" data-gtm-custom-action=\"crossclick\" data-gtm-custom-label=\"Contextuel\" data-gtm-event=\"customEventSPE\" data-fig-domain=\"LEFIGARO\">Venise\u00a0<\/a>(Italie), une fillette de cinq ans a accidentellement endommag\u00e9 Atena Dorata, une sculpture en or 24 carats de l\u2019artiste en forme d\u2019araign\u00e9e, estim\u00e9e \u00e0 30.000 euros. Apr\u00e8s avoir \u00e9t\u00e9 attir\u00e9e par une toile blanche d\u2019Enrico Castellani, \u00e9valu\u00e9e \u00e0 environ 200.000 euros, la fillette polonaise a \u00e9chapp\u00e9 \u00e0 la vigilance de sa m\u00e8re et a voulu dessiner sur le tableau.<\/p>\n<p class=\"fig-paragraph\">D\u2019apr\u00e8s le quotidien italien\u00a0<a href=\"https:\/\/corrieredelveneto.corriere.it\/notizie\/venezia-mestre\/cronaca\/25_settembre_05\/jesolo-bambina-danneggia-una-scultura-in-oro-da-30-mila-euro-per-tentare-di-disegnare-sulla-preziosa-tela-bianca-di-enrico-3f24ac45-b0c5-47f4-a9ae-a8d291ec5xlk.shtml?refresh_ce\" target=\"_blank\" rel=\"sponsored noopener\" data-gtm-custom-categorie=\"navigation\" data-gtm-custom-action=\"crossclick\" data-gtm-custom-label=\"Contextuel\" data-gtm-event=\"customEventSPE\">Corriere della Sera<\/a>, pour atteindre la toile, elle est mont\u00e9e sur la sculpture en or, provoquant le craquement d\u2019une des pattes de l\u2019araign\u00e9e. Les responsables de la galerie sont rapidement intervenus, \u00e9vitant d\u2019autres d\u00e9g\u00e2ts plus importants. L\u2019\u0153uvre a \u00e9t\u00e9 remplac\u00e9e temporairement et sera r\u00e9par\u00e9e par une entreprise sp\u00e9cialis\u00e9e, aux frais de l\u2019assurance.<\/p>\n<p>                                    <a class=\"fig-a11y-skip a11y-hidden\" href=\"#fig-a11y-skip-main-inarticle\"><br \/>\n        Passer la publicit\u00e9<br \/>\n    <\/a><\/p>\n<p>\u00abCe genre d\u2019incident peut arriver\u00bb<\/p>\n<p class=\"fig-paragraph\">\u00abElle doit \u00eatre refaite, soud\u00e9e, polie et retrouver sa dorure 24 carats. Ce sont des op\u00e9rations que je ne peux pas effectuer moi-m\u00eame, mais qui doivent \u00eatre confi\u00e9es \u00e0 une entreprise sp\u00e9cialis\u00e9e\u00bb, a d\u00e9taill\u00e9 Carlo Pecorelli au quotidien italien. \u00abTout compte fait, la situation aurait pu \u00eatre pire, car \u00e0 c\u00f4t\u00e9 de l\u2019\u0153uvre de Castellani se trouve une autre \u0153uvre d\u2019Alighiero Boetti, dont la valeur totale s\u2019\u00e9l\u00e8ve \u00e0 un demi-million d\u2019euros.\u00bb<\/p>\n<p class=\"fig-paragraph\">La Galerie Orler assure qu\u2019elle renforcera d\u00e9sormais la surveillance du public et a trouv\u00e9 un accord avec la famille de l\u2019enfant pour un d\u00e9dommagement dont le montant n\u2019a pas \u00e9t\u00e9 r\u00e9v\u00e9l\u00e9. \u00abMalheureusement, malgr\u00e9 toute l\u2019attention port\u00e9e, ce genre d\u2019incident peut arriver\u00bb, commente Pecorelli. \u00abDans toutes les expositions, petites ou grandes, et quelle que soit la valeur de l\u2019\u0153uvre, il faut une vigilance maximale et des syst\u00e8mes de protection adapt\u00e9s, comme des vitrines et des capteurs.\u00bb<\/p>\n","protected":false},"excerpt":{"rendered":"La famille de la fillette polonaise a pass\u00e9 un accord financier, qui n\u2019a pas \u00e9t\u00e9 d\u00e9voil\u00e9 publiquement, pour&hellip;\n","protected":false},"author":2,"featured_media":378382,"comment_status":"","ping_status":"","sticky":false,"template":"","format":"standard","meta":{"footnotes":""},"categories":[1358],"tags":[1348,1384,1385,1386,58,59,1011,27,452,3048],"class_list":{"0":"post-378381","1":"post","2":"type-post","3":"status-publish","4":"format-standard","5":"has-post-thumbnail","7":"category-arts-et-design","8":"tag-arts","9":"tag-arts-and-design","10":"tag-arts-et-design","11":"tag-design","12":"tag-divertissement","13":"tag-entertainment","14":"tag-fr","15":"tag-france","16":"tag-italie","17":"tag-musee"},"share_on_mastodon":{"url":"https:\/\/pubeurope.com\/@fr\/115175814179218196","error":""},"_links":{"self":[{"href":"https:\/\/www.europesays.com\/fr\/wp-json\/wp\/v2\/posts\/378381","targetHints":{"allow":["GET"]}}],"collection":[{"href":"https:\/\/www.europesays.com\/fr\/wp-json\/wp\/v2\/posts"}],"about":[{"href":"https:\/\/www.europesays.com\/fr\/wp-json\/wp\/v2\/types\/post"}],"author":[{"embeddable":true,"href":"https:\/\/www.europesays.com\/fr\/wp-json\/wp\/v2\/users\/2"}],"replies":[{"embeddable":true,"href":"https:\/\/www.europesays.com\/fr\/wp-json\/wp\/v2\/comments?post=378381"}],"version-history":[{"count":0,"href":"https:\/\/www.europesays.com\/fr\/wp-json\/wp\/v2\/posts\/378381\/revisions"}],"wp:featuredmedia":[{"embeddable":true,"href":"https:\/\/www.europesays.com\/fr\/wp-json\/wp\/v2\/media\/378382"}],"wp:attachment":[{"href":"https:\/\/www.europesays.com\/fr\/wp-json\/wp\/v2\/media?parent=378381"}],"wp:term":[{"taxonomy":"category","embeddable":true,"href":"https:\/\/www.europesays.com\/fr\/wp-json\/wp\/v2\/categories?post=378381"},{"taxonomy":"post_tag","embeddable":true,"href":"https:\/\/www.europesays.com\/fr\/wp-json\/wp\/v2\/tags?post=378381"}],"curies":[{"name":"wp","href":"https:\/\/api.w.org\/{rel}","templated":true}]}}