{"id":378383,"date":"2025-09-09T18:43:15","date_gmt":"2025-09-09T18:43:15","guid":{"rendered":"https:\/\/www.europesays.com\/fr\/378383\/"},"modified":"2025-09-09T18:43:15","modified_gmt":"2025-09-09T18:43:15","slug":"livre-francois-gueroultmagcentre","status":"publish","type":"post","link":"https:\/\/www.europesays.com\/fr\/378383\/","title":{"rendered":"Livre Fran\u00e7ois Gu\u00e9roultMagcentre"},"content":{"rendered":"<p>L\u2019\u00e9crivain, journaliste et historien orl\u00e9anais Fran\u00e7ois Gu\u00e9roult publie un nouveau roman historique, Trouble jeu, le dossier Harry Baur.<strong><br \/><\/strong><\/p>\n<p>Ce septi\u00e8me livre raconte la fin plus que troublante de l\u2019acteur-vedette des ann\u00e9es 30 <a href=\"https:\/\/www.telerama.fr\/cinema\/le-tragique-destin-dharry-baur,n6640174.php\" rel=\"nofollow noopener\" target=\"_blank\">Harry Baur,<\/a> li\u00e9 \u00e0 la collaboration en 1942.<\/p>\n<p>Un ouvrage que Fran\u00e7ois Gu\u00e9roult pr\u00e9sentera au cin\u00e9ma Les Carmes d\u2019Orl\u00e9ans le jeudi 25 septembre au cours d\u2019une soir\u00e9e Harry Baur. Celle-ci d\u00e9butera \u00e0 19h30 avec la projection du film \u00ab La t\u00eate d\u2019un homme \u00bb de Julien Duvivier.\u00a0<\/p>\n<p>\u00c0 noter aussi la pr\u00e9sence du c\u00e9l\u00e8bre critique de cin\u00e9ma fran\u00e7ais <a href=\"https:\/\/www.babelio.com\/auteur\/Pierre-Murat\/486781\" rel=\"nofollow noopener\" target=\"_blank\">Pierre Murat, <\/a>qui a r\u00e9dig\u00e9 la pr\u00e9face du livre. (\u00c9ditions Infimes)<\/p>\n<p><img fetchpriority=\"high\" decoding=\"async\" width=\"379\" height=\"620\" src=\"https:\/\/www.europesays.com\/fr\/wp-content\/uploads\/2025\/09\/trouble-jeu-le-doier-harry-baur-379x620.jpg\" alt=\"\" class=\"wp-image-346455\"  \/>\t\t\t\t\t\t\t\t\t\t<\/p>\n<p>\t\t\t\t\t\t\t\t\t\t\t<a class=\"gofollow\" data-track=\"NTM3LDMwLDEsNjA=\" href=\"https:\/\/2000emplois2000sourires.com\/\" target=\"_blank\" rel=\"nofollow noopener\"><img decoding=\"async\" src=\"https:\/\/www.europesays.com\/fr\/wp-content\/uploads\/2025\/09\/magcentrefr-l300x250.jpg\"\/><\/a>\t<\/p>\n<p>\t\t\t\t\t\t\t\t\t\t\tCat\u00e9gories:\u00a0<a href=\"https:\/\/www.magcentre.fr\/category\/magbreves\/\" rel=\"category tag nofollow noopener\" target=\"_blank\">Br\u00e8ves<\/a>\t\t\t\t\t\t\t\t\t\t\t\u00a0|\u00a0Tags:\u00a0<a href=\"https:\/\/www.magcentre.fr\/tag\/francois-gueroult\/\" rel=\"tag nofollow noopener\" target=\"_blank\">Fran\u00e7ois Gu\u00e9roult<\/a>,<a href=\"https:\/\/www.magcentre.fr\/tag\/harry-baur\/\" rel=\"tag nofollow noopener\" target=\"_blank\">Harry Baur<\/a>,<a href=\"https:\/\/www.magcentre.fr\/tag\/orleans-2\/\" rel=\"tag nofollow noopener\" target=\"_blank\">Orl\u00e9ans<\/a>,<a href=\"https:\/\/www.magcentre.fr\/tag\/pierre-murat\/\" rel=\"tag nofollow noopener\" target=\"_blank\">Pierre Murat<\/a><br \/>\n\t\t\t\t\t\t\t\t\t\t\t<br \/><a href=\"https:\/\/www.magcentre.fr\/346269-francois-gueroult-se-penche-sur-le-cas-harry-baur\/\" rel=\"bookmark nofollow noopener\" title=\"Lien Permanent: Fran\u00e7ois Gu\u00e9roult se penche sur le cas Harry Baur\" target=\"_blank\">Lien Permanent<\/a><br \/>\n\t\t\t\t\t\t\t\t\t\t\t\u00a0|\u00a0<a href=\"https:\/\/www.magcentre.fr\/346269-francois-gueroult-se-penche-sur-le-cas-harry-baur\/trackback\/\" rel=\"trackback nofollow noopener\" target=\"_blank\">Trackback<\/a>\t\t\t\t\t\t\t\t\t\t\t\u00a0|\u00a0<a href=\"https:\/\/www.magcentre.fr\/346269-francois-gueroult-se-penche-sur-le-cas-harry-baur\/feed\/\" rel=\"nofollow noopener\" target=\"_blank\">Flux RSS des commentaires<\/a>\t\t\t\t\t\t\t\t\t\t<\/p>\n","protected":false},"excerpt":{"rendered":"L\u2019\u00e9crivain, journaliste et historien orl\u00e9anais Fran\u00e7ois Gu\u00e9roult publie un nouveau roman historique, Trouble jeu, le dossier Harry Baur.&hellip;\n","protected":false},"author":2,"featured_media":378384,"comment_status":"","ping_status":"","sticky":false,"template":"","format":"standard","meta":{"footnotes":""},"categories":[1357],"tags":[1379,58,59,1011,27,1380],"class_list":{"0":"post-378383","1":"post","2":"type-post","3":"status-publish","4":"format-standard","5":"has-post-thumbnail","7":"category-livres","8":"tag-books","9":"tag-divertissement","10":"tag-entertainment","11":"tag-fr","12":"tag-france","13":"tag-livres"},"share_on_mastodon":{"url":"https:\/\/pubeurope.com\/@fr\/115175817956876045","error":""},"_links":{"self":[{"href":"https:\/\/www.europesays.com\/fr\/wp-json\/wp\/v2\/posts\/378383","targetHints":{"allow":["GET"]}}],"collection":[{"href":"https:\/\/www.europesays.com\/fr\/wp-json\/wp\/v2\/posts"}],"about":[{"href":"https:\/\/www.europesays.com\/fr\/wp-json\/wp\/v2\/types\/post"}],"author":[{"embeddable":true,"href":"https:\/\/www.europesays.com\/fr\/wp-json\/wp\/v2\/users\/2"}],"replies":[{"embeddable":true,"href":"https:\/\/www.europesays.com\/fr\/wp-json\/wp\/v2\/comments?post=378383"}],"version-history":[{"count":0,"href":"https:\/\/www.europesays.com\/fr\/wp-json\/wp\/v2\/posts\/378383\/revisions"}],"wp:featuredmedia":[{"embeddable":true,"href":"https:\/\/www.europesays.com\/fr\/wp-json\/wp\/v2\/media\/378384"}],"wp:attachment":[{"href":"https:\/\/www.europesays.com\/fr\/wp-json\/wp\/v2\/media?parent=378383"}],"wp:term":[{"taxonomy":"category","embeddable":true,"href":"https:\/\/www.europesays.com\/fr\/wp-json\/wp\/v2\/categories?post=378383"},{"taxonomy":"post_tag","embeddable":true,"href":"https:\/\/www.europesays.com\/fr\/wp-json\/wp\/v2\/tags?post=378383"}],"curies":[{"name":"wp","href":"https:\/\/api.w.org\/{rel}","templated":true}]}}