{"id":378387,"date":"2025-09-09T18:45:15","date_gmt":"2025-09-09T18:45:15","guid":{"rendered":"https:\/\/www.europesays.com\/fr\/378387\/"},"modified":"2025-09-09T18:45:15","modified_gmt":"2025-09-09T18:45:15","slug":"pour-le-groupe-de-rap-kneecap-le-soutien-a-la-palestine-a-grandi-actualites","status":"publish","type":"post","link":"https:\/\/www.europesays.com\/fr\/378387\/","title":{"rendered":"Pour le groupe de rap Kneecap, \u00ab\u00a0le soutien \u00e0 la Palestine a grandi\u00a0\u00bb : Actualit\u00e9s"},"content":{"rendered":"<p class=\"lead \">Leur soutien \u00e0 Gaza a propuls\u00e9 leur popularit\u00e9 mais a parfois fait d&rsquo;eux des parias : dans un entretien \u00e0 l&rsquo;AFP, le groupe de rap nord-irlandais Kneecap se f\u00e9licite que la d\u00e9fense des Palestiniens ait \u00ab\u00a0grandi\u00a0\u00bb et juge \u00ab\u00a0ridicule\u00a0\u00bb l&rsquo;enqu\u00eate antiterroriste qui vise l&rsquo;un de ses membres.<\/p>\n<p class=\"lead \">La renomm\u00e9e du trio, rencontr\u00e9 \u00e0 Paris avant un concert, a explos\u00e9 pendant l&rsquo;\u00e9t\u00e9 \u00e0 mesure qu&rsquo;enflait la controverse sur certaines de leurs prises de position, entre attention m\u00e9diatique et annulations de concerts.<\/p>\n<p class=\"lead \">\u00ab\u00a0Les gens disent que nous avons profit\u00e9 de \u00e7a et c&rsquo;est \u00e9vident qu&rsquo;il y a plus de personnes qui viennent aux concerts, ce qui conduit \u00e9videmment \u00e0 augmenter nos recettes\u00a0\u00bb, estime Mo Chara, 27 ans, de son vrai nom Liam O&rsquo;Hanna, un des rappeurs du trio.<\/p>\n<p class=\"lead \">\u00ab\u00a0Le fait est que nous n&rsquo;avons jamais chang\u00e9. C&rsquo;est le mouvement qui a chang\u00e9\u00a0\u00bb, ajoute-t-il. \u00ab\u00a0Le soutien \u00e0 la Palestine a grandi. Nous avons toujours eu un drapeau palestinien sur sc\u00e8ne, ou au moins nous en avons parl\u00e9 depuis nos d\u00e9buts\u00a0\u00bb.<\/p>\n<p class=\"lead \">Pour avoir brandi un drapeau du Hezbollah libanais, organisation interdite au Royaume-Uni, lors d&rsquo;un concert londonien en novembre 2024, Mo Chara est vis\u00e9 par une enqu\u00eate antiterroriste et doit de nouveau compara\u00eetre fin septembre \u00e0 Londres. Il lui est \u00e9galement reproch\u00e9 d&rsquo;avoir cri\u00e9 \u00ab\u00a0Allez le Hamas ! Allez le Hezbollah !\u00a0\u00bb. <\/p>\n<p class=\"lead \">Dans de pr\u00e9c\u00e9dentes interviews, le rappeur a affirm\u00e9 ignorer qu&rsquo;il s&rsquo;agissait d&rsquo;un drapeau du Hezbollah et a, plus globalement, clam\u00e9 que ses actes en tant qu&rsquo;artiste ne devraient pas \u00eatre pris au pied de la lettre.<\/p>\n<p class=\"lead \">&#8211; Go\u00fbt de la provocation &#8211;<\/p>\n<p class=\"lead \">Au cours de l&rsquo;\u00e9t\u00e9, plusieurs de leurs concerts en Allemagne et en Autriche ont \u00e9t\u00e9 annul\u00e9s, ils ont \u00e9t\u00e9 emp\u00each\u00e9s d&rsquo;entrer en Hongrie et ont renonc\u00e9 \u00e0 une tourn\u00e9e aux \u00c9tats-Unis. Le Premier ministre britannique Keir Starmer a, lui, demand\u00e9 en vain aux organisateurs du festival de Glastonbury de renoncer \u00e0 les faire jouer.<\/p>\n<p class=\"lead \">\u00ab\u00a0Ils veulent criminaliser le soutien \u00e0 la Palestine\u00a0\u00bb, d\u00e9nonce M\u00f3gla\u00ed Bap, le deuxi\u00e8me rappeur du groupe, qui se f\u00e9licite que les concerts de Kneecap soient, selon lui, devenus des \u00ab\u00a0espaces s\u00fbrs o\u00f9 les gens peuvent exprimer leurs opinions, notamment sur la Palestine\u00a0\u00bb.<\/p>\n<p class=\"lead \">Form\u00e9 \u00e0 Belfast en 2018, Kneecap a tr\u00e8s vite mani\u00e9 l&rsquo;art de la provocation et l&rsquo;engagement politique. <\/p>\n<p class=\"lead \">Le trio avait d&rsquo;abord attir\u00e9 l&rsquo;attention en rappant en irlandais et en d\u00e9non\u00e7ant la domination de la Grande-Bretagne en Irlande du Nord.<\/p>\n<p class=\"lead \">Plus r\u00e9cemment, Kneecap a d\u00e9clench\u00e9 une controverse apr\u00e8s la r\u00e9v\u00e9lation d&rsquo;une vid\u00e9o o\u00f9 l&rsquo;un des membres du groupe criait \u00ab\u00a0Tuez votre d\u00e9put\u00e9\u00a0\u00bb lors d&rsquo;un concert. Ils avaient \u00e9t\u00e9 contraints de s&rsquo;excuser aupr\u00e8s des familles de d\u00e9put\u00e9s assassin\u00e9s en Angleterre.<\/p>\n<p class=\"lead \">&#8211; \u00ab\u00a0Invisibilis\u00e9s\u00a0\u00bb &#8211;<\/p>\n<p class=\"lead \">En avril dernier, leur prestation lors du gigantesque festival am\u00e9ricain de Coachella avait fait pol\u00e9mique lorsqu&rsquo;ils avaient termin\u00e9 le concert en projetant les mots \u00ab\u00a0Fuck Israel, Free Palestine.\u00a0\u00bb<\/p>\n<p class=\"lead \">Selon eux, ces prises de position ont eu le m\u00e9rite d&rsquo;encourager les voix critiques sur la guerre \u00e0 Gaza, o\u00f9 plus de 60.000 personnes sont mortes depuis le d\u00e9but de la guerre, d\u00e9clench\u00e9e par une attaque sans pr\u00e9c\u00e9dent du Hamas contre Isra\u00ebl le 7 octobre 2023.<\/p>\n<p class=\"lead \">\u00ab\u00a0Il y a quelques ann\u00e9es, l&rsquo;id\u00e9e de brandir un drapeau palestinien dans certains pays europ\u00e9ens pouvait sembler intimidante pour les gens,\u00a0\u00bb estime Mo Chara.<\/p>\n<p class=\"lead \">\u00ab\u00a0Peut-\u00eatre qu&rsquo;il y a une sorte de stigmate qui s&rsquo;\u00e9loigne dans le fait de parler de \u00e7a (la cause palestinienne, ndlr)\u00a0\u00bb, poursuit-il. \u00ab\u00a0Il s&rsquo;agit de millions de personnes, c&rsquo;est un peuple qui a \u00e9t\u00e9 ignor\u00e9 par les m\u00e9dias. Ils sont invisibilis\u00e9s et on devrait faire comme s&rsquo;ils n&rsquo;existent pas\u00a0\u00bb.<\/p>\n<p class=\"lead \">Le chanteur croit, lui, que la proc\u00e9dure judiciaire intent\u00e9e contre lui au Royaume-Uni sera sans lendemain et que le groupe pourra de nouveau se produire partout o\u00f9 il le souhaite, y compris aux \u00c9tats-Unis.<\/p>\n<p class=\"lead \">\u00ab\u00a0Une fois l&rsquo;affaire termin\u00e9e &#8211; et elle sera bien s\u00fbr class\u00e9e, car elle est ridicule, nous reviendrons, bien s\u00fbr\u00a0\u00bb, estime Mo Chara.<\/p>\n<p class=\"small font-weight-bold text-gray3 \"> publi\u00e9 le 9 septembre \u00e0 18h48, AFP<\/p>\n<p>                             Partager<\/p>\n","protected":false},"excerpt":{"rendered":"Leur soutien \u00e0 Gaza a propuls\u00e9 leur popularit\u00e9 mais a parfois fait d&rsquo;eux des parias : dans un&hellip;\n","protected":false},"author":2,"featured_media":378388,"comment_status":"","ping_status":"","sticky":false,"template":"","format":"standard","meta":{"footnotes":""},"categories":[1355],"tags":[2120,58,59,1011,27,6228,516,3819,1361,873,7621,316,3616],"class_list":{"0":"post-378387","1":"post","2":"type-post","3":"status-publish","4":"format-standard","5":"has-post-thumbnail","7":"category-musique","8":"tag-conflit","9":"tag-divertissement","10":"tag-entertainment","11":"tag-fr","12":"tag-france","13":"tag-gb","14":"tag-irlande","15":"tag-isral","16":"tag-music","17":"tag-musique","18":"tag-palestiniens","19":"tag-politique","20":"tag-rap"},"share_on_mastodon":{"url":"https:\/\/pubeurope.com\/@fr\/115175825603282335","error":""},"_links":{"self":[{"href":"https:\/\/www.europesays.com\/fr\/wp-json\/wp\/v2\/posts\/378387","targetHints":{"allow":["GET"]}}],"collection":[{"href":"https:\/\/www.europesays.com\/fr\/wp-json\/wp\/v2\/posts"}],"about":[{"href":"https:\/\/www.europesays.com\/fr\/wp-json\/wp\/v2\/types\/post"}],"author":[{"embeddable":true,"href":"https:\/\/www.europesays.com\/fr\/wp-json\/wp\/v2\/users\/2"}],"replies":[{"embeddable":true,"href":"https:\/\/www.europesays.com\/fr\/wp-json\/wp\/v2\/comments?post=378387"}],"version-history":[{"count":0,"href":"https:\/\/www.europesays.com\/fr\/wp-json\/wp\/v2\/posts\/378387\/revisions"}],"wp:featuredmedia":[{"embeddable":true,"href":"https:\/\/www.europesays.com\/fr\/wp-json\/wp\/v2\/media\/378388"}],"wp:attachment":[{"href":"https:\/\/www.europesays.com\/fr\/wp-json\/wp\/v2\/media?parent=378387"}],"wp:term":[{"taxonomy":"category","embeddable":true,"href":"https:\/\/www.europesays.com\/fr\/wp-json\/wp\/v2\/categories?post=378387"},{"taxonomy":"post_tag","embeddable":true,"href":"https:\/\/www.europesays.com\/fr\/wp-json\/wp\/v2\/tags?post=378387"}],"curies":[{"name":"wp","href":"https:\/\/api.w.org\/{rel}","templated":true}]}}