{"id":378391,"date":"2025-09-09T18:47:11","date_gmt":"2025-09-09T18:47:11","guid":{"rendered":"https:\/\/www.europesays.com\/fr\/378391\/"},"modified":"2025-09-09T18:47:11","modified_gmt":"2025-09-09T18:47:11","slug":"la-cause-de-la-maladie-dalzheimer-pourrait-se-trouver-a-linterieur-de-votre-bouche","status":"publish","type":"post","link":"https:\/\/www.europesays.com\/fr\/378391\/","title":{"rendered":"La cause de la maladie d&rsquo;Alzheimer pourrait se trouver&#8230; \u00e0 l&rsquo;int\u00e9rieur de votre bouche"},"content":{"rendered":"<p class=\"mb-4 text-lg md:leading-8 break-words\">En France, environ 900 000 personnes souffrent de la maladie d&rsquo;Alzheimer. L&rsquo;\u00e2ge est le principal facteur d&rsquo;apparition de la maladie mais il existe des formes pr\u00e9coces qui peuvent se d\u00e9clarer chez des patients plus jeunes.<\/p>\n<p class=\"mb-4 text-lg md:leading-8 break-words\"><strong>LIRE AUSSI &gt;&gt;<\/strong> <a data-i13n=\"cpos:1;pos:1\" href=\"https:\/\/fr.news.yahoo.com\/a-25-ans-elle-se-plaint-de-douleurs-dentaires-les-medecins-evoquent-une-infection-des-sinus-elle-decede-dun-cancer-agressif-102136961.html\" data-ylk=\"slk:\u00c0 25 ans, elle se plaint de douleurs dentaires, les m\u00e9decins \u00e9voquent une infection des sinus... Elle d\u00e9c\u00e8de d&#039;un cancer agressif;cpos:1;pos:1;elm:context_link;itc:0;sec:content-canvas;outcm:mb_qualified_link;_E:mb_qualified_link;ct:story;\" class=\"link  yahoo-link\" target=\"_blank\" rel=\"noopener\">\u00c0 25 ans, elle se plaint de douleurs dentaires, les m\u00e9decins \u00e9voquent une infection des sinus&#8230; Elle d\u00e9c\u00e8de d&rsquo;un cancer agressif<\/a><\/p>\n<p class=\"mb-4 text-lg md:leading-8 break-words\">D&rsquo;apr\u00e8s les informations de <a data-i13n=\"cpos:2;pos:1\" href=\"https:\/\/institutducerveau.org\/fiches-maladies\/maladie-dalzheimer\/causes-maladie-dalzheimer\" rel=\"nofollow noopener\" target=\"_blank\" data-ylk=\"slk:l&#039;Institut du Cerveau;cpos:2;pos:1;elm:context_link;itc:0;sec:content-canvas\" class=\"link \">l&rsquo;Institut du Cerveau<\/a>, il existe des formes familiales de la maladie, caus\u00e9es par des mutations g\u00e9n\u00e9tiques extr\u00eamement rares. \u00ab\u00a0La tr\u00e8s large majorit\u00e9 des cas d\u2019Alzheimer sont dits sporadiques. Certains facteurs environnementaux ont aujourd\u2019hui \u00e9t\u00e9 identifi\u00e9s sans pour autant qu\u2019une relation causale ait \u00e9t\u00e9 clairement mise en \u00e9vidence. De m\u00eame, une pr\u00e9disposition g\u00e9n\u00e9tique peut aussi \u00eatre pr\u00e9sente\u00a0\u00bb.<\/p>\n<p>Une infection des gencives<\/p>\n<p class=\"mb-4 text-lg md:leading-8 break-words\">Depuis plusieurs ann\u00e9es, les chercheurs veulent d\u00e9terminer l&rsquo;origine de la maladie d&rsquo;Alzheimer afin de d\u00e9velopper de nouvelles approches th\u00e9rapeutiques. <a data-i13n=\"cpos:3;pos:1\" href=\"https:\/\/www.sciencealert.com\/the-cause-of-alzheimers-could-be-coming-from-within-your-mouth\" rel=\"nofollow noopener\" target=\"_blank\" data-ylk=\"slk:Une \u00e9tude,;cpos:3;pos:1;elm:context_link;itc:0;sec:content-canvas\" class=\"link \">Une \u00e9tude,<\/a> publi\u00e9e dans Science Advances, assure que l&rsquo;origine de cette pathologie pourrait se trouver&#8230; dans la bouche. En effet, les chercheurs ont identifi\u00e9 la pr\u00e9sence de Porphyromonas gingivalis \u2013 un agent pathog\u00e8ne \u00e0 l&rsquo;origine de la parodontite chronique &#8211; dans le cerveau des patients d\u00e9c\u00e9d\u00e9s de la maladie d&rsquo;Alzheimer.<\/p>\n<p class=\"mb-4 text-lg md:leading-8 break-words\">L&rsquo;auteur principal de cette \u00e9tude Jan Potempa, microbiologiste de l&rsquo;Universit\u00e9 de Louisville (\u00c9tats-Unis), assure qu&rsquo;il s&rsquo;agit des preuves les plus solides \u00e0 ce jour reliant l&rsquo;infection des gencives \u00e0 l&rsquo;apparition de la pathologie d&rsquo;Alzheimer. D&rsquo;autres recherches sont n\u00e9cessaires pour confirmer la causalit\u00e9.<\/p>\n<p>R\u00e9duire la charge bact\u00e9rienne<\/p>\n<p class=\"mb-4 text-lg md:leading-8 break-words\">D&rsquo;apr\u00e8s les conclusions de cette \u00e9tude, l\u2019\u00e9quipe a d\u00e9couvert que l\u2019infection buccale caus\u00e9e par P.gingivalis entra\u00eenait une colonisation bact\u00e9rienne du cerveau. Cette pr\u00e9sence a \u00e9galement d\u00e9clench\u00e9 la production de b\u00eata-amylo\u00efde, un fragment de prot\u00e9ine qui forme les plaques caract\u00e9ristiques de la maladie d&rsquo;Alzheimer.<\/p>\n<p class=\"mb-4 text-lg md:leading-8 break-words\">De plus, les chercheurs ont identifi\u00e9 des enzymes toxiques produites par la bact\u00e9rie, appel\u00e9es gingipa\u00efnes, dans les neurones des patients atteints de la maladie d&rsquo;Alzheimer. Dans le cadre de cette \u00e9tude, les chercheurs ont explor\u00e9 une piste th\u00e9rapeutique. Ainsi, ils ont constat\u00e9 qu&rsquo;un m\u00e9dicament sp\u00e9cifique permettait de bloquer les gingipa\u00efnes et de r\u00e9duire la charge bact\u00e9rienne. Gr\u00e2ce \u00e0 cela, ils ont constat\u00e9 une diminution de la production de b\u00eata-amylo\u00efde et une protection des neurones de l&rsquo;hippocampe.<\/p>\n<p class=\"mb-4 text-lg md:leading-8 break-words\"><strong>LIRE AUSSI &gt;&gt; <\/strong><a data-i13n=\"cpos:4;pos:1\" href=\"https:\/\/fr.news.yahoo.com\/alzheimer--un-simple-test-sanguin-pourrait-predire-le-risque-de-developper-une-forme-grave-de-la-maladie-135959474.html\" data-ylk=\"slk:Alzheimer : un simple test sanguin pourrait pr\u00e9dire le risque de d\u00e9velopper une forme grave de la maladie;cpos:4;pos:1;elm:context_link;itc:0;sec:content-canvas;outcm:mb_qualified_link;_E:mb_qualified_link;ct:story;\" class=\"link  yahoo-link\" target=\"_blank\" rel=\"noopener\">Alzheimer : un simple test sanguin pourrait pr\u00e9dire le risque de d\u00e9velopper une forme grave de la maladie<\/a><\/p>\n<p class=\"mb-4 text-lg md:leading-8 break-words\">Ces r\u00e9sultats rappellent l&rsquo;importance de prendre soin de sa bouche et de sa sant\u00e9 bucco-dentaire pour se prot\u00e9ger contre l&rsquo;apparition de certaines maladies. Pour prendre soin de sa bouche, il est conseill\u00e9 de se brosser les dents au moins deux fois par jour, de consulter un dentiste au moins une fois par an pour un bilan, de limiter au maximum la consommation de produits sucr\u00e9s. Autre conseil : \u00e9viter le tabac et l&rsquo;alcool et respecter une alimentation vari\u00e9e et \u00e9quilibr\u00e9e.<\/p>\n","protected":false},"excerpt":{"rendered":"En France, environ 900 000 personnes souffrent de la maladie d&rsquo;Alzheimer. L&rsquo;\u00e2ge est le principal facteur d&rsquo;apparition de&hellip;\n","protected":false},"author":2,"featured_media":378392,"comment_status":"","ping_status":"","sticky":false,"template":"","format":"standard","meta":{"footnotes":""},"categories":[10],"tags":[1011,27,72,51188,41370,51187,71],"class_list":{"0":"post-378391","1":"post","2":"type-post","3":"status-publish","4":"format-standard","5":"has-post-thumbnail","7":"category-sante","8":"tag-fr","9":"tag-france","10":"tag-health","11":"tag-infection-des-gencives","12":"tag-la-bouche","13":"tag-maladie-dalzheimer-2","14":"tag-sante"},"share_on_mastodon":{"url":"https:\/\/pubeurope.com\/@fr\/115175833359340409","error":""},"_links":{"self":[{"href":"https:\/\/www.europesays.com\/fr\/wp-json\/wp\/v2\/posts\/378391","targetHints":{"allow":["GET"]}}],"collection":[{"href":"https:\/\/www.europesays.com\/fr\/wp-json\/wp\/v2\/posts"}],"about":[{"href":"https:\/\/www.europesays.com\/fr\/wp-json\/wp\/v2\/types\/post"}],"author":[{"embeddable":true,"href":"https:\/\/www.europesays.com\/fr\/wp-json\/wp\/v2\/users\/2"}],"replies":[{"embeddable":true,"href":"https:\/\/www.europesays.com\/fr\/wp-json\/wp\/v2\/comments?post=378391"}],"version-history":[{"count":0,"href":"https:\/\/www.europesays.com\/fr\/wp-json\/wp\/v2\/posts\/378391\/revisions"}],"wp:featuredmedia":[{"embeddable":true,"href":"https:\/\/www.europesays.com\/fr\/wp-json\/wp\/v2\/media\/378392"}],"wp:attachment":[{"href":"https:\/\/www.europesays.com\/fr\/wp-json\/wp\/v2\/media?parent=378391"}],"wp:term":[{"taxonomy":"category","embeddable":true,"href":"https:\/\/www.europesays.com\/fr\/wp-json\/wp\/v2\/categories?post=378391"},{"taxonomy":"post_tag","embeddable":true,"href":"https:\/\/www.europesays.com\/fr\/wp-json\/wp\/v2\/tags?post=378391"}],"curies":[{"name":"wp","href":"https:\/\/api.w.org\/{rel}","templated":true}]}}