{"id":378395,"date":"2025-09-09T18:49:11","date_gmt":"2025-09-09T18:49:11","guid":{"rendered":"https:\/\/www.europesays.com\/fr\/378395\/"},"modified":"2025-09-09T18:49:11","modified_gmt":"2025-09-09T18:49:11","slug":"huit-ans-apres-origine-dan-brown-publie-son-nouvel-ouvrage-le-secret-des-secrets","status":"publish","type":"post","link":"https:\/\/www.europesays.com\/fr\/378395\/","title":{"rendered":"Huit ans apr\u00e8s Origine, Dan Brown publie son nouvel ouvrage Le Secret des secrets"},"content":{"rendered":"<p>Dans son dernier roman paru le 9 septembre, l\u2019\u00e9crivain am\u00e9ricain transporte son h\u00e9ros f\u00e9tiche Robert Langdon \u00e0 Prague. Selon l\u2019auteur, l\u2019intrigue m\u00ealera \u00ab courses-poursuites, r\u00e9flexions sur les neurosciences et mythologie scandinave\u00a0\u00bb.<\/p>\n<p class=\"fig-paragraph\">Le nouveau thriller \u00e9sot\u00e9rique de l&rsquo;Am\u00e9ricain\u00a0<a href=\"http:\/\/www.lefigaro.fr\/livres\/dan-brown-l-auteur-de-da-vinci-code-va-publier-un-nouveau-roman-en-septembre-20250130\" data-fig-type=\"NewsFlash\" data-gtm-custom-categorie=\"navigation\" data-gtm-custom-action=\"crossclick\" data-gtm-custom-label=\"Contextuel\" data-gtm-event=\"customEventSPE\" data-fig-domain=\"LEFIGARO\" target=\"_blank\" rel=\"noopener\">Dan Brown<\/a>, l&rsquo;auteur du ph\u00e9nom\u00e8ne\u00a0<a href=\"https:\/\/www.lefigaro.fr\/livres\/2017\/08\/28\/03005-20170828ARTFIG00125-isabelle-laffont-l-or-du-da-vinci-code.php\" data-fig-type=\"Article\" data-gtm-custom-categorie=\"navigation\" data-gtm-custom-action=\"crossclick\" data-gtm-custom-label=\"Contextuel\" data-gtm-event=\"customEventSPE\" data-fig-domain=\"LEFIGARO\" target=\"_blank\" rel=\"noopener\">Da Vinci Code<\/a>, est sorti le 9 septembre simultan\u00e9ment en 16 langues dans le monde, avec un tirage de 1,5 million d&rsquo;exemplaires aux\u00a0<a href=\"https:\/\/www.lefigaro.fr\/medias\/la-litterature-au-coeur-de-tensions-geopolitiques-entre-la-chine-et-les-etats-unis-20230425\" data-fig-type=\"Article\" data-gtm-custom-categorie=\"navigation\" data-gtm-custom-action=\"crossclick\" data-gtm-custom-label=\"Contextuel\" data-gtm-event=\"customEventSPE\" data-fig-domain=\"LEFIGARO\" target=\"_blank\" rel=\"noopener\">\u00c9tats-Unis<\/a>\u00a0et de 500.000 en France, selon son \u00e9diteur. Le Secret des secrets, qui compte pr\u00e8s de 700 pages en anglais et 640 en fran\u00e7ais, marque le retour de Dan Brown huit ans apr\u00e8s la publication de son\u00a0<a href=\"https:\/\/www.lefigaro.fr\/livres\/2016\/09\/29\/03005-20160929ARTFIG00102-le-futur-dan-brown-en-septembre-2017.php\" data-fig-type=\"Article\" data-gtm-custom-categorie=\"navigation\" data-gtm-custom-action=\"crossclick\" data-gtm-custom-label=\"Contextuel\" data-gtm-event=\"customEventSPE\" data-fig-domain=\"LEFIGARO\" target=\"_blank\" rel=\"noopener\">dernier roman, Origine<\/a> .<\/p>\n<p class=\"fig-paragraph\">C&rsquo;est le sixi\u00e8me tome des aventures du h\u00e9ros Robert Langdon, sp\u00e9cialiste des symboles \u00e9sot\u00e9riques. Elles se d\u00e9roulent \u00e0\u00a0<a href=\"http:\/\/www.lefigaro.fr\/sciences\/premier-voyage-europeen-de-l-australopitheque-lucy-bientot-exposee-a-prague-20250825\" data-fig-type=\"NewsFlash\" data-gtm-custom-categorie=\"navigation\" data-gtm-custom-action=\"crossclick\" data-gtm-custom-label=\"Contextuel\" data-gtm-event=\"customEventSPE\" data-fig-domain=\"LEFIGARO\" target=\"_blank\" rel=\"noopener\">Prague<\/a>, autour d&rsquo;un \u00ab\u00a0essai explosif sur la nature de la conscience humaine qui pourrait bouleverser des si\u00e8cles de croyances \u00e9tablies\u00a0\u00bb, selon\u00a0<a href=\"http:\/\/www.lefigaro.fr\/livres\/quand-le-reve-d-etre-publie-devient-realite-dans-les-coulisses-de-jc-lattes-20230818\" data-fig-type=\"Article\" data-gtm-custom-categorie=\"navigation\" data-gtm-custom-action=\"crossclick\" data-gtm-custom-label=\"Contextuel\" data-gtm-event=\"customEventSPE\" data-fig-domain=\"LEFIGARO\" target=\"_blank\" rel=\"noopener\">l&rsquo;\u00e9diteur fran\u00e7ais JC Latt\u00e8s<\/a>. Dan Brown a estim\u00e9 que Le Secret des secrets \u00e9tait \u00ab\u00a0de loin\u00a0\u00bb son roman \u00ab\u00a0le plus complexe, le plus ambitieux et aussi le plus divertissant\u00a0\u00bb. \u00ab\u00a0Nous nous attendons \u00e0 un excellent bouche \u00e0 oreille\u00a0\u00bb, a assur\u00e9 \u00e0 l&rsquo;AFP la PDG de JC Latt\u00e8s,\u00a0<a href=\"https:\/\/www.lefigaro.fr\/decideurs\/portraits\/2019\/02\/07\/33006-20190207ARTFIG00336-veronique-cardi-ouvre-un-nouveau-chapitre-aux-editions-jc-lattes.php\" data-fig-type=\"Article\" data-gtm-custom-categorie=\"navigation\" data-gtm-custom-action=\"crossclick\" data-gtm-custom-label=\"Contextuel\" data-gtm-event=\"customEventSPE\" data-fig-domain=\"LEFIGARO\" target=\"_blank\" rel=\"noopener\">V\u00e9ronique Cardi<\/a>, car le livre \u00ab\u00a0m\u00e9lange courses-poursuites, r\u00e9flexions sur les neurosciences et mythologie scandinave\u00a0\u00bb.<\/p>\n<p>                                    <a class=\"fig-a11y-skip a11y-hidden\" href=\"#fig-a11y-skip-main-inarticle\"><br \/>\n        Passer la publicit\u00e9<br \/>\n    <\/a><\/p>\n<p class=\"fig-paragraph\">Le tirage initial de 500.000 exemplaires repr\u00e9sente le plus important de l&rsquo;ann\u00e9e pour l&rsquo;\u00e9dition fran\u00e7aise, selon elle. Pour cette sortie simultan\u00e9e aux\u00a0<a href=\"https:\/\/www.lefigaro.fr\/livres\/2018\/06\/08\/03005-20180608ARTFIG00242-aux-etats-unis-des-livres-soumis-a-des-lecteurs-de-sensibilite.php\" data-fig-type=\"Article\" data-gtm-custom-categorie=\"navigation\" data-gtm-custom-action=\"crossclick\" data-gtm-custom-label=\"Contextuel\" data-gtm-event=\"customEventSPE\" data-fig-domain=\"LEFIGARO\" target=\"_blank\" rel=\"noopener\">\u00c9tats-Unis<\/a>, au\u00a0<a href=\"http:\/\/www.lefigaro.fr\/voyages\/selection\/dossier\/voyage-au-royaume-uni-nos-circuits-hotels-et-sejours-sur-mesure\" data-fig-type=\"Topic\" rel=\"sponsored noopener\" data-gtm-custom-categorie=\"navigation\" data-gtm-custom-action=\"crossclick\" data-gtm-custom-label=\"Contextuel\" data-gtm-event=\"customEventSPE\" data-fig-domain=\"LEFIGARO\" target=\"_blank\">Royaume-Uni<\/a>, en\u00a0<a href=\"http:\/\/www.lefigaro.fr\/international\/allemagne-un-depute-de-gauche-de-die-linke-remet-en-cause-le-drapeau-et-l-hymne-nationale-20250905\" data-fig-type=\"Article\" data-gtm-custom-categorie=\"navigation\" data-gtm-custom-action=\"crossclick\" data-gtm-custom-label=\"Contextuel\" data-gtm-event=\"customEventSPE\" data-fig-domain=\"LEFIGARO\" target=\"_blank\" rel=\"noopener\">Allemagne<\/a>\u00a0et en\u00a0<a href=\"http:\/\/www.lefigaro.fr\/conjoncture\/la-france-emprunte-aussi-cher-que-l-italie-comment-rome-a-assaini-ses-finances-publiques-20250909\" data-fig-type=\"Article\" data-gtm-custom-categorie=\"navigation\" data-gtm-custom-action=\"crossclick\" data-gtm-custom-label=\"Contextuel\" data-gtm-event=\"customEventSPE\" data-fig-domain=\"LEFIGARO\" target=\"_blank\" rel=\"noopener\">Italie<\/a>\u00a0notamment, une \u00ab\u00a0op\u00e9ration commando\u00a0\u00bb a \u00e9t\u00e9 men\u00e9e pour traduire et imprimer rapidement l&rsquo;ouvrage tout en \u00e9vitant toute fuite, a expliqu\u00e9 V\u00e9ronique Cardi. Les deux traducteurs en fran\u00e7ais ont travaill\u00e9 hors ligne et dans un lieu s\u00e9curis\u00e9 tandis que les trois imprimeurs ont \u00e9t\u00e9 soumis \u00e0 \u00ab\u00a0des clauses de confidentialit\u00e9 extr\u00eamement strictes\u00a0\u00bb.<\/p>\n<p>En s\u00e9ance d\u00e9dicace \u00e0 Paris en octobre<\/p>\n<p class=\"fig-paragraph\">Dan Brown, 61 ans, d\u00e9bute mardi 9 septembre \u00e0\u00a0<a href=\"http:\/\/www.lefigaro.fr\/voyages\/hotels\/new-york-l-hotel-the-mark-installe-un-court-de-tennis-sur-son-rooftop-pour-l-us-open-20250831\" data-fig-type=\"Article\" data-gtm-custom-categorie=\"navigation\" data-gtm-custom-action=\"crossclick\" data-gtm-custom-label=\"Contextuel\" data-gtm-event=\"customEventSPE\" data-fig-domain=\"LEFIGARO\" target=\"_blank\" rel=\"noopener\">New York\u00a0<\/a>une campagne de promotion d&rsquo;un mois qui le m\u00e8nera dans 12 pays. Il \u00e9changera avec des lecteurs \u00e0\u00a0<a href=\"http:\/\/www.lefigaro.fr\/arts-expositions\/parcours-des-mondes-2025-le-salon-international-fait-de-paris-la-capitale-des-arts-premiers-20250908\" data-fig-type=\"Article\" data-gtm-custom-categorie=\"navigation\" data-gtm-custom-action=\"crossclick\" data-gtm-custom-label=\"Contextuel\" data-gtm-event=\"customEventSPE\" data-fig-domain=\"LEFIGARO\" target=\"_blank\" rel=\"noopener\">Paris<\/a>\u00a0le 1er octobre au cours d&rsquo;une rencontre organis\u00e9e par la Fnac. Apr\u00e8s deux premiers livres pass\u00e9s relativement inaper\u00e7us, l&rsquo;auteur am\u00e9ricain, discret professeur de lyc\u00e9e, avait sign\u00e9 en 2003 l&rsquo;un des plus grands best-sellers de l&rsquo;histoire mondiale avec\u00a0<a href=\"https:\/\/www.lefigaro.fr\/cinema\/2015\/02\/18\/03002-20150218ARTFIG00072-omar-sy-rejoint-tom-hanks-dans-la-suite-de-da-vinci-code.php\" data-fig-type=\"Article\" data-gtm-custom-categorie=\"navigation\" data-gtm-custom-action=\"crossclick\" data-gtm-custom-label=\"Contextuel\" data-gtm-event=\"customEventSPE\" data-fig-domain=\"LEFIGARO\" target=\"_blank\" rel=\"noopener\">Da Vinci Code<\/a> .<\/p>\n<p class=\"fig-paragraph\">Avec une intrigue complexe autour de la suppos\u00e9e descendance de\u00a0<a href=\"http:\/\/www.lefigaro.fr\/actualite-france\/jean-christian-petitfils-la-sainte-tunique-d-argenteuil-a-bien-ete-portee-par-jesus-sur-le-chemin-de-croix-20250418\" data-fig-type=\"Article\" data-gtm-custom-categorie=\"navigation\" data-gtm-custom-action=\"crossclick\" data-gtm-custom-label=\"Contextuel\" data-gtm-event=\"customEventSPE\" data-fig-domain=\"LEFIGARO\" target=\"_blank\" rel=\"noopener\">J\u00e9sus<\/a>,\u00a0<a href=\"http:\/\/www.lefigaro.fr\/arts-expositions\/laurence-des-cars-c-est-tout-un-parcours-joconde-de-3000-metres-carres-qui-va-etre-propose-au-public-20250613\" data-fig-type=\"Article\" data-gtm-custom-categorie=\"navigation\" data-gtm-custom-action=\"crossclick\" data-gtm-custom-label=\"Contextuel\" data-gtm-event=\"customEventSPE\" data-fig-domain=\"LEFIGARO\" target=\"_blank\" rel=\"noopener\">la Joconde<\/a>\u00a0et la\u00a0<a href=\"http:\/\/www.lefigaro.fr\/faits-divers\/franc-maconnerie-complots-et-crimes-derriere-l-assassinat-du-pilote-laurent-pasquali-la-derive-sanglante-de-freres-de-la-loge-athanor-20250816\" data-fig-type=\"Article\" data-gtm-custom-categorie=\"navigation\" data-gtm-custom-action=\"crossclick\" data-gtm-custom-label=\"Contextuel\" data-gtm-event=\"customEventSPE\" data-fig-domain=\"LEFIGARO\" target=\"_blank\" rel=\"noopener\">franc-ma\u00e7onnerie<\/a>, le romancier s&rsquo;\u00e9tait attir\u00e9 l&rsquo;admiration de millions de fans, mais aussi les critiques d&rsquo;\u00e9rudits pour lesquels ses romans sont truff\u00e9s d&rsquo;erreurs et de non-sens. L&rsquo;\u00e9diteur am\u00e9ricain Penguin Random House revendique pour Dan Brown \u00ab\u00a0plus de 250 millions d&rsquo;exemplaires\u00a0\u00bb en 56 langues.<\/p>\n","protected":false},"excerpt":{"rendered":"Dans son dernier roman paru le 9 septembre, l\u2019\u00e9crivain am\u00e9ricain transporte son h\u00e9ros f\u00e9tiche Robert Langdon \u00e0 Prague.&hellip;\n","protected":false},"author":2,"featured_media":378396,"comment_status":"","ping_status":"","sticky":false,"template":"","format":"standard","meta":{"footnotes":""},"categories":[8],"tags":[24340,58,59,1011,27,2004],"class_list":{"0":"post-378395","1":"post","2":"type-post","3":"status-publish","4":"format-standard","5":"has-post-thumbnail","7":"category-divertissement","8":"tag-dan-brown","9":"tag-divertissement","10":"tag-entertainment","11":"tag-fr","12":"tag-france","13":"tag-roman"},"share_on_mastodon":{"url":"https:\/\/pubeurope.com\/@fr\/115175841221039582","error":""},"_links":{"self":[{"href":"https:\/\/www.europesays.com\/fr\/wp-json\/wp\/v2\/posts\/378395","targetHints":{"allow":["GET"]}}],"collection":[{"href":"https:\/\/www.europesays.com\/fr\/wp-json\/wp\/v2\/posts"}],"about":[{"href":"https:\/\/www.europesays.com\/fr\/wp-json\/wp\/v2\/types\/post"}],"author":[{"embeddable":true,"href":"https:\/\/www.europesays.com\/fr\/wp-json\/wp\/v2\/users\/2"}],"replies":[{"embeddable":true,"href":"https:\/\/www.europesays.com\/fr\/wp-json\/wp\/v2\/comments?post=378395"}],"version-history":[{"count":0,"href":"https:\/\/www.europesays.com\/fr\/wp-json\/wp\/v2\/posts\/378395\/revisions"}],"wp:featuredmedia":[{"embeddable":true,"href":"https:\/\/www.europesays.com\/fr\/wp-json\/wp\/v2\/media\/378396"}],"wp:attachment":[{"href":"https:\/\/www.europesays.com\/fr\/wp-json\/wp\/v2\/media?parent=378395"}],"wp:term":[{"taxonomy":"category","embeddable":true,"href":"https:\/\/www.europesays.com\/fr\/wp-json\/wp\/v2\/categories?post=378395"},{"taxonomy":"post_tag","embeddable":true,"href":"https:\/\/www.europesays.com\/fr\/wp-json\/wp\/v2\/tags?post=378395"}],"curies":[{"name":"wp","href":"https:\/\/api.w.org\/{rel}","templated":true}]}}