{"id":378407,"date":"2025-09-09T18:55:12","date_gmt":"2025-09-09T18:55:12","guid":{"rendered":"https:\/\/www.europesays.com\/fr\/378407\/"},"modified":"2025-09-09T18:55:12","modified_gmt":"2025-09-09T18:55:12","slug":"le-professeur-ne-fait-plus-cours","status":"publish","type":"post","link":"https:\/\/www.europesays.com\/fr\/378407\/","title":{"rendered":"le professeur ne fait plus cours"},"content":{"rendered":"<p>Au lendemain de l\u2019annonce dans nos colonnes de l\u2019arrestation d\u2019un professeur du lyc\u00e9e priv\u00e9 T\u00e9zenas du Montcel \u00e0 Saint-Etienne le mercredi 3\u00a0septembre, l\u2019\u00e9motion reste vive au sein de la communaut\u00e9 scolaire. Les faits reproch\u00e9s \u00e0 cet enseignant d\u2019histoire-g\u00e9ographie, \u00e2g\u00e9 d\u2019une soixantaine d\u2019ann\u00e9es, sont graves. D\u2019apr\u00e8s nos informations, un signalement faisant \u00e9tat d\u2019agressions sexuelles et viols et remontant au d\u00e9but des ann\u00e9es 2000 alors qu\u2019il travaillait au lyc\u00e9e Sainte-Marie\/La Grand\u2019Grange a conduit les forces de l\u2019ordre \u00e0 l\u2019interpeller et \u00e0 proc\u00e9der \u00e0 des perquisitions \u00e0 son domicile ainsi que dans son dernier \u00e9tablissement de travail.<\/p>\n<p>Contact\u00e9 par nos soins, Bruno Prang\u00e9,&#8230;<\/p>\n","protected":false},"excerpt":{"rendered":"Au lendemain de l\u2019annonce dans nos colonnes de l\u2019arrestation d\u2019un professeur du lyc\u00e9e priv\u00e9 T\u00e9zenas du Montcel \u00e0&hellip;\n","protected":false},"author":2,"featured_media":378408,"comment_status":"","ping_status":"","sticky":false,"template":"","format":"standard","meta":{"footnotes":""},"categories":[9653],"tags":[1111,11,2430,3599,271,272,7539,1057,1777,674,274,107,1011,27,3367,12,25,4001,7538,104],"class_list":{"0":"post-378407","1":"post","2":"type-post","3":"status-publish","4":"format-standard","5":"has-post-thumbnail","7":"category-saint-etienne","8":"tag-actu","9":"tag-actualites","10":"tag-auvergne-rhone-alpes","11":"tag-college-lycee","12":"tag-crime","13":"tag-delit-et-contravention","14":"tag-edition-loire-sud","15":"tag-education","16":"tag-eu","17":"tag-europe","18":"tag-faits-divers-justice","19":"tag-fil-info","20":"tag-fr","21":"tag-france","22":"tag-loire","23":"tag-news","24":"tag-republique-francaise","25":"tag-saint-etienne","26":"tag-saint-etienne-ville","27":"tag-societe"},"share_on_mastodon":{"url":"https:\/\/pubeurope.com\/@fr\/115175864693025583","error":""},"_links":{"self":[{"href":"https:\/\/www.europesays.com\/fr\/wp-json\/wp\/v2\/posts\/378407","targetHints":{"allow":["GET"]}}],"collection":[{"href":"https:\/\/www.europesays.com\/fr\/wp-json\/wp\/v2\/posts"}],"about":[{"href":"https:\/\/www.europesays.com\/fr\/wp-json\/wp\/v2\/types\/post"}],"author":[{"embeddable":true,"href":"https:\/\/www.europesays.com\/fr\/wp-json\/wp\/v2\/users\/2"}],"replies":[{"embeddable":true,"href":"https:\/\/www.europesays.com\/fr\/wp-json\/wp\/v2\/comments?post=378407"}],"version-history":[{"count":0,"href":"https:\/\/www.europesays.com\/fr\/wp-json\/wp\/v2\/posts\/378407\/revisions"}],"wp:featuredmedia":[{"embeddable":true,"href":"https:\/\/www.europesays.com\/fr\/wp-json\/wp\/v2\/media\/378408"}],"wp:attachment":[{"href":"https:\/\/www.europesays.com\/fr\/wp-json\/wp\/v2\/media?parent=378407"}],"wp:term":[{"taxonomy":"category","embeddable":true,"href":"https:\/\/www.europesays.com\/fr\/wp-json\/wp\/v2\/categories?post=378407"},{"taxonomy":"post_tag","embeddable":true,"href":"https:\/\/www.europesays.com\/fr\/wp-json\/wp\/v2\/tags?post=378407"}],"curies":[{"name":"wp","href":"https:\/\/api.w.org\/{rel}","templated":true}]}}