{"id":378413,"date":"2025-09-09T18:58:29","date_gmt":"2025-09-09T18:58:29","guid":{"rendered":"https:\/\/www.europesays.com\/fr\/378413\/"},"modified":"2025-09-09T18:58:29","modified_gmt":"2025-09-09T18:58:29","slug":"voici-les-lignes-sncf-concernees","status":"publish","type":"post","link":"https:\/\/www.europesays.com\/fr\/378413\/","title":{"rendered":"voici les lignes SNCF concern\u00e9es"},"content":{"rendered":"<p>            Par<br \/>\n        <strong><br \/>\n            <a href=\"https:\/\/actu.fr\/auteur\/pierre-emile-bouchy-actu-fr\" title=\"Consulter tous les articles de Paul-Emile Bouchy\" target=\"_blank\" rel=\"noopener\">Paul-Emile Bouchy<\/a><br \/>\n        <\/strong><\/p>\n<p>        Publi\u00e9 le<\/p>\n<p>            9 sept. 2025 \u00e0 18h16        <\/p>\n<p>Alors que le gouvernement de <a href=\"https:\/\/actu.fr\/tag\/francois-bayrou\" target=\"_blank\" rel=\"noopener\">Fran\u00e7ois Bayrou<\/a> a chut\u00e9 \u00e0 la suite du <a href=\"https:\/\/actu.fr\/politique\/vote-de-confiance-sans-surprise-francois-bayrou-se-fait-balayer-par-les-deputes-et-prend-la-porte_63128564.html\" target=\"_blank\" rel=\"noopener\">rejet du vote de confiance par les d\u00e9put\u00e9s<\/a>, <strong>la mobilisation \u00ab\u00a0Bloquons tout\u00a0\u00bb ce mercredi 10 septembre<\/strong> ne faiblit pas et de nombreuses <a href=\"https:\/\/actu.fr\/tag\/manifestations\" target=\"_blank\" rel=\"noopener\">manifestations<\/a> vont avoir lieu en France comme \u00e0 <a href=\"https:\/\/actu.fr\/grand-est\/metz_57463\/blocage-du-10-septembre-voici-un-gros-recapitulatif-de-tout-ce-qui-est-prevu-a-metz_63134543.html\" target=\"_blank\" rel=\"noopener\">Metz<\/a> (Moselle) et \u00e0 <a href=\"https:\/\/actu.fr\/grand-est\/nancy_54395\/bloquons-tout-le-10-septembre-voici-l-heure-et-le-parcours-de-la-manifestation-a-nancy-ce-mercredi_63135265.html\" target=\"_blank\" rel=\"noopener\">Nancy<\/a> (Meurthe-et-Moselle).<\/p>\n<p class=\" wall-content\"><strong>Cet appel \u00e0 la gr\u00e8ve g\u00e9n\u00e9rale<\/strong> est suivie au sein de la <a href=\"https:\/\/actu.fr\/tag\/sncf\" target=\"_blank\" rel=\"noopener\">SNCF<\/a> en Lorraine, o\u00f9 les perturbations seront plus importantes qu\u2019<a href=\"https:\/\/actu.fr\/societe\/blocage-du-10-septembre-le-trafic-sncf-perturbe-en-alsace-voici-les-lignes-concernees_63137618.html\" target=\"_blank\" rel=\"noopener\">en Alsace<\/a>. On fait le point.<\/p>\n<p>17 lignes TER perturb\u00e9es en Lorraine<\/p>\n<p class=\" wall-content\">Sur son site, la SNCF indique que les perturbations vont concerner <strong>les lignes suivantes<\/strong> :<\/p>\n<ul class=\" wall-content\">\n<li>Ligne 01A Nancy Pont-\u00e0-Mousson Pagny-sur-Moselle Metz<\/li>\n<li>Ligne 01B Metz Hagondange Thionville Luxembourg<\/li>\n<li>Ligne 04 Nancy \u00c9pinal Remiremont<\/li>\n<li>Ligne 06A Nancy Pont-Saint-Vincent<\/li>\n<li>Ligne 07 Nancy Toul Neufch\u00e2teau Dijon<\/li>\n<li>Ligne 11 Nancy Saint-Di\u00e9-des-Vosges<\/li>\n<li>Ligne 12 Nancy Blainville-Damelevi\u00e8res Lun\u00e9ville<\/li>\n<li>Ligne 13 \u00c9pinal Saint-Di\u00e9-des-Vosges<\/li>\n<li>Ligne L15 Metz R\u00e9milly Forbach Sarrebruck : aucune circulation<\/li>\n<li>Ligne 24 Nancy Sarrebourg Strasbourg<\/li>\n<li>Ligne 25 Nancy Conflans-Jarny Longwy : aucune circulation<\/li>\n<li>Ligne 26A Longwy Longuyon Charleville-M\u00e9zi\u00e8res : aucune circulation<\/li>\n<li>Ligne 26B Longwy Luxembourg<\/li>\n<li>Ligne 27 Thionville Longuyon Longwy : aucune circulation<\/li>\n<li>Ligne 29A Nancy Toul Bar-le-Duc Revigny<\/li>\n<li>Ligne 29B Nancy Toul<\/li>\n<li>Ligne 30 Metz Hagondange Conflans-Jarny Verdun<\/li>\n<\/ul>\n<p class=\" wall-content\">Pour avoir le d\u00e9tail des perturbations, rendez-vous sur le\u00a0<a href=\"https:\/\/www.ter.sncf.com\/grand-est\/se-deplacer\/info-trafic\/greve\" target=\"_blank\" rel=\"noopener\">site de la SNCF<\/a>.<\/p>\n<p class=\" wall-content\">Personnalisez votre actualit\u00e9 en ajoutant vos villes et m\u00e9dias en favori avec <a href=\"https:\/\/moncompte.actu.fr\" title=\"D\u00e9couvez Mon Actu\" rel=\"nofollow noopener\" data-trk=\"{&quot;cta&quot;:{&quot;action&quot;:&quot;https:\\\/\\\/moncompte.actu.fr&quot;,&quot;category&quot;:&quot;mon compte&quot;,&quot;from&quot;:&quot;article footer&quot;,&quot;name&quot;:&quot;Mon actu&quot;,&quot;type&quot;:&quot;cta&quot;}}\" target=\"_blank\">Mon Actu<\/a>.<\/p>\n","protected":false},"excerpt":{"rendered":"Par Paul-Emile Bouchy Publi\u00e9 le 9 sept. 2025 \u00e0 18h16 Alors que le gouvernement de Fran\u00e7ois Bayrou a&hellip;\n","protected":false},"author":2,"featured_media":378414,"comment_status":"","ping_status":"","sticky":false,"template":"","format":"standard","meta":{"footnotes":""},"categories":[9635],"tags":[1111,11,1777,674,1011,27,775,6151,803,1702,12,25,2215,104],"class_list":{"0":"post-378413","1":"post","2":"type-post","3":"status-publish","4":"format-standard","5":"has-post-thumbnail","7":"category-nancy","8":"tag-actu","9":"tag-actualites","10":"tag-eu","11":"tag-europe","12":"tag-fr","13":"tag-france","14":"tag-grand-est","15":"tag-greve","16":"tag-info-trafic","17":"tag-nancy","18":"tag-news","19":"tag-republique-francaise","20":"tag-sncf","21":"tag-societe"},"share_on_mastodon":{"url":"https:\/\/pubeurope.com\/@fr\/115175876583599462","error":""},"_links":{"self":[{"href":"https:\/\/www.europesays.com\/fr\/wp-json\/wp\/v2\/posts\/378413","targetHints":{"allow":["GET"]}}],"collection":[{"href":"https:\/\/www.europesays.com\/fr\/wp-json\/wp\/v2\/posts"}],"about":[{"href":"https:\/\/www.europesays.com\/fr\/wp-json\/wp\/v2\/types\/post"}],"author":[{"embeddable":true,"href":"https:\/\/www.europesays.com\/fr\/wp-json\/wp\/v2\/users\/2"}],"replies":[{"embeddable":true,"href":"https:\/\/www.europesays.com\/fr\/wp-json\/wp\/v2\/comments?post=378413"}],"version-history":[{"count":0,"href":"https:\/\/www.europesays.com\/fr\/wp-json\/wp\/v2\/posts\/378413\/revisions"}],"wp:featuredmedia":[{"embeddable":true,"href":"https:\/\/www.europesays.com\/fr\/wp-json\/wp\/v2\/media\/378414"}],"wp:attachment":[{"href":"https:\/\/www.europesays.com\/fr\/wp-json\/wp\/v2\/media?parent=378413"}],"wp:term":[{"taxonomy":"category","embeddable":true,"href":"https:\/\/www.europesays.com\/fr\/wp-json\/wp\/v2\/categories?post=378413"},{"taxonomy":"post_tag","embeddable":true,"href":"https:\/\/www.europesays.com\/fr\/wp-json\/wp\/v2\/tags?post=378413"}],"curies":[{"name":"wp","href":"https:\/\/api.w.org\/{rel}","templated":true}]}}