{"id":378422,"date":"2025-09-09T19:03:09","date_gmt":"2025-09-09T19:03:09","guid":{"rendered":"https:\/\/www.europesays.com\/fr\/378422\/"},"modified":"2025-09-09T19:03:09","modified_gmt":"2025-09-09T19:03:09","slug":"cette-route-tres-empruntee-sera-fermee-pendant-six-nuits-a-partir-du-10-septembre","status":"publish","type":"post","link":"https:\/\/www.europesays.com\/fr\/378422\/","title":{"rendered":"cette route tr\u00e8s emprunt\u00e9e sera ferm\u00e9e pendant six nuits \u00e0 partir du 10 septembre"},"content":{"rendered":"<p>            Par<br \/>\n        <strong><br \/>\n            <a href=\"https:\/\/actu.fr\/auteur\/julien-bouteiller\" title=\"Consulter tous les articles de Julien Bouteiller\" target=\"_blank\" rel=\"noopener\">Julien Bouteiller<\/a><br \/>\n        <\/strong><\/p>\n<p>        Publi\u00e9 le<\/p>\n<p>            9 sept. 2025 \u00e0 20h24        <\/p>\n<p>Les automobilistes de la r\u00e9gion rouennaise y sont maintenant habitu\u00e9s. Une partie de la <a href=\"https:\/\/actu.fr\/tag\/sud-3-rouen\" target=\"_blank\" rel=\"noopener\">Sud 3<\/a> <strong>va \u00eatre ferm\u00e9e durant six nuits<\/strong> \u00e0 partir du 10\u00a0septembre 2025.<\/p>\n<p>Une partie de la Sud 3 ferm\u00e9e<\/p>\n<p class=\" wall-content\">Sans surprise, c\u2019est une encore une fois <a href=\"https:\/\/actu.fr\/normandie\/rouen_76540\/le-pont-flaubert-de-rouen-va-bientot-etre-relie-en-partie-a-la-sud-3-on-vous-dit-quand_62532972.html\" target=\"_blank\" rel=\"noopener\">le chantier des nouveaux acc\u00e8s au pont Flaubert<\/a> qui n\u00e9cessitent cette fermeture partielle de la N338.<\/p>\n<p class=\" wall-content\"><strong>Ainsi, du mercredi\u00a010 au vendredi 19\u00a0septembre, de 21\u2009h \u00e0 6\u2009h<\/strong>, la partie entre la sortie Petit-Quevilly et le rond-point de la Motte sera ferm\u00e9e \u00e0 la circulation dans le sens de Caen vers Rouen.<\/p>\n<p class=\" wall-content\">Par cons\u00e9quent, les automobilistes devront emprunter <strong>une d\u00e9viation par les avenues Jean-Jaur\u00e8s et de Caen<\/strong>. Vous voil\u00e0 pr\u00e9venus\u2009!<\/p>\n<p>Suivez l\u2019actualit\u00e9 de Rouen <a href=\"https:\/\/www.whatsapp.com\/channel\/0029VaKfnf99hXF2ddApFB1D\" target=\"_blank\" rel=\"noopener\">sur notre cha\u00eene WhatsApp<\/a> et <a href=\"https:\/\/www.tiktok.com\/@76actu.fr?lang=fr\" target=\"_blank\" rel=\"noopener\">sur notre compte TikTok<\/a><\/p>\n<p class=\" wall-content\">Personnalisez votre actualit\u00e9 en ajoutant vos villes et m\u00e9dias en favori avec <a href=\"https:\/\/moncompte.actu.fr\" title=\"D\u00e9couvez Mon Actu\" rel=\"nofollow noopener\" data-trk=\"{&quot;cta&quot;:{&quot;action&quot;:&quot;https:\\\/\\\/moncompte.actu.fr&quot;,&quot;category&quot;:&quot;mon compte&quot;,&quot;from&quot;:&quot;article footer&quot;,&quot;name&quot;:&quot;Mon actu&quot;,&quot;type&quot;:&quot;cta&quot;}}\" target=\"_blank\">Mon Actu<\/a>.<\/p>\n<p>                    <script async src=\"\/\/www.tiktok.com\/embed.js\"><\/script><\/p>\n","protected":false},"excerpt":{"rendered":"Par Julien Bouteiller Publi\u00e9 le 9 sept. 2025 \u00e0 20h24 Les automobilistes de la r\u00e9gion rouennaise y sont&hellip;\n","protected":false},"author":2,"featured_media":378423,"comment_status":"","ping_status":"","sticky":false,"template":"","format":"standard","meta":{"footnotes":""},"categories":[9587],"tags":[1111,11,1777,674,1011,27,803,12,5161,25,9590,104,3941,2086],"class_list":{"0":"post-378422","1":"post","2":"type-post","3":"status-publish","4":"format-standard","5":"has-post-thumbnail","7":"category-rouen","8":"tag-actu","9":"tag-actualites","10":"tag-eu","11":"tag-europe","12":"tag-fr","13":"tag-france","14":"tag-info-trafic","15":"tag-news","16":"tag-normandie","17":"tag-republique-francaise","18":"tag-rouen","19":"tag-societe","20":"tag-sud-3-rouen","21":"tag-travaux"},"share_on_mastodon":{"url":"https:\/\/pubeurope.com\/@fr\/115175896178424118","error":""},"_links":{"self":[{"href":"https:\/\/www.europesays.com\/fr\/wp-json\/wp\/v2\/posts\/378422","targetHints":{"allow":["GET"]}}],"collection":[{"href":"https:\/\/www.europesays.com\/fr\/wp-json\/wp\/v2\/posts"}],"about":[{"href":"https:\/\/www.europesays.com\/fr\/wp-json\/wp\/v2\/types\/post"}],"author":[{"embeddable":true,"href":"https:\/\/www.europesays.com\/fr\/wp-json\/wp\/v2\/users\/2"}],"replies":[{"embeddable":true,"href":"https:\/\/www.europesays.com\/fr\/wp-json\/wp\/v2\/comments?post=378422"}],"version-history":[{"count":0,"href":"https:\/\/www.europesays.com\/fr\/wp-json\/wp\/v2\/posts\/378422\/revisions"}],"wp:featuredmedia":[{"embeddable":true,"href":"https:\/\/www.europesays.com\/fr\/wp-json\/wp\/v2\/media\/378423"}],"wp:attachment":[{"href":"https:\/\/www.europesays.com\/fr\/wp-json\/wp\/v2\/media?parent=378422"}],"wp:term":[{"taxonomy":"category","embeddable":true,"href":"https:\/\/www.europesays.com\/fr\/wp-json\/wp\/v2\/categories?post=378422"},{"taxonomy":"post_tag","embeddable":true,"href":"https:\/\/www.europesays.com\/fr\/wp-json\/wp\/v2\/tags?post=378422"}],"curies":[{"name":"wp","href":"https:\/\/api.w.org\/{rel}","templated":true}]}}