{"id":378426,"date":"2025-09-09T19:05:21","date_gmt":"2025-09-09T19:05:21","guid":{"rendered":"https:\/\/www.europesays.com\/fr\/378426\/"},"modified":"2025-09-09T19:05:21","modified_gmt":"2025-09-09T19:05:21","slug":"la-compagnie-ctc-anime-des-ateliers-de-danse-inclusifs-tous-les-lundis","status":"publish","type":"post","link":"https:\/\/www.europesays.com\/fr\/378426\/","title":{"rendered":"La compagnie CTC anime des ateliers de danse inclusifs tous les lundis"},"content":{"rendered":"<p>Depuis ce lundi 8\u00a0septembre, la compagnie grenobloise de danse CTC anime des ateliers D\u2019hand\u2019ser \u00e0 Fontaine. Ces cours ouverts \u00e0 tous, tant aux personnes en situation de handicap qu\u2019aux personnes valides, auront pour objectif de cr\u00e9er un espace inclusif dans lequel la danse est accessible \u00e0 tous. Rendez-vous est donn\u00e9 aux personnes int\u00e9ress\u00e9es tous les lundis de 10 heures \u00e0 midi \u00e0 la Maison des associations Nelson-Mandela (30, rue de la Libert\u00e9).<\/p>\n","protected":false},"excerpt":{"rendered":"Depuis ce lundi 8\u00a0septembre, la compagnie grenobloise de danse CTC anime des ateliers D\u2019hand\u2019ser \u00e0 Fontaine. Ces cours&hellip;\n","protected":false},"author":2,"featured_media":378427,"comment_status":"","ping_status":"","sticky":false,"template":"","format":"standard","meta":{"footnotes":""},"categories":[9566],"tags":[1111,11,2430,1687,112,1777,674,9592,11680,1011,27,2731,12,25],"class_list":{"0":"post-378426","1":"post","2":"type-post","3":"status-publish","4":"format-standard","5":"has-post-thumbnail","7":"category-grenoble","8":"tag-actu","9":"tag-actualites","10":"tag-auvergne-rhone-alpes","11":"tag-culture-loisirs","12":"tag-edition-grenoble-agglomeration","13":"tag-eu","14":"tag-europe","15":"tag-fontaine","16":"tag-fontaine-bassin","17":"tag-fr","18":"tag-france","19":"tag-grenoble","20":"tag-news","21":"tag-republique-francaise"},"share_on_mastodon":{"url":"https:\/\/pubeurope.com\/@fr\/115175904051823054","error":""},"_links":{"self":[{"href":"https:\/\/www.europesays.com\/fr\/wp-json\/wp\/v2\/posts\/378426","targetHints":{"allow":["GET"]}}],"collection":[{"href":"https:\/\/www.europesays.com\/fr\/wp-json\/wp\/v2\/posts"}],"about":[{"href":"https:\/\/www.europesays.com\/fr\/wp-json\/wp\/v2\/types\/post"}],"author":[{"embeddable":true,"href":"https:\/\/www.europesays.com\/fr\/wp-json\/wp\/v2\/users\/2"}],"replies":[{"embeddable":true,"href":"https:\/\/www.europesays.com\/fr\/wp-json\/wp\/v2\/comments?post=378426"}],"version-history":[{"count":0,"href":"https:\/\/www.europesays.com\/fr\/wp-json\/wp\/v2\/posts\/378426\/revisions"}],"wp:featuredmedia":[{"embeddable":true,"href":"https:\/\/www.europesays.com\/fr\/wp-json\/wp\/v2\/media\/378427"}],"wp:attachment":[{"href":"https:\/\/www.europesays.com\/fr\/wp-json\/wp\/v2\/media?parent=378426"}],"wp:term":[{"taxonomy":"category","embeddable":true,"href":"https:\/\/www.europesays.com\/fr\/wp-json\/wp\/v2\/categories?post=378426"},{"taxonomy":"post_tag","embeddable":true,"href":"https:\/\/www.europesays.com\/fr\/wp-json\/wp\/v2\/tags?post=378426"}],"curies":[{"name":"wp","href":"https:\/\/api.w.org\/{rel}","templated":true}]}}