{"id":378428,"date":"2025-09-09T19:06:15","date_gmt":"2025-09-09T19:06:15","guid":{"rendered":"https:\/\/www.europesays.com\/fr\/378428\/"},"modified":"2025-09-09T19:06:15","modified_gmt":"2025-09-09T19:06:15","slug":"isere-32-ans-apres-les-faits-le-parquet-requiert-le-renvoi-de-marian-marinescu-devant-les-assises","status":"publish","type":"post","link":"https:\/\/www.europesays.com\/fr\/378428\/","title":{"rendered":"Is\u00e8re\u00a0: 32 ans apr\u00e8s les faits, le parquet requiert le renvoi de Marian Marinescu devant les assises"},"content":{"rendered":"<p>Apr\u00e8s 32 ans d&rsquo;enqu\u00eate, c&rsquo;est une \u00e9tape d\u00e9cisive dans l&rsquo;affaire Marinescu\u00a0: le parquet de Grenoble demande le renvoi de Marian Marinescu devant la cour d&rsquo;assises de l&rsquo;Is\u00e8re pour meurtre avec pr\u00e9m\u00e9ditation sur sa femme et pour homicide volontaire pr\u00e9c\u00e9d\u00e9 d&rsquo;un viol sur sa fille, en janvier 1993.\n<\/p>\n<p>Le 7 janvier 1993, Mich\u00e8le Chabert, \u00e9pouse Marinescu et sa fille sont retrouv\u00e9es mortes \u00e9gorg\u00e9es dans leur chambre \u00e0 Sassenage, pr\u00e8s de Grenoble. 32 ans apr\u00e8s, le procureur de la R\u00e9publique de Grenoble vient de demander <strong>le renvoi du principal suspect, Marian Marinescu, devant la cour d&rsquo;Assises de l&rsquo;Is\u00e8re<\/strong> pour\u00a0meurtre avec pr\u00e9m\u00e9ditation de sa femme et pour homicide volontaire pr\u00e9c\u00e9d\u00e9 d&rsquo;un viol sur sa fille, \u00e2g\u00e9e de 13 ans au moment des faits.<\/p>\n<p>Assassinat de sa femme, meurtre pr\u00e9c\u00e9d\u00e9 d&rsquo;un viol sur sa fille<\/p>\n<p>L&rsquo;affaire Marinescu est <strong>le dossier le plus ancien instruit \u00e0 Grenoble<\/strong>, l&rsquo;enqu\u00eate ne s&rsquo;est jamais arr\u00eat\u00e9e depuis janvier 1993. Elle montre notamment qu&rsquo;il n&rsquo;y a pas eu de traces de lutte ou de tentative de fuite dans la maison familiale ce qui conduit \u00c9tienne Manteaux, le procureur, \u00e0 penser que c&rsquo;est \u00ab\u00a0forc\u00e9ment un proche\u00a0\u00bb qui a pu s&rsquo;introduire dans les chambres. Il retient aussi des \u00e9l\u00e9ments de l&rsquo;expertise psychologique\u00a0: elle souligne <strong>la psychorigidit\u00e9 de Marian Marinescu<\/strong> ainsi que sa volont\u00e9 de contr\u00f4ler et dominer l&rsquo;autre. Ce sont principalement ces \u00e9l\u00e9ments qui am\u00e8nent le parquet \u00e0 demander le renvoi du principal suspect devant les assises.<\/p>\n<p>Cela sera maintenant <strong>au juge d&rsquo;instruction de trancher en faveur d&rsquo;un proc\u00e8s ou d&rsquo;un non-lieu<\/strong> dans cette affaire, d&rsquo;ici quelques semaines, mais pour Herv\u00e9 Gerbi, l&rsquo;avocat de la s\u0153ur de Mich\u00e8le Chabert, qui s&rsquo;est constitu\u00e9e partie civile, les r\u00e9quisitions d\u00e9finitives du procureur de la R\u00e9publique sont une \u00e9tape de plus dans la \u00ab\u00a0recherche de v\u00e9rit\u00e9\u00a0\u00bb de sa cliente. \u00ab\u00a0Bien \u00e9videmment que nous souhaitons ce proc\u00e8s, il y a suffisamment d&rsquo;indices graves, pr\u00e9cis, concordants pour renvoyer et pour discuter de fa\u00e7on nette, forte, la question de la culpabilit\u00e9 pour nous de Marian Marinescu.\u00a0\u00bb<\/p>\n<p>Le suspect sous contr\u00f4le judiciaire<\/p>\n<p>Le suspect, \u00e2g\u00e9 aujourd&rsquo;hui de 77 ans, est d\u00e9sormais sous contr\u00f4le judiciaire. Il avait \u00e9t\u00e9 plac\u00e9 en d\u00e9tention pr\u00e9ventive en 2021 au moment de sa mise en examen suite \u00e0 <a class=\"IciLink ici-link IciArticleLink g-ici-body-regular-1 underline brand svelte-lu7k6w\" href=\"https:\/\/www.francebleu.fr\/infos\/faits-divers-justice\/accuse-de-l-assassinat-de-sa-femme-du-viol-et-du-meurtre-de-sa-fille-en-1993-marinescu-reste-en-prison-9286120\" rel=\"nofollow noopener\" target=\"_blank\">la d\u00e9couverte de traces de son sperme sur un pantalon de sa fille<\/a>, rendue possible gr\u00e2ce \u00e0 des progr\u00e8s technologiques, puis avait \u00e9t\u00e9 assign\u00e9 \u00e0 r\u00e9sidence sous bracelet \u00e9lectronique en 2024.<\/p>\n<p><strong>Marian Marinescu nie les faits<\/strong> en s&rsquo;appuyant notamment sur un voyage dans son pays natal, la Roumanie, entre le 24 janvier 1992 et le 9 janvier 1993. Longtemps admis, cet alibi a finalement \u00e9t\u00e9 remis en question par les enqu\u00eateurs qui estiment d\u00e9sormais que le suspect a pu faire un aller-retour entre la France et la Roumanie au moment des faits.<\/p>\n<p>\u00c0 lire aussi   <img decoding=\"async\" src=\"https:\/\/www.europesays.com\/fr\/wp-content\/uploads\/2025\/09\/1757444774_156_560x315\" alt=\"La Chambre de l'instruction de la Cour d'appel de Grenoble a ordonn\u00e9 la remise en libert\u00e9 sous bracelet \u00e9lectronique de Marian Marinescu\" style=\"--_image-preview:url('data:image\/jpeg;base64,\/9j\/2wBDACgcHiMeGSgjISMtKygwPGRBPDc3PHtYXUlkkYCZlo+AjIqgtObDoKrarYqMyP\/L2u71\/\/\/\/m8H\/\/\/\/6\/+b9\/\/j\/2wBDASstLTw1PHZBQXb4pYyl+Pj4+Pj4+Pj4+Pj4+Pj4+Pj4+Pj4+Pj4+Pj4+Pj4+Pj4+Pj4+Pj4+Pj4+Pj4+Pj4+Pj\/wAARCAAXACoDASIAAhEBAxEB\/8QAFgABAQEAAAAAAAAAAAAAAAAAAAIB\/8QAFhABAQEAAAAAAAAAAAAAAAAAAAER\/8QAFQEBAQAAAAAAAAAAAAAAAAAAAQD\/xAAVEQEBAAAAAAAAAAAAAAAAAAAAAf\/aAAwDAQACEQMRAD8Aqpqk0FFbASVFJjdIGUAYwAE1mgQ\/\/9k=');\" loading=\"lazy\" fetchpriority=\"low\" aria-hidden=\"true\" class=\"svelte-1pnmlwx rounded\" onload=\"this.__e=event\" onerror=\"this.__e=event\"\/>\u00c0 lire aussi   <img decoding=\"async\" src=\"https:\/\/www.europesays.com\/fr\/wp-content\/uploads\/2025\/09\/1757444775_478_560x315\" alt=\"Le procureur de la r\u00e9publique, Eric Vaillant et le colonel Lionel James, commandant de la section de recherches de Grenoble, ont tenu une conf\u00e9rence de presse\" style=\"--_image-preview:url('data:image\/jpeg;base64,\/9j\/2wBDACgcHiMeGSgjISMtKygwPGRBPDc3PHtYXUlkkYCZlo+AjIqgtObDoKrarYqMyP\/L2u71\/\/\/\/m8H\/\/\/\/6\/+b9\/\/j\/2wBDASstLTw1PHZBQXb4pYyl+Pj4+Pj4+Pj4+Pj4+Pj4+Pj4+Pj4+Pj4+Pj4+Pj4+Pj4+Pj4+Pj4+Pj4+Pj4+Pj4+Pj\/wAARCAAXACoDASIAAhEBAxEB\/8QAGAAAAwEBAAAAAAAAAAAAAAAAAAMEAQL\/xAAjEAACAgEDAwUAAAAAAAAAAAABAgARAwQSMSFBURMiMmFx\/8QAFwEBAQEBAAAAAAAAAAAAAAAAAgEDAP\/EABgRAQEBAQEAAAAAAAAAAAAAAAABETEC\/9oADAMBAAIRAxEAPwDsWPjzJ8hJYk8xg1CqxBIB7SRMjOSWi8ddTJtznvUZiRh1Kgj7mluQcc3MuMzYWQF+m2IuKXUDthbLvKfomMyl7Rdo8QhMeEemFCN++6HFRIyE5KI9viEJFUDUJ6DoQSTxI7hCKWwcf\/\/Z');\" loading=\"lazy\" fetchpriority=\"low\" aria-hidden=\"true\" class=\"svelte-1pnmlwx rounded\" onload=\"this.__e=event\" onerror=\"this.__e=event\"\/><\/p>\n","protected":false},"excerpt":{"rendered":"Apr\u00e8s 32 ans d&rsquo;enqu\u00eate, c&rsquo;est une \u00e9tape d\u00e9cisive dans l&rsquo;affaire Marinescu\u00a0: le parquet de Grenoble demande le renvoi&hellip;\n","protected":false},"author":2,"featured_media":378429,"comment_status":"","ping_status":"","sticky":false,"template":"","format":"standard","meta":{"footnotes":""},"categories":[9566],"tags":[1111,11,2430,1777,674,1011,27,2731,12,25],"class_list":{"0":"post-378428","1":"post","2":"type-post","3":"status-publish","4":"format-standard","5":"has-post-thumbnail","7":"category-grenoble","8":"tag-actu","9":"tag-actualites","10":"tag-auvergne-rhone-alpes","11":"tag-eu","12":"tag-europe","13":"tag-fr","14":"tag-france","15":"tag-grenoble","16":"tag-news","17":"tag-republique-francaise"},"share_on_mastodon":{"url":"https:\/\/pubeurope.com\/@fr\/115175908299085912","error":""},"_links":{"self":[{"href":"https:\/\/www.europesays.com\/fr\/wp-json\/wp\/v2\/posts\/378428","targetHints":{"allow":["GET"]}}],"collection":[{"href":"https:\/\/www.europesays.com\/fr\/wp-json\/wp\/v2\/posts"}],"about":[{"href":"https:\/\/www.europesays.com\/fr\/wp-json\/wp\/v2\/types\/post"}],"author":[{"embeddable":true,"href":"https:\/\/www.europesays.com\/fr\/wp-json\/wp\/v2\/users\/2"}],"replies":[{"embeddable":true,"href":"https:\/\/www.europesays.com\/fr\/wp-json\/wp\/v2\/comments?post=378428"}],"version-history":[{"count":0,"href":"https:\/\/www.europesays.com\/fr\/wp-json\/wp\/v2\/posts\/378428\/revisions"}],"wp:featuredmedia":[{"embeddable":true,"href":"https:\/\/www.europesays.com\/fr\/wp-json\/wp\/v2\/media\/378429"}],"wp:attachment":[{"href":"https:\/\/www.europesays.com\/fr\/wp-json\/wp\/v2\/media?parent=378428"}],"wp:term":[{"taxonomy":"category","embeddable":true,"href":"https:\/\/www.europesays.com\/fr\/wp-json\/wp\/v2\/categories?post=378428"},{"taxonomy":"post_tag","embeddable":true,"href":"https:\/\/www.europesays.com\/fr\/wp-json\/wp\/v2\/tags?post=378428"}],"curies":[{"name":"wp","href":"https:\/\/api.w.org\/{rel}","templated":true}]}}