{"id":378432,"date":"2025-09-09T19:08:15","date_gmt":"2025-09-09T19:08:15","guid":{"rendered":"https:\/\/www.europesays.com\/fr\/378432\/"},"modified":"2025-09-09T19:08:15","modified_gmt":"2025-09-09T19:08:15","slug":"entree-en-lice-sereine-pour-stanislas-wawrinka-a-lopen-blot-de-rennes-face-a-un-des-chouchous-du-public-breton","status":"publish","type":"post","link":"https:\/\/www.europesays.com\/fr\/378432\/","title":{"rendered":"Entr\u00e9e en lice sereine pour Stanislas Wawrinka \u00e0 l\u2019Open Blot de Rennes face \u00e0 un des chouchous du public breton"},"content":{"rendered":"<p>Open Blot de Rennes (Challenger 100)<\/p>\n<p>Bien qu\u2019en de fin carri\u00e8re, le sympathique Suisse Stanislas Wawrinka (40 ans, comme indiqu\u00e9 sur son t-shirt), a \u00e9t\u00e9 s\u00e9rieux et appliqu\u00e9, ce mardi 9 septembre 2025, pour son entr\u00e9e en lice \u00e0 l\u2019Open Blot de Rennes.<\/p>\n<p>S\u2019appuyant sur un solide service (87 % de points gagn\u00e9s sur sa premi\u00e8re balle de mise en jeu), le triple vainqueur de Grand Chelem n\u2019a eu besoin que de deux breaks &#8211; un dans chaque manche &#8211; pour venir \u00e0 bout de Kenny de Schepper, le g\u00e9ant (2 m) <a href=\"https:\/\/www.letelegramme.fr\/sports\/tennis\/open-de-quimper-kenny-de-schepper-ne-a-quimper-1763886.php\" target=\"_blank\" rel=\"nofollow noopener\">\u00ab n\u00e9 \u00e0 Quimper \u00bb<\/a>, o\u00f9 il est l\u2019un des chouchous du public du Challenger, depuis plus de dix ans. <\/p>\n<p>Deux manches (6-4, 6-4) et 1 h 18\u2019 ont donc suffi pour se qualifier pour le 2e tour. Jeudi, a priori, Stanilas Wawrinka affrontera le vainqueur du duel tricolore Added &#8211; Malige.<\/p>\n<p><strong class=\"tech\">Les r\u00e9sultats de mardi<\/strong><\/p>\n<p><strong class=\"tech\">1er tour principal :<\/strong> Coulibaly (CIV) bat Raquillet (FRA) 6-4, 6-7 (0), 6-2<\/p>\n<p>Barr\u00e8re (FRA\/ALT) bat Jade (FRA\/WC) 6-1, 6-2<\/p>\n<p>Couacaud (FRA\/Q) bat Kukushin (KAZ) 7-5, 6-3<\/p>\n<p>Cina (ITA\/N.7) bat Poullain (FRA) 6-1, 6-3<\/p>\n<p>Wawrinka (SUI\/N.2) bat De Schepper (FRA\/Q) 6-4, 6-4<\/p>\n<p>Zahraj (ALL) bat Vylegzhanin (Q) 3-6, 7-6 (2), 6-2<\/p>\n<p>Janvier (FRA\/Q) &#8211; Gerasimov (Lucky-loser) 7-6 (5), 6-4<\/p>\n<p>Martineau (FRA) &#8211; Droguet (FRA\/N.4)<\/p>\n<p><strong class=\"tech\">Le programme de mercredi<\/strong><\/p>\n<p><strong class=\"tech\">Le Libert\u00e9, \u00e0 partir de 11 h.<\/strong> 1er tour : Kingsley (E-U\/Qualifi\u00e9) &#8211; Cuenin (FRA\/Wild-card)<br \/>suivi de Geerts (BEL) &#8211; Catry (FRA\/lucky loser)<\/p>\n<p>suivi de Mayot (FRA\/N.3) &#8211; Bertrand (FRA)<\/p>\n<p>pas avant 16 h 3, 2e tour : Coulibaly (CIV) &#8211; Gueymard-Wayenburg (FRA\/N.6)<\/p>\n<p>pas avant 19 h, 2e tour : Gaston (FRA\/N.1) &#8211; Couacaud (FRA\/Q)<\/p>\n<p>suivi de Chidekh (FRA) &#8211; Janvier (FRA)<\/p>\n<p><strong class=\"tech\">Colette Besson, \u00e0 partir de 13 h. <\/strong>1er tour : Malige (FRA\/WC) &#8211; Added (FRA)<\/p>\n","protected":false},"excerpt":{"rendered":"Open Blot de Rennes (Challenger 100) Bien qu\u2019en de fin carri\u00e8re, le sympathique Suisse Stanislas Wawrinka (40 ans,&hellip;\n","protected":false},"author":2,"featured_media":378433,"comment_status":"","ping_status":"","sticky":false,"template":"","format":"standard","meta":{"footnotes":""},"categories":[2821],"tags":[1111,11,829,3166,1777,674,1011,27,12,584,25,60,1467],"class_list":{"0":"post-378432","1":"post","2":"type-post","3":"status-publish","4":"format-standard","5":"has-post-thumbnail","7":"category-rennes","8":"tag-actu","9":"tag-actualites","10":"tag-bretagne","11":"tag-en-continu-sports","12":"tag-eu","13":"tag-europe","14":"tag-fr","15":"tag-france","16":"tag-news","17":"tag-rennes","18":"tag-republique-francaise","19":"tag-sports","20":"tag-tennis"},"share_on_mastodon":{"url":"https:\/\/pubeurope.com\/@fr\/115175916027392980","error":""},"_links":{"self":[{"href":"https:\/\/www.europesays.com\/fr\/wp-json\/wp\/v2\/posts\/378432","targetHints":{"allow":["GET"]}}],"collection":[{"href":"https:\/\/www.europesays.com\/fr\/wp-json\/wp\/v2\/posts"}],"about":[{"href":"https:\/\/www.europesays.com\/fr\/wp-json\/wp\/v2\/types\/post"}],"author":[{"embeddable":true,"href":"https:\/\/www.europesays.com\/fr\/wp-json\/wp\/v2\/users\/2"}],"replies":[{"embeddable":true,"href":"https:\/\/www.europesays.com\/fr\/wp-json\/wp\/v2\/comments?post=378432"}],"version-history":[{"count":0,"href":"https:\/\/www.europesays.com\/fr\/wp-json\/wp\/v2\/posts\/378432\/revisions"}],"wp:featuredmedia":[{"embeddable":true,"href":"https:\/\/www.europesays.com\/fr\/wp-json\/wp\/v2\/media\/378433"}],"wp:attachment":[{"href":"https:\/\/www.europesays.com\/fr\/wp-json\/wp\/v2\/media?parent=378432"}],"wp:term":[{"taxonomy":"category","embeddable":true,"href":"https:\/\/www.europesays.com\/fr\/wp-json\/wp\/v2\/categories?post=378432"},{"taxonomy":"post_tag","embeddable":true,"href":"https:\/\/www.europesays.com\/fr\/wp-json\/wp\/v2\/tags?post=378432"}],"curies":[{"name":"wp","href":"https:\/\/api.w.org\/{rel}","templated":true}]}}