{"id":378434,"date":"2025-09-09T19:09:17","date_gmt":"2025-09-09T19:09:17","guid":{"rendered":"https:\/\/www.europesays.com\/fr\/378434\/"},"modified":"2025-09-09T19:09:17","modified_gmt":"2025-09-09T19:09:17","slug":"manifestations-transports-et-commerces-perturbes-a-quoi-faut-il-sattendre-ce-mercredi","status":"publish","type":"post","link":"https:\/\/www.europesays.com\/fr\/378434\/","title":{"rendered":"manifestations, transports et commerces perturb\u00e9s&#8230; \u00e0 quoi faut-il s&rsquo;attendre ce mercredi ?"},"content":{"rendered":"<p>Une mobilisation aux contours encore flous, mais sous haute surveillance. Deux jours apr\u00e8s la chute du gouvernement de <a href=\"https:\/\/www.dna.fr\/p\/francois-bayrou\" target=\"_blank\" rel=\"noopener\">Fran\u00e7ois Bayrou<\/a>, la journ\u00e9e du mercredi 10 septembre va \u00eatre marqu\u00e9e par <a href=\"https:\/\/www.dna.fr\/social\/2025\/09\/09\/bloquons-tout-anatomie-d-un-noyau-dur?preview=true\" target=\"_blank\" rel=\"noopener\">le mouvement \u00ab\u00a0Bloquons tout\u00a0\u00bb<\/a>, n\u00e9 sur les r\u00e9seaux sociaux, et qui promet des actions sur tout le territoire : manifestations, blocages de gares, de routes, ou encore de supermarch\u00e9s. Mais qu\u2019en est-il en Alsace ? \u00c0 quoi doit-on s\u2019attendre dans notre r\u00e9gion ?<\/p>\n<p>Des manifestations et rassemblements dans plusieurs villes<\/p>\n<p>Plusieurs manifestations et rassemblements sont pr\u00e9vus dans des villes alsaciennes. Il y a quelques jours, deux collectifs de citoyens alsaciens, Indignons nous 67 et Indignons nous 68, <a href=\"https:\/\/www.dna.fr\/bloquons-tout-le-10-septembre-deux-collectifs-citoyens-appellent-a-manifester-en-alsace\" target=\"_blank\" rel=\"noopener\">appelaient les Alsaciens \u00e0 sortir dans les rues<\/a>. \u00c0 Strasbourg, les manifestants sont attendus \u00e0 14h sur la place Kl\u00e9ber, tandis qu\u2019\u00e0 Mulhouse, rendez-vous est donn\u00e9 place de la Bourse, \u00e9galement \u00e0 14h.<\/p>\n<p>D\u2019autres rassemblements sont pr\u00e9vus plus t\u00f4t dans la journ\u00e9e, \u00e0 10h \u00e0 S\u00e9lestat place d\u2019Armes, \u00e0 11h \u00e0 Haguenau, place D\u00e9sir\u00e9 Brumbt, et \u00e0 Saverne place de la Gare.<\/p>\n<p>Des perturbations dans les transports<\/p>\n<p>Des perturbations sont \u00e0 attendre dans les transports en Alsace. Selon la SNCF, les TGV, Ouigo et trains internationaux circuleront normalement, En revanche, la circulation des TER sera impact\u00e9e.\u00a0Les fiches horaires des lignes concern\u00e9es sont \u00e0 retrouver <a href=\"https:\/\/www.ter.sncf.com\/grand-est\/se-deplacer\/info-trafic\/greve\" target=\"_blank\" rel=\"noopener\">ici<\/a>.<\/p>\n<p>\u00c0 Strasbourg, un pr\u00e9avis de gr\u00e8ve a \u00e9t\u00e9 d\u00e9pos\u00e9 \u00e0 la CTS. Mercredi, la circulation des trams prendra fin \u00e0 22H. Les cadences seront nettement r\u00e9duites : les lignes A, B, C et D circuleront toutes les 14 \u00e0 16 minutes environ, les lignes E et F toutes les 20 \u00e0 30 minutes environ. Les lignes de bus 15 et 29, elles, ne circuleront pas. Plus de d\u00e9tails pour les autres lignes de bus <a href=\"https:\/\/www.dna.fr\/transport\/2025\/09\/08\/cts-horaires-et-frequences-modifies-le-mercredi-10-septembre\" target=\"_blank\" rel=\"noopener\">dans cet article<\/a>.<\/p>\n<p>Des blocages \u00e0 pr\u00e9voir \u00a0?\u00a0<\/p>\n<p>Comme l&rsquo;indique son nom, le mouvement \u00ab Bloquons tout\u00a0\u00bb vise \u00e9galement \u00e0 mettre en place divers blocages, mais peu d&rsquo;informations ont pour l&rsquo;instant filtr\u00e9 \u00e0 ce sujet. Sont notamment envisag\u00e9s la perturbation du trafic routier sur les rocades des grandes agglom\u00e9rations et ferroviaire aux environs des gares, des blocages de caisses dans des hypermarch\u00e9s, des blocages de d\u00e9p\u00f4ts p\u00e9troliers, des op\u00e9rations \u201cp\u00e9age gratuit\u201d sur les autoroutes.<\/p>\n<p>\u00a0Au moins 150 policiers mobilis\u00e9s \u00e0 Strasbourg<\/p>\n<p>Dans l\u2019agglom\u00e9ration strasbourgeoise, les commissariats de secteur seront ferm\u00e9s afin de concentrer les forces sur la s\u00e9curisation du mouvement. Les commer\u00e7ants se trouvant sur le parcours des manifestations ont \u00e9t\u00e9 sensibilis\u00e9s par les forces de l\u2019ordre. D\u00e8s ce mardi matin, plusieurs magasins strasbourgeois ont pos\u00e9 des panneaux de bois pour prot\u00e9ger leurs vitrines. <\/p>\n<p>Des sources polici\u00e8res indiquent qu\u2019une attention particuli\u00e8re sera port\u00e9e aux \u00e9ventuels blocages d\u2019\u00e9tablissements scolaires, de zones commerciales (\u00e0 l\u2019instar du Kaligone \u00e0 Kingersheim), d\u2019autoroutes ou de d\u00e9p\u00f4ts de transports en commun. La semaine de session du Parlement europ\u00e9en complique la chose \u00e0 Strasbourg, o\u00f9 ils seront au moins 150 policiers, \u00e9paul\u00e9s par des unit\u00e9s mobiles. <\/p>\n<p>A Mulhouse, \u00abun maximum d\u2019effectifs\u00bb seront d\u00e9ploy\u00e9s, des personnels en repos \u00e9tant rappel\u00e9s.<\/p>\n","protected":false},"excerpt":{"rendered":"Une mobilisation aux contours encore flous, mais sous haute surveillance. Deux jours apr\u00e8s la chute du gouvernement de&hellip;\n","protected":false},"author":2,"featured_media":378435,"comment_status":"","ping_status":"","sticky":false,"template":"","format":"standard","meta":{"footnotes":""},"categories":[2820],"tags":[1111,11,2389,2649,1777,674,107,1011,27,775,1637,12,316,25,801,104,640],"class_list":{"0":"post-378434","1":"post","2":"type-post","3":"status-publish","4":"format-standard","5":"has-post-thumbnail","7":"category-strasbourg","8":"tag-actu","9":"tag-actualites","10":"tag-alsace","11":"tag-bas-rhin","12":"tag-eu","13":"tag-europe","14":"tag-fil-info","15":"tag-fr","16":"tag-france","17":"tag-grand-est","18":"tag-haut-rhin","19":"tag-news","20":"tag-politique","21":"tag-republique-francaise","22":"tag-social","23":"tag-societe","24":"tag-strasbourg"},"share_on_mastodon":{"url":"https:\/\/pubeurope.com\/@fr\/115175919779640409","error":""},"_links":{"self":[{"href":"https:\/\/www.europesays.com\/fr\/wp-json\/wp\/v2\/posts\/378434","targetHints":{"allow":["GET"]}}],"collection":[{"href":"https:\/\/www.europesays.com\/fr\/wp-json\/wp\/v2\/posts"}],"about":[{"href":"https:\/\/www.europesays.com\/fr\/wp-json\/wp\/v2\/types\/post"}],"author":[{"embeddable":true,"href":"https:\/\/www.europesays.com\/fr\/wp-json\/wp\/v2\/users\/2"}],"replies":[{"embeddable":true,"href":"https:\/\/www.europesays.com\/fr\/wp-json\/wp\/v2\/comments?post=378434"}],"version-history":[{"count":0,"href":"https:\/\/www.europesays.com\/fr\/wp-json\/wp\/v2\/posts\/378434\/revisions"}],"wp:featuredmedia":[{"embeddable":true,"href":"https:\/\/www.europesays.com\/fr\/wp-json\/wp\/v2\/media\/378435"}],"wp:attachment":[{"href":"https:\/\/www.europesays.com\/fr\/wp-json\/wp\/v2\/media?parent=378434"}],"wp:term":[{"taxonomy":"category","embeddable":true,"href":"https:\/\/www.europesays.com\/fr\/wp-json\/wp\/v2\/categories?post=378434"},{"taxonomy":"post_tag","embeddable":true,"href":"https:\/\/www.europesays.com\/fr\/wp-json\/wp\/v2\/tags?post=378434"}],"curies":[{"name":"wp","href":"https:\/\/api.w.org\/{rel}","templated":true}]}}