{"id":378441,"date":"2025-09-09T19:13:17","date_gmt":"2025-09-09T19:13:17","guid":{"rendered":"https:\/\/www.europesays.com\/fr\/378441\/"},"modified":"2025-09-09T19:13:17","modified_gmt":"2025-09-09T19:13:17","slug":"apres-une-reconversion-domitille-a-suivi-sa-passion-et-est-devenue-couturiere","status":"publish","type":"post","link":"https:\/\/www.europesays.com\/fr\/378441\/","title":{"rendered":"Apr\u00e8s une reconversion, Domitille a suivi sa passion et est devenue couturi\u00e8re"},"content":{"rendered":"<p>Domitille Lechat, orvaltaise depuis sept ans, \u00e9tait l\u2019invit\u00e9e du Petit bar, samedi 23\u00a0ao\u00fbt, pour exposer ses cr\u00e9ations et se faire conna\u00eetre dans son quartier, le Petit Chantilly.<\/p>\n<p>Comment \u00eates-vous devenue couturi\u00e8re\u00a0?<\/p>\n<p>J\u2019ai appris la couture avec ma m\u00e8re, qui en faisait elle-m\u00eame avec sa m\u00e8re\u00a0! Petite, je cousais d\u00e9j\u00e0 les habits de mes &#8230;<\/p>\n<p>\u00a0<\/p>\n","protected":false},"excerpt":{"rendered":"Domitille Lechat, orvaltaise depuis sept ans, \u00e9tait l\u2019invit\u00e9e du Petit bar, samedi 23\u00a0ao\u00fbt, pour exposer ses cr\u00e9ations et&hellip;\n","protected":false},"author":2,"featured_media":378442,"comment_status":"","ping_status":"","sticky":false,"template":"","format":"standard","meta":{"footnotes":""},"categories":[2818],"tags":[1111,11,51193,42980,51192,1777,674,1011,27,766,12,9580,2636,6046,25,9620],"class_list":{"0":"post-378441","1":"post","2":"type-post","3":"status-publish","4":"format-standard","5":"has-post-thumbnail","7":"category-nantes","8":"tag-actu","9":"tag-actualites","10":"tag-couturiere","11":"tag-devenue","12":"tag-domitille","13":"tag-eu","14":"tag-europe","15":"tag-fr","16":"tag-france","17":"tag-nantes","18":"tag-news","19":"tag-passion","20":"tag-pays-de-la-loire","21":"tag-reconversion","22":"tag-republique-francaise","23":"tag-suivi"},"share_on_mastodon":{"url":"https:\/\/pubeurope.com\/@fr\/115175935739493719","error":""},"_links":{"self":[{"href":"https:\/\/www.europesays.com\/fr\/wp-json\/wp\/v2\/posts\/378441","targetHints":{"allow":["GET"]}}],"collection":[{"href":"https:\/\/www.europesays.com\/fr\/wp-json\/wp\/v2\/posts"}],"about":[{"href":"https:\/\/www.europesays.com\/fr\/wp-json\/wp\/v2\/types\/post"}],"author":[{"embeddable":true,"href":"https:\/\/www.europesays.com\/fr\/wp-json\/wp\/v2\/users\/2"}],"replies":[{"embeddable":true,"href":"https:\/\/www.europesays.com\/fr\/wp-json\/wp\/v2\/comments?post=378441"}],"version-history":[{"count":0,"href":"https:\/\/www.europesays.com\/fr\/wp-json\/wp\/v2\/posts\/378441\/revisions"}],"wp:featuredmedia":[{"embeddable":true,"href":"https:\/\/www.europesays.com\/fr\/wp-json\/wp\/v2\/media\/378442"}],"wp:attachment":[{"href":"https:\/\/www.europesays.com\/fr\/wp-json\/wp\/v2\/media?parent=378441"}],"wp:term":[{"taxonomy":"category","embeddable":true,"href":"https:\/\/www.europesays.com\/fr\/wp-json\/wp\/v2\/categories?post=378441"},{"taxonomy":"post_tag","embeddable":true,"href":"https:\/\/www.europesays.com\/fr\/wp-json\/wp\/v2\/tags?post=378441"}],"curies":[{"name":"wp","href":"https:\/\/api.w.org\/{rel}","templated":true}]}}