{"id":378453,"date":"2025-09-09T19:20:16","date_gmt":"2025-09-09T19:20:16","guid":{"rendered":"https:\/\/www.europesays.com\/fr\/378453\/"},"modified":"2025-09-09T19:20:16","modified_gmt":"2025-09-09T19:20:16","slug":"cette-recette-de-moules-frites-est-la-grande-gagnante-de-la-braderie-de-lille","status":"publish","type":"post","link":"https:\/\/www.europesays.com\/fr\/378453\/","title":{"rendered":"Cette recette de moules-frites est la grande gagnante de la braderie de Lille"},"content":{"rendered":"<p>\n        Comment r\u00e9aliser des moules-frites comme le gagnant de la braderie de Lille ? Ce dernier a r\u00e9v\u00e9l\u00e9 ses secrets pour une pr\u00e9paration ultra gourmande et savoureuse.    <\/p>\n<p class=\"standard\">\u00c0 l\u2019approche de l\u2019automne et de l\u2019hiver, beaucoup de Fran\u00e7ais pensent d\u00e9j\u00e0 aux d\u00e9gustations de <a href=\"https:\/\/www.marmiton.org\/bien-choisir-ses-aliments\/equilibrer-votre-raclette-c-est-possible-grace-aux-astuces-super-simples-de-cette-dieteticienne-s4099231.html\" target=\"_blank\" rel=\"nofollow noopener\">raclette<\/a>. Mais ce mets n\u2019est pas le seul \u00e0 donner l\u2019eau \u00e0 la bouche dans l\u2019Hexagone. En effet, dans le Nord de la France notamment, les moules-frites font \u00e9galement partie des <strong>plats dont les r\u00e9sidents et touristes raffolent<\/strong>. <\/p>\n<p class=\"standard\">Tout au long de la braderie de Lille qui a eu lieu du samedi 6 au dimanche 7 septembre 2025, nos confr\u00e8res de la cha\u00eene <a href=\"https:\/\/france3-regions.franceinfo.fr\/hauts-de-france\/nord-0\/lille\/j-ai-gagne-avec-une-recette-genereuse-comme-les-gens-d-ici-ce-chef-a-remporte-le-concours-des-meilleures-moules-frites-de-la-braderie-de-lille-3212159.html\" rel=\"noopener noreferrer nofollow\" target=\"_blank\">France 3 R\u00e9gions<\/a> ont \u00e9cum\u00e9 les rues de la ville \u00e0 la recherche de la meilleure recette. Marini\u00e8res, \u00e0 la cr\u00e8me, au curry ou encore au roquefort\u2026 <\/p>\n<p class=\"standard\">Chaque \u00e9tablissement  culinaire situ\u00e9e dans la commune a rivalis\u00e9 de cr\u00e9ativit\u00e9 pour s\u00e9duire les papilles des participants. <\/p>\n<p class=\"standard\">Les journalistes ont eu la chance de go\u00fbter les <a href=\"https:\/\/www.marmiton.org\/cuisine-facile\/nos-7-idees-de-sauces-faciles-et-delicieuses-pour-parfumer-vos-moules-s4067119.html\" target=\"_blank\" rel=\"nofollow noopener\">moules-frites<\/a> de quatre restaurants au total : Rapha\u00ebl Campion de la brasserie du m\u00eame nom, Fran\u00e7ois Caudrelier, aux manettes du restaurant A Taaable, Mourad Assadi, le cuisinier historique de la Brasserie Andr\u00e9 et <strong>Beno\u00eet Belot, le candidat de l\u2019estaminet Chez La Vieille<\/strong>. <\/p>\n<p class=\"standard\">C\u2019est ce dernier qui a remport\u00e9 tous les suffrages gr\u00e2ce \u00e0 sa fa\u00e7on de pr\u00e9parer cette sp\u00e9cialit\u00e9.<\/p>\n<p>Comment le gagnant de la braderie de Lille a-t-il mis au point sa recette de moules-frites ?<\/p>\n<p class=\"standard\">Mais comment a-t-il r\u00e9ussi \u00e0 se d\u00e9marquer ? Sur le site de France 3 R\u00e9gions, Beno\u00eet Belot, le chef de l\u2019estaminet Chez La Vieille, a partag\u00e9 les <strong>principaux points qui lui permettent d\u2019obtenir des moules-frites aussi d\u00e9licieuses.<\/strong> <\/p>\n<p class=\"standard\">\u201cPour respecter les r\u00e8gles, j&rsquo;ai pr\u00e9par\u00e9 une moule \u00e0 la marini\u00e8re, mais avec une sauce plus g\u00e9n\u00e9reuse que d&rsquo;habitude. <strong>Je l&rsquo;ai \u00e9paissie avec un peu de beurre et de farine<\/strong>, un peu comme dans une <a href=\"https:\/\/www.marmiton.org\/cuisine-fait-maison\/prete-en-7-minutes-seulement-cette-bechamel-maison-doit-absolument-figurer-dans-votre-carnet-de-recettes-s4094660.html\" target=\"_blank\" rel=\"nofollow noopener\">b\u00e9chamel<\/a>, pour qu&rsquo;elle se marie aux moules. Et j&rsquo;y ai ajout\u00e9 une petite touche de cr\u00e8me. Avec plein de l\u00e9gumes et d&rsquo;herbes (carottes, oignon, c\u00e9leri, persil, ail fum\u00e9, poireau et \u00e9chalotes), coup\u00e9s finement, de sorte qu&rsquo;on en ait dans chaque bouch\u00e9e.\u201d, a-t-il r\u00e9v\u00e9l\u00e9.<\/p>\n<p class=\"standard\">Et la combinaison de ces diff\u00e9rentes \u00e9tapes font clairement le succ\u00e8s de ce plat. Le professionnel a travaill\u00e9 cette recette <strong>de mani\u00e8re \u00e0 ressembler \u00e0 la population<\/strong>. \u201cMa recette, elle est g\u00e9n\u00e9reuse, comme les gens d&rsquo;ici. Je voulais qu&rsquo;elle ressemble \u00e0 notre r\u00e9gion.\u201d, a-t-il ajout\u00e9. Pari r\u00e9ussi !<\/p>\n<p class=\"standard\"><strong>\u00c0 lire aussi : <\/strong>\n<\/p>\n<p>    <a href=\"https:\/\/www.marmiton.org\/author\/27739\" rel=\"nofollow noopener\" target=\"_blank\"><br \/>\n        <img loading=\"lazy\" decoding=\"async\" src=\"https:\/\/www.europesays.com\/fr\/wp-content\/uploads\/2025\/09\/63593872_s50.jpg\" width=\"50\" height=\"50\" alt=\"Margot Iodice\"\/><br \/>\n    <\/a><\/p>\n<p>            R\u00e9dactrice\n    <\/p>\n<p>Apr\u00e8s une formation en tant que journaliste \u00e0 l&rsquo;ESJ Paris et plusieurs exp\u00e9riences en presse f\u00e9minine, j&rsquo;ai choisi d&rsquo;allier mes deux passions : l&rsquo;\u00e9criture, la cuisine et plus pr\u00e9cis\u00e9ment la \u2026<\/p>\n","protected":false},"excerpt":{"rendered":"Comment r\u00e9aliser des moules-frites comme le gagnant de la braderie de Lille ? Ce dernier a r\u00e9v\u00e9l\u00e9 ses&hellip;\n","protected":false},"author":2,"featured_media":378454,"comment_status":"","ping_status":"","sticky":false,"template":"","format":"standard","meta":{"footnotes":""},"categories":[2815],"tags":[1111,11,8263,1777,674,1011,27,811,1307,12,25,8551],"class_list":{"0":"post-378453","1":"post","2":"type-post","3":"status-publish","4":"format-standard","5":"has-post-thumbnail","7":"category-lille","8":"tag-actu","9":"tag-actualites","10":"tag-actus-food","11":"tag-eu","12":"tag-europe","13":"tag-fr","14":"tag-france","15":"tag-hauts-de-france","16":"tag-lille","17":"tag-news","18":"tag-republique-francaise","19":"tag-tendance"},"share_on_mastodon":{"url":"https:\/\/pubeurope.com\/@fr\/115175963013274456","error":""},"_links":{"self":[{"href":"https:\/\/www.europesays.com\/fr\/wp-json\/wp\/v2\/posts\/378453","targetHints":{"allow":["GET"]}}],"collection":[{"href":"https:\/\/www.europesays.com\/fr\/wp-json\/wp\/v2\/posts"}],"about":[{"href":"https:\/\/www.europesays.com\/fr\/wp-json\/wp\/v2\/types\/post"}],"author":[{"embeddable":true,"href":"https:\/\/www.europesays.com\/fr\/wp-json\/wp\/v2\/users\/2"}],"replies":[{"embeddable":true,"href":"https:\/\/www.europesays.com\/fr\/wp-json\/wp\/v2\/comments?post=378453"}],"version-history":[{"count":0,"href":"https:\/\/www.europesays.com\/fr\/wp-json\/wp\/v2\/posts\/378453\/revisions"}],"wp:featuredmedia":[{"embeddable":true,"href":"https:\/\/www.europesays.com\/fr\/wp-json\/wp\/v2\/media\/378454"}],"wp:attachment":[{"href":"https:\/\/www.europesays.com\/fr\/wp-json\/wp\/v2\/media?parent=378453"}],"wp:term":[{"taxonomy":"category","embeddable":true,"href":"https:\/\/www.europesays.com\/fr\/wp-json\/wp\/v2\/categories?post=378453"},{"taxonomy":"post_tag","embeddable":true,"href":"https:\/\/www.europesays.com\/fr\/wp-json\/wp\/v2\/tags?post=378453"}],"curies":[{"name":"wp","href":"https:\/\/api.w.org\/{rel}","templated":true}]}}