{"id":378465,"date":"2025-09-09T19:27:09","date_gmt":"2025-09-09T19:27:09","guid":{"rendered":"https:\/\/www.europesays.com\/fr\/378465\/"},"modified":"2025-09-09T19:27:09","modified_gmt":"2025-09-09T19:27:09","slug":"des-tags-neonazis-decouverts-dans-le-plus-grand-tiers-lieu-social-de-paris-on-va-vous-tondre","status":"publish","type":"post","link":"https:\/\/www.europesays.com\/fr\/378465\/","title":{"rendered":"Des tags n\u00e9onazis d\u00e9couverts dans le plus grand tiers-lieu social de Paris : \u00ab\u00a0On va vous tondre\u00a0\u00bb"},"content":{"rendered":"<p>            Par<br \/>\n        <strong><br \/>\n            <a href=\"https:\/\/actu.fr\/auteur\/redaction-paris\" title=\"Consulter tous les articles de R\u00e9daction Paris\" rel=\"nofollow noopener\" target=\"_blank\">R\u00e9daction Paris<\/a><br \/>\n        <\/strong><\/p>\n<p>        Publi\u00e9 le<\/p>\n<p>            9 sept. 2025 \u00e0 20h20        <\/p>\n<p>Dans la nuit du 6 au 7\u00a0septembre 2025, les portes d\u2019une dizaine de bureaux aux <strong>Arches citoyennes<\/strong>, plus grand tiers-lieu \u00e0 vocation sociale de <a href=\"https:\/\/actu.fr\/paris\/\" rel=\"nofollow noopener\" target=\"_blank\">Paris<\/a>, ont \u00e9t\u00e9 forc\u00e9es, a appris actu Paris aupr\u00e8s du parquet, confirmant ainsi une information <a href=\"https:\/\/www.streetpress.com\/sujet\/1757345306-gauchiste-merde-tuera-negres-bougnoules-paris-tags-insultes-neonazis-archescitoyennes\" rel=\"nofollow noopener\" target=\"_blank\">Streetpress<\/a>.<br \/>Sur place, une dizaine d\u2019ordinateurs ont \u00e9t\u00e9 vol\u00e9s. Des menaces de mort racistes et des croix gamm\u00e9es ont aussi \u00e9t\u00e9 tagu\u00e9es. Depuis, <strong>une enqu\u00eate a \u00e9t\u00e9 ouverte<\/strong> et la s\u00e9curit\u00e9 du lieu renforc\u00e9e. L\u2019espace reste, lui, toujours ouvert en tentant de continuer de \u00ab\u2009faire vivre ses valeurs d\u2019inclusivit\u00e9 et de solidarit\u00e9.\u2009\u00bb<\/p>\n<p>\u00ab\u2009Gauchiste de merde. On va vous tondre collabo\u2009\u00bb<\/p>\n<p class=\" wall-content\">\u00ab\u2009Nous sommes toutes et tous profond\u00e9ment choqu\u00e9\u00b7es de ces messages de haine racistes et fascistes\u2009\u00bb, confesse le lieu dans un communiqu\u00e9 post\u00e9 sur Instagram, mardi 9\u00a0septembre, en fin de journ\u00e9e.<\/p>\n<p class=\" wall-content\"><a href=\"https:\/\/www.instagram.com\/p\/DOYvMFADGpV\/embed\" title=\"Ouvrir le lien sur Instagram\" rel=\"nofollow noopener\" target=\"_blank\">Visualiser le contenu sur Instagram<\/a><\/p>\n<p class=\" wall-content\">Et pour cause, le contenu des tags appos\u00e9s en divers endroits est extr\u00eamement inqui\u00e9tant. En voici un aper\u00e7u\u2009: \u00ab\u2009on vous tuera\u2009\u00bb, \u00ab\u2009on va vous tondre collabo de merde\u2009\u00bb, \u00ab\u2009on vous tuera comme les n\u00e8gres et les bougnoules\u2009\u00bb.<\/p>\n<p class=\" wall-content\">Avis\u00e9 de la d\u00e9couverte des faits le 8\u00a0septembre, le parquet a donc ouvert une enqu\u00eate pour vol par effraction, menaces de mort et injures aggrav\u00e9es par la discrimination en raison de la pr\u00e9tendue appartenance ou non-appartenance \u00e0 une race, ethnie, ou religion, apologie de crime contre l\u2019humanit\u00e9.<\/p>\n<p class=\" wall-content\">Des investigations confi\u00e9es au commissariat \u00ab\u2009centre\u2009\u00bb, sous la direction de la section du parquet de Paris en charge de la protection des libert\u00e9s publiques et de la lutte contre les infractions aggrav\u00e9es par la discrimination (AC2).<\/p>\n<p class=\" wall-content\">En attendant des avanc\u00e9es, le lieu pr\u00e9cise que la s\u00e9curit\u00e9 sur le lieu a \u00e9t\u00e9 renforc\u00e9e afin, notamment, \u00ab\u2009de prot\u00e9ger les structures et les personnes pr\u00e9sentes aux Arches\u2009\u00bb.<\/p>\n<p class=\" wall-content\">Personnalisez votre actualit\u00e9 en ajoutant vos villes et m\u00e9dias en favori avec <a href=\"https:\/\/moncompte.actu.fr\" title=\"D\u00e9couvez Mon Actu\" rel=\"nofollow noopener\" data-trk=\"{&quot;cta&quot;:{&quot;action&quot;:&quot;https:\\\/\\\/moncompte.actu.fr&quot;,&quot;category&quot;:&quot;mon compte&quot;,&quot;from&quot;:&quot;article footer&quot;,&quot;name&quot;:&quot;Mon actu&quot;,&quot;type&quot;:&quot;cta&quot;}}\" target=\"_blank\">Mon Actu<\/a>.<\/p>\n<p>                    <script async src=\"\/\/www.instagram.com\/embed.js\"><\/script><\/p>\n","protected":false},"excerpt":{"rendered":"Par R\u00e9daction Paris Publi\u00e9 le 9 sept. 2025 \u00e0 20h20 Dans la nuit du 6 au 7\u00a0septembre 2025,&hellip;\n","protected":false},"author":2,"featured_media":378466,"comment_status":"","ping_status":"","sticky":false,"template":"","format":"standard","meta":{"footnotes":""},"categories":[1888],"tags":[1111,1928,11,1927,1777,674,118,1011,27,12,1926,626,1925,25],"class_list":{"0":"post-378465","1":"post","2":"type-post","3":"status-publish","4":"format-standard","5":"has-post-thumbnail","7":"category-paris","8":"tag-actu","9":"tag-actu-paris","10":"tag-actualites","11":"tag-actualites-paris","12":"tag-eu","13":"tag-europe","14":"tag-faits-divers","15":"tag-fr","16":"tag-france","17":"tag-news","18":"tag-news-paris","19":"tag-paris","20":"tag-paris-news","21":"tag-republique-francaise"},"share_on_mastodon":{"url":"https:\/\/pubeurope.com\/@fr\/115175990462261706","error":""},"_links":{"self":[{"href":"https:\/\/www.europesays.com\/fr\/wp-json\/wp\/v2\/posts\/378465","targetHints":{"allow":["GET"]}}],"collection":[{"href":"https:\/\/www.europesays.com\/fr\/wp-json\/wp\/v2\/posts"}],"about":[{"href":"https:\/\/www.europesays.com\/fr\/wp-json\/wp\/v2\/types\/post"}],"author":[{"embeddable":true,"href":"https:\/\/www.europesays.com\/fr\/wp-json\/wp\/v2\/users\/2"}],"replies":[{"embeddable":true,"href":"https:\/\/www.europesays.com\/fr\/wp-json\/wp\/v2\/comments?post=378465"}],"version-history":[{"count":0,"href":"https:\/\/www.europesays.com\/fr\/wp-json\/wp\/v2\/posts\/378465\/revisions"}],"wp:featuredmedia":[{"embeddable":true,"href":"https:\/\/www.europesays.com\/fr\/wp-json\/wp\/v2\/media\/378466"}],"wp:attachment":[{"href":"https:\/\/www.europesays.com\/fr\/wp-json\/wp\/v2\/media?parent=378465"}],"wp:term":[{"taxonomy":"category","embeddable":true,"href":"https:\/\/www.europesays.com\/fr\/wp-json\/wp\/v2\/categories?post=378465"},{"taxonomy":"post_tag","embeddable":true,"href":"https:\/\/www.europesays.com\/fr\/wp-json\/wp\/v2\/tags?post=378465"}],"curies":[{"name":"wp","href":"https:\/\/api.w.org\/{rel}","templated":true}]}}