{"id":378467,"date":"2025-09-09T19:28:12","date_gmt":"2025-09-09T19:28:12","guid":{"rendered":"https:\/\/www.europesays.com\/fr\/378467\/"},"modified":"2025-09-09T19:28:12","modified_gmt":"2025-09-09T19:28:12","slug":"les-echos-le-parisien-medias-paris-match-medias-grand-prix-des-regies-2025-image","status":"publish","type":"post","link":"https:\/\/www.europesays.com\/fr\/378467\/","title":{"rendered":"Les Echos Le Parisien M\u00e9dias \/ Paris Match M\u00e9dias Grand Prix des R\u00e9gies 2025 &#8211; Image"},"content":{"rendered":"<p>La 11\u00e8me\u00a0\u00e9dition du Grand Prix des R\u00e9gies organis\u00e9e par CB News a rendu son verdict dans le cadre d\u2019une grande soir\u00e9e mardi, salle Wagram \u00e0 Paris. La c\u00e9r\u00e9monie a r\u00e9compens\u00e9 <strong>Les Echos Le Parisien M\u00e9dias \/ Paris Match M\u00e9dias<\/strong> comme \u00e9tant la r\u00e9gie de l\u2019ann\u00e9e 2025. Celle-ci succ\u00e8de ainsi \u00e0 FranceTV Publicit\u00e9 et remporte aussi le prix de meilleure R\u00e9gie Presse (comme\u00a0 <a href=\"https:\/\/www.cbnews.fr\/medias\/image-grand-prix-regies-2024-francetv-publicite-86725\" rel=\"nofollow noopener\" target=\"_blank\">l&rsquo;an dernier<\/a>).\n<\/p>\n<p>Notre partenaire OpinionWay a fait \u00e9volu\u00e9 sa m\u00e9thodologie de fa\u00e7on \u00e0 placer l\u2019innovation au c\u0153ur de la comp\u00e9tition, en combinant les votes online des professionnels et les notations d&rsquo;un jury d&rsquo;experts. Au total, 7 prix ont \u00e9t\u00e9 d\u00e9cern\u00e9s.<\/p>\n<p>Le Palmar\u00e8s complet\u00a0:<\/p>\n<p>Grand Prix des R\u00e9gies 2024\u00a0: <strong>Les Echos Le Parisien M\u00e9dias \/ Paris Match M\u00e9dias<\/strong>\n<\/p>\n<p><strong>Prix par cat\u00e9gorie\u00a0:<\/strong>\n<\/p>\n<p>Meilleure r\u00e9gie TV\u00a0: <strong>FranceTV Publicit\u00e9<\/strong>\n<\/p>\n<p>Meilleure r\u00e9gie Presse\u00a0: <strong>Les Echos Le Parisien M\u00e9dias \/ Paris Match M\u00e9dias<\/strong>\n<\/p>\n<p>Meilleure r\u00e9gie Radio\/Audio : <strong>TF1 Publicit\u00e9<\/strong>\n<\/p>\n<p>Meilleure r\u00e9gie Communication ext\u00e9rieure\u00a0: <strong>Mediatransports<\/strong>\n<\/p>\n<p>Meilleure r\u00e9gie Pure Player\u00a0:\u00a0<strong>Spotify Advertising<\/strong>\n<\/p>\n<p>Coup de coeur du jury :\u00a0<strong>CMI Media \/ Loopsider<\/strong>\n<\/p>\n<p>Tous les d\u00e9tails du Palmar\u00e8s du Grand Prix des r\u00e9gies 2025 ainsi que les interviews des diff\u00e9rents gagnants par cat\u00e9gories sont \u00e0 lire dans le num\u00e9ro 132 du magazine qui vient de sortir. Vous pouvez l&rsquo;achetez en ligne en version print ou num\u00e9rique \u25ba\u00a0<a href=\"https:\/\/boutique.cbnews.fr\/common\/categories\/146\" rel=\"noopener nofollow\" target=\"_blank\">ici<\/a>\u00a0.<\/p>\n","protected":false},"excerpt":{"rendered":"La 11\u00e8me\u00a0\u00e9dition du Grand Prix des R\u00e9gies organis\u00e9e par CB News a rendu son verdict dans le cadre&hellip;\n","protected":false},"author":2,"featured_media":378468,"comment_status":"","ping_status":"","sticky":false,"template":"","format":"standard","meta":{"footnotes":""},"categories":[1888],"tags":[1111,1928,11,1927,1777,674,1011,27,12,1926,626,1925,25],"class_list":{"0":"post-378467","1":"post","2":"type-post","3":"status-publish","4":"format-standard","5":"has-post-thumbnail","7":"category-paris","8":"tag-actu","9":"tag-actu-paris","10":"tag-actualites","11":"tag-actualites-paris","12":"tag-eu","13":"tag-europe","14":"tag-fr","15":"tag-france","16":"tag-news","17":"tag-news-paris","18":"tag-paris","19":"tag-paris-news","20":"tag-republique-francaise"},"share_on_mastodon":{"url":"https:\/\/pubeurope.com\/@fr\/115175994526412899","error":""},"_links":{"self":[{"href":"https:\/\/www.europesays.com\/fr\/wp-json\/wp\/v2\/posts\/378467","targetHints":{"allow":["GET"]}}],"collection":[{"href":"https:\/\/www.europesays.com\/fr\/wp-json\/wp\/v2\/posts"}],"about":[{"href":"https:\/\/www.europesays.com\/fr\/wp-json\/wp\/v2\/types\/post"}],"author":[{"embeddable":true,"href":"https:\/\/www.europesays.com\/fr\/wp-json\/wp\/v2\/users\/2"}],"replies":[{"embeddable":true,"href":"https:\/\/www.europesays.com\/fr\/wp-json\/wp\/v2\/comments?post=378467"}],"version-history":[{"count":0,"href":"https:\/\/www.europesays.com\/fr\/wp-json\/wp\/v2\/posts\/378467\/revisions"}],"wp:featuredmedia":[{"embeddable":true,"href":"https:\/\/www.europesays.com\/fr\/wp-json\/wp\/v2\/media\/378468"}],"wp:attachment":[{"href":"https:\/\/www.europesays.com\/fr\/wp-json\/wp\/v2\/media?parent=378467"}],"wp:term":[{"taxonomy":"category","embeddable":true,"href":"https:\/\/www.europesays.com\/fr\/wp-json\/wp\/v2\/categories?post=378467"},{"taxonomy":"post_tag","embeddable":true,"href":"https:\/\/www.europesays.com\/fr\/wp-json\/wp\/v2\/tags?post=378467"}],"curies":[{"name":"wp","href":"https:\/\/api.w.org\/{rel}","templated":true}]}}