{"id":378469,"date":"2025-09-09T19:29:10","date_gmt":"2025-09-09T19:29:10","guid":{"rendered":"https:\/\/www.europesays.com\/fr\/378469\/"},"modified":"2025-09-09T19:29:10","modified_gmt":"2025-09-09T19:29:10","slug":"sebastien-lecornu-premier-ministre-provocation-derniere-cartouche-les-reactions-senchainent-apres-sa-nomination","status":"publish","type":"post","link":"https:\/\/www.europesays.com\/fr\/378469\/","title":{"rendered":"S\u00e9bastien Lecornu Premier ministre\u00a0: \u00ab\u00a0provocation\u00a0\u00bb, \u00ab\u00a0derni\u00e8re cartouche\u00a0\u00bb\u2026 Les r\u00e9actions s\u2019encha\u00eenent apr\u00e8s sa nomination"},"content":{"rendered":"<p class=\"paragraph text_align_left lp-f-body-02\">Pr\u00e8s de 24 heures apr\u00e8s la d\u00e9mission de <a href=\"https:\/\/www.leparisien.fr\/politique\/francois-bayrou\/\" target=\"_blank\" rel=\"noreferrer nofollow noopener\">Fran\u00e7ois Bayrou<\/a>, Emmanuel Macron a nomm\u00e9 le ministre des Arm\u00e9es <a href=\"https:\/\/www.leparisien.fr\/politique\/sebastien-lecornu-nomme-premier-ministre-09-09-2025-N7MBWSUWBNGK7ITBWZYVOP5HHA.php\" target=\"_blank\" rel=\"noreferrer nofollow noopener\">S\u00e9bastien Lecornu<\/a> \u00e0 Matignon. Et les r\u00e9actions ne se sont pas fait attendre.<\/p>\n<p>\u00ab Une provocation \u00bb<\/p>\n<p class=\"paragraph text_align_left lp-f-body-02\"><a href=\"https:\/\/www.leparisien.fr\/politique\/marine-tondelier\/\" target=\"_blank\" rel=\"noreferrer nofollow noopener\">Marine Tondelier<\/a>, secr\u00e9taire nationale des \u00c9cologistes, a \u00e9t\u00e9 dans les premi\u00e8res \u00e0 r\u00e9agir. Sur BFMTV, elle d\u00e9nonce une \u00ab provocation \u00bb du chef d\u2019\u00c9tat. \u00ab Un, nous n\u2019avons pas \u00e9t\u00e9 consult\u00e9s. Deux, si nous l\u2019avions \u00e9t\u00e9, nous n\u2019aurions pas donn\u00e9 le nom de Monsieur Lecornu \u00bb, r\u00e9agit-elle, pr\u00e9cisant qu\u2019une r\u00e9union d\u2019urgence du conseil politique des \u00c9cologistes allait se tenir dans la soir\u00e9e.<\/p>\n<p class=\"paragraph text_align_left lp-f-body-02\">D\u00e9non\u00e7ant aussi \u00ab une provocation \u00bb, la pr\u00e9sidente du groupe LFI Mathilde Panot d\u00e9clare \u00ab nous le censurerons \u00bb sur X. De son c\u00f4t\u00e9, <a href=\"https:\/\/www.leparisien.fr\/politique\/jean-luc-melenchon-macron-est-maintenant-en-premiere-ligne-face-au-peuple-08-09-2025-QPLRJSNSVVGV5CXQ6ZCODPQXAE.php\" target=\"_blank\" rel=\"noreferrer nofollow noopener\">Jean-Luc M\u00e9lenchon<\/a> d\u00e9nonce \u00ab une triste com\u00e9die \u00bb et r\u00e9clame \u00e0 nouveau le d\u00e9part d\u2019Emmanuel Macron.<\/p>\n<blockquote class=\"twitter-tweet\">\n<p lang=\"fr\" dir=\"ltr\">R\u00e9ponse de Macron au renversement de Bayrou : dor\u00e9navant c&rsquo;est absolument comme auparavant. <\/p>\n<p>Seul le d\u00e9part de Macron lui-m\u00eame peut mettre un terme \u00e0 cette triste com\u00e9die du m\u00e9pris du Parlement, des \u00e9lecteurs et de la d\u00e9cence politique.<\/p>\n<p>\u2014 Jean-Luc M\u00e9lenchon (@JLMelenchon) <a href=\"https:\/\/twitter.com\/JLMelenchon\/status\/1965475989015994798?ref_src=twsrc%5Etfw\" rel=\"nofollow noopener\" target=\"_blank\">September 9, 2025<\/a><\/p><\/blockquote>\n<p class=\"paragraph text_align_left lp-f-body-02\">Dans un communiqu\u00e9 de presse, Olivier Faure \u00e9crit qu\u2019Emmanuel Macron \u00ab s\u2019obstine dans une voie \u00e0 laquelle aucun socialiste ne participera \u00bb. \u00ab Il prend le risque de la col\u00e8re sociale l\u00e9gitime et du blocage institutionnel du pays \u00bb, ajoute-t-il.<\/p>\n<p>\u00ab La derni\u00e8re cartouche \u00bb<\/p>\n<p class=\"paragraph text_align_left lp-f-body-02\">\u00c0 droite, le pr\u00e9sident des LR et ministre d\u00e9missionnaire, <a href=\"https:\/\/www.leparisien.fr\/politique\/bruno-retailleau\/\" target=\"_blank\" rel=\"noreferrer nofollow noopener\">Bruno Retailleau<\/a> s\u2019est f\u00e9licit\u00e9 que le Premier ministre ne soit pas \u00ab socialiste \u00bb. \u00ab La t\u00e2che va \u00eatre rude \u00bb, reconna\u00eet-il, souhaitant \u00ab trouver des accords \u00bb avec lui.<\/p>\n<p class=\"paragraph text_align_left lp-f-body-02\">Gabriel Attal, pr\u00e9sident de Renaissance, soutiendra le Premier ministre. \u00ab Tous mes v\u0153ux de succ\u00e8s \u00e0 S\u00e9bastien Lecornu dans ses nouvelles fonctions (\u2026) Avec les d\u00e9put\u00e9s Ensemble pour la R\u00e9publique et Renaissance, nous chercherons toujours \u00e0 aller dans le sens de l\u2019int\u00e9r\u00eat g\u00e9n\u00e9ral et le soutiendrons pour cela \u00bb, indique-t-il, sur ses r\u00e9seaux sociaux.<\/p>\n<p class=\"paragraph text_align_left lp-f-body-02\">Un autre ancien Premier ministre a aussi comment\u00e9 cette nomination. \u00c9douard Philippe estime sur TF1 que S\u00e9bastien Lecornu \u00ab a les qualit\u00e9s \u00bb pour \u00ab discuter \u00bb et \u00ab trouver un accord \u00bb avec les autres partis.<\/p>\n<p class=\"paragraph text_align_left lp-f-body-02\">Marine Le Pen \u00e9crit sur X que \u00ab le Pr\u00e9sident tire la derni\u00e8re cartouche du macronisme, bunkeris\u00e9 avec son petit carr\u00e9 de fid\u00e8les. Apr\u00e8s les in\u00e9luctables futures \u00e9lections l\u00e9gislatives, le Premier ministre s\u2019appellera Jordan Bardella \u00bb.<\/p>\n<blockquote class=\"twitter-tweet\">\n<p lang=\"fr\" dir=\"ltr\">Le Pr\u00e9sident tire la derni\u00e8re cartouche du macronisme, bunkeris\u00e9 avec son petit carr\u00e9 de fid\u00e8les. Apr\u00e8s les in\u00e9luctables futures \u00e9lections l\u00e9gislatives, le Premier ministre s\u2019appellera Jordan Bardella.<\/p>\n<p>\u2014 Marine Le Pen (@MLP_officiel) <a href=\"https:\/\/twitter.com\/MLP_officiel\/status\/1965473953256013977?ref_src=twsrc%5Etfw\" rel=\"nofollow noopener\" target=\"_blank\">September 9, 2025<\/a><\/p><\/blockquote>\n<p class=\"paragraph text_align_left lp-f-body-02\">\u00ab Nous jugerons -sans illusion- le nouveau Premier ministre sur pi\u00e8ces, \u00e0 ses actes, \u00e0 ses orientations pour donner un budget \u00e0 la France, et ce \u00e0 l\u2019aune de nos lignes rouges \u00bb, a de son c\u00f4t\u00e9 affirm\u00e9 sur X le pr\u00e9sident du RN, Jordan Bardella, disant son parti \u00ab \u00e0 sa disposition pour les lui rappeler \u00bb.<\/p>\n<p class=\"paragraph text_align_left lp-f-body-02\">La passation de pouvoirs entre S\u00e9bastien Lecornu et Fran\u00e7ois Bayrou aura lieu demain \u00e0 12 heures \u00e0 l\u2019H\u00f4tel de Matignon, selon l\u2019entourage du d\u00e9sormais ex-Premier ministre.<\/p>\n<p><script async src=\"https:\/\/platform.twitter.com\/widgets.js\" charset=\"utf-8\"><\/script><\/p>\n","protected":false},"excerpt":{"rendered":"Pr\u00e8s de 24 heures apr\u00e8s la d\u00e9mission de Fran\u00e7ois Bayrou, Emmanuel Macron a nomm\u00e9 le ministre des Arm\u00e9es&hellip;\n","protected":false},"author":2,"featured_media":378470,"comment_status":"","ping_status":"","sticky":false,"template":"","format":"standard","meta":{"footnotes":""},"categories":[1888],"tags":[11,1777,674,1011,27,12,626,316,25],"class_list":{"0":"post-378469","1":"post","2":"type-post","3":"status-publish","4":"format-standard","5":"has-post-thumbnail","7":"category-paris","8":"tag-actualites","9":"tag-eu","10":"tag-europe","11":"tag-fr","12":"tag-france","13":"tag-news","14":"tag-paris","15":"tag-politique","16":"tag-republique-francaise"},"share_on_mastodon":{"url":"https:\/\/pubeurope.com\/@fr\/115175998332599154","error":""},"_links":{"self":[{"href":"https:\/\/www.europesays.com\/fr\/wp-json\/wp\/v2\/posts\/378469","targetHints":{"allow":["GET"]}}],"collection":[{"href":"https:\/\/www.europesays.com\/fr\/wp-json\/wp\/v2\/posts"}],"about":[{"href":"https:\/\/www.europesays.com\/fr\/wp-json\/wp\/v2\/types\/post"}],"author":[{"embeddable":true,"href":"https:\/\/www.europesays.com\/fr\/wp-json\/wp\/v2\/users\/2"}],"replies":[{"embeddable":true,"href":"https:\/\/www.europesays.com\/fr\/wp-json\/wp\/v2\/comments?post=378469"}],"version-history":[{"count":0,"href":"https:\/\/www.europesays.com\/fr\/wp-json\/wp\/v2\/posts\/378469\/revisions"}],"wp:featuredmedia":[{"embeddable":true,"href":"https:\/\/www.europesays.com\/fr\/wp-json\/wp\/v2\/media\/378470"}],"wp:attachment":[{"href":"https:\/\/www.europesays.com\/fr\/wp-json\/wp\/v2\/media?parent=378469"}],"wp:term":[{"taxonomy":"category","embeddable":true,"href":"https:\/\/www.europesays.com\/fr\/wp-json\/wp\/v2\/categories?post=378469"},{"taxonomy":"post_tag","embeddable":true,"href":"https:\/\/www.europesays.com\/fr\/wp-json\/wp\/v2\/tags?post=378469"}],"curies":[{"name":"wp","href":"https:\/\/api.w.org\/{rel}","templated":true}]}}