{"id":378471,"date":"2025-09-09T19:30:26","date_gmt":"2025-09-09T19:30:26","guid":{"rendered":"https:\/\/www.europesays.com\/fr\/378471\/"},"modified":"2025-09-09T19:30:26","modified_gmt":"2025-09-09T19:30:26","slug":"papa-a-mis-son-zizi-dans-ma-bouche-la-justice-repond-tu-vas-aller-vivre-chez-papa-a-paris-des-meres-denoncent-une-justice-a-charge-contre-celles-qui-disent","status":"publish","type":"post","link":"https:\/\/www.europesays.com\/fr\/378471\/","title":{"rendered":"\u00ab\u00a0Papa a mis son zizi dans ma bouche, la justice\u00a0r\u00e9pond\u00a0: tu vas aller vivre chez papa\u00a0\u00bb\u00a0: \u00e0 Paris, des m\u00e8res d\u00e9noncent une justice \u00e0 charge contre celles qui disent l\u2019inceste"},"content":{"rendered":"<p>Sous les peluches pos\u00e9es au sol, des pancartes crient l\u2019injustice\u00a0: \u00ab\u00a0Toutes les 3 minutes, une enfance est bris\u00e9e\u00a0\u00bb, \u00ab\u00a0violences sexuelles sur enfants\u00a0: class\u00e9es sans suite 73\u00a0% \/condamnations prononc\u00e9es\u00a0: 0,4\u00a0%\u00a0\u00bb, \u00ab\u00a0Eden 8\u00a0ans et demi\u00a0: papa a mis son zizi dans ma bouche\/la justice\u00a0: tu vas aller vivre chez papa\u00a0\u00bb.<\/p>\n<p>Devant ces panneaux, une quinzaine de m\u00e8res se sont retrouv\u00e9es ce mardi place de la R\u00e9publique \u00e0 Paris pour d\u00e9noncer des d\u00e9cisions de justice incompr\u00e9hensibles. Elles sont nombreuses \u00e0 avoir signal\u00e9 leur compagnon pour des gestes incestueux, mais ce sont elles \u00e0 qui on a retir\u00e9 la garde des enfants&#8230;.<\/p>\n","protected":false},"excerpt":{"rendered":"Sous les peluches pos\u00e9es au sol, des pancartes crient l\u2019injustice\u00a0: \u00ab\u00a0Toutes les 3 minutes, une enfance est bris\u00e9e\u00a0\u00bb,&hellip;\n","protected":false},"author":2,"featured_media":378472,"comment_status":"","ping_status":"","sticky":false,"template":"","format":"standard","meta":{"footnotes":""},"categories":[1888],"tags":[11,1777,674,1011,27,651,12,626,25,799],"class_list":{"0":"post-378471","1":"post","2":"type-post","3":"status-publish","4":"format-standard","5":"has-post-thumbnail","7":"category-paris","8":"tag-actualites","9":"tag-eu","10":"tag-europe","11":"tag-fr","12":"tag-france","13":"tag-inceste","14":"tag-news","15":"tag-paris","16":"tag-republique-francaise","17":"tag-violences-sexuelles"},"share_on_mastodon":{"url":"https:\/\/pubeurope.com\/@fr\/115176002347412523","error":""},"_links":{"self":[{"href":"https:\/\/www.europesays.com\/fr\/wp-json\/wp\/v2\/posts\/378471","targetHints":{"allow":["GET"]}}],"collection":[{"href":"https:\/\/www.europesays.com\/fr\/wp-json\/wp\/v2\/posts"}],"about":[{"href":"https:\/\/www.europesays.com\/fr\/wp-json\/wp\/v2\/types\/post"}],"author":[{"embeddable":true,"href":"https:\/\/www.europesays.com\/fr\/wp-json\/wp\/v2\/users\/2"}],"replies":[{"embeddable":true,"href":"https:\/\/www.europesays.com\/fr\/wp-json\/wp\/v2\/comments?post=378471"}],"version-history":[{"count":0,"href":"https:\/\/www.europesays.com\/fr\/wp-json\/wp\/v2\/posts\/378471\/revisions"}],"wp:featuredmedia":[{"embeddable":true,"href":"https:\/\/www.europesays.com\/fr\/wp-json\/wp\/v2\/media\/378472"}],"wp:attachment":[{"href":"https:\/\/www.europesays.com\/fr\/wp-json\/wp\/v2\/media?parent=378471"}],"wp:term":[{"taxonomy":"category","embeddable":true,"href":"https:\/\/www.europesays.com\/fr\/wp-json\/wp\/v2\/categories?post=378471"},{"taxonomy":"post_tag","embeddable":true,"href":"https:\/\/www.europesays.com\/fr\/wp-json\/wp\/v2\/tags?post=378471"}],"curies":[{"name":"wp","href":"https:\/\/api.w.org\/{rel}","templated":true}]}}