{"id":378473,"date":"2025-09-09T19:31:12","date_gmt":"2025-09-09T19:31:12","guid":{"rendered":"https:\/\/www.europesays.com\/fr\/378473\/"},"modified":"2025-09-09T19:31:12","modified_gmt":"2025-09-09T19:31:12","slug":"en-direct-ukraine-24-personnes-rassemblees-pour-toucher-leur-retraite-tuees-dans-une-frappe-russe","status":"publish","type":"post","link":"https:\/\/www.europesays.com\/fr\/378473\/","title":{"rendered":"EN DIRECT &#8211; Ukraine : 24 personnes rassembl\u00e9es pour toucher leur retraite tu\u00e9es dans une frappe russe"},"content":{"rendered":"<ul class=\"jsx-862013697 ArticleChapo__List\">\n<li class=\"jsx-862013697 ArticleChapo__List_Item flex\">Un bombardement russe a caus\u00e9 la mort d&rsquo;au moins 24 personnes qui attendaient le versement de leurs pensions de retraite dans un village proche du front de la r\u00e9gion de Donetsk, dans l&rsquo;est de l&rsquo;Ukraine, selon les autorit\u00e9s.<\/li>\n<li class=\"jsx-862013697 ArticleChapo__List_Item flex\">Suivez les derni\u00e8res informations.<\/li>\n<\/ul>\n<p><a href=\"https:\/\/www.tf1info.fr\/actualite\/guerre-ukraine-russie-une-rencontre-donald-trump-vladimir-poutine-historique-le-vendredi-15-aout-2025-en-alaska-sans-volodymyr-zelensky-14326\/\" rel=\"noopener\" class=\"jsx-484472199 Link jsx-1428418400 jsx-554215408\" target=\"_blank\"><\/p>\n<p style=\"font-weight:400\" class=\"jsx-1837267516\">Suivez la couverture compl\u00e8te<\/p>\n<p style=\"font-weight:800\" class=\"jsx-1837267516\">Ukraine-Russie : des n\u00e9gociations dans l\u2019impasse<\/p>\n<p><\/a>Les \u00e9l\u00e9ments marquants\u00a0\u00bbPOUTINE EST PR\u00caT \u00c0 ENVAHIR D&rsquo;AUTRES PAYS\u00a0\u00bb14:28<\/p>\n<p>\u00ab\u00a0Nous ne faisons pas confiance aux bonnes intentions de Vladimir Poutine\u00a0\u00bb, a d\u00e9clar\u00e9 mardi le pr\u00e9sident polonais, Karol Nawrocki, lors d&rsquo;une visite en Finlande. \u00ab\u00a0Tout en attendant, bien s\u00fbr, une paix \u00e0 long terme, une paix permanente, qui est n\u00e9cessaire \u00e0 nos r\u00e9gions, nous pensons que Vladimir Poutine est pr\u00eat \u00e0 envahir \u00e9galement d&rsquo;autres pays\u00a0\u00bb, a affirm\u00e9 depuis Helsinki le nationaliste polonais r\u00e9cemment \u00e9lu. \u00ab\u00a0C&rsquo;est exactement la raison pour laquelle nous d\u00e9veloppons nos forces arm\u00e9es, notre partenariat et nos relations avec nos alli\u00e9s\u00a0\u00bb, a-t-il ajout\u00e9, sans donner d&rsquo;exemples particuliers.\u00a0<\/p>\n<p>Karol Nawrocki a estim\u00e9 que \u00ab\u00a0l&rsquo;architecture de s\u00e9curit\u00e9\u00a0\u00bb dans toute la r\u00e9gion avait chang\u00e9 et que Donald Trump \u00e9tait \u00ab\u00a0le seul dirigeant du monde libre\u00a0\u00bb qui pouvait forcer le ma\u00eetre du Kremlin \u00e0 n\u00e9gocier.\u00a0<\/p>\n<p>Minute par minuteALLEMAGNE18:02<\/p>\n<p>L&rsquo;Allemagne va lancer un programme visant \u00e0 doter l&rsquo;Ukraine de \u00ab\u00a0plusieurs milliers de drones \u00e0 longue port\u00e9e\u00a0\u00bb pour des \u00ab\u00a0frappes en profondeur\u00a0\u00bb contre la \u00ab\u00a0machinerie de guerre russe\u00a0\u00bb, pour un montant total de 300 millions d&rsquo;euros, a indiqu\u00e9 mardi le ministre allemand de la D\u00e9fense, Boris Pistorius, lors d&rsquo;une r\u00e9union \u00e0 Londres du groupe de contact sur la d\u00e9fense de l&rsquo;Ukraine.<\/p>\n<p>24 MORTS16:00<\/p>\n<p>Le bombardement russe sur le village du Donetsk a fait au moins 24 morts, selon les autorit\u00e9s ukrainiennes. \u00ab\u00a0Les Russes ont largu\u00e9 une bombe a\u00e9rienne guid\u00e9e sur le centre du village alors qu&rsquo;une file de civils s&rsquo;\u00e9taient rassembl\u00e9s\u00a0\u00bb pour recevoir leurs allocations de retraite, a \u00e9crit sur Telegram le ministre de l&rsquo;Int\u00e9rieur, Igor Klymenko.<\/p>\n<p>Le parquet g\u00e9n\u00e9ral ukrainien a annonc\u00e9 avoir ouvert une enqu\u00eate pour crime de guerre.<\/p>\n<p>\u00ab\u00a0NOUS SOMMES PR\u00caTS \u00c0 PRENDRE DES MESURES FORTES CONTRE LA RUSSIE\u00a0\u00bb15:57<\/p>\n<p>\u00ab\u00a0Toutes les options sont sur la table\u00a0\u00bb pour pousser Moscou \u00e0 entamer des pourparlers de paix sur l&rsquo;Ukraine et \u00ab\u00a0nous sommes pr\u00eats \u00e0 prendre des mesures fortes contre la Russie\u00a0\u00bb si ce n&rsquo;est pas le cas, a affirm\u00e9 le secr\u00e9taire am\u00e9ricain au Tr\u00e9sor Scott Bessent.<\/p>\n<p>Sur son compte X, M. Bessent a appel\u00e9 dans la nuit de lundi \u00e0 mardi \u00ab\u00a0nos partenaires europ\u00e9ens \u00e0 nous rejoindre totalement afin que nous puissions y parvenir\u00a0\u00bb, insistant sur le fait que \u00ab\u00a0le statu quo n&rsquo;a pas fonctionn\u00e9\u00a0\u00bb.<\/p>\n<p>LA POLOGNE VA FERMER SA FRONTI\u00c8RE AVEC LA BI\u00c9LORUSSIE15:26<\/p>\n<p>\u00ab\u00a0Pour des raisons de s\u00e9curit\u00e9 nationale, nous fermerons les fronti\u00e8res avec la Bi\u00e9lorussie, y compris les passages ferroviaires, en lien avec les manoeuvres &lsquo;Zapad&rsquo;, \u00e0 compter de la nuit de jeudi \u00e0 vendredi, \u00e0 minuit\u00a0\u00bb, a d\u00e9clar\u00e9 Donald Tusk, chef du gouvernement polonais, \u00e0 la presse, qualifiant cet exercice d'\u00a0\u00bbagressif\u00a0\u00bb.<\/p>\n<p>Les manoeuvres Zapad-2025 (Ouest-2025) doivent se d\u00e9rouler du 12 au 16 septembre. Selon Donald Tusk, l&rsquo;objectif de l&rsquo;exercice russo-bi\u00e9lorusse est de simuler l&rsquo;occupation du \u00ab\u00a0corridor de Suwalki\u00a0\u00bb, qui s&rsquo;\u00e9tend le long de la fronti\u00e8re entre la Pologne et la Lituanie, cern\u00e9 par l&rsquo;enclave russe de Kaliningrad et la Bi\u00e9lorussie.<\/p>\n<p>\u00ab\u00a0POUTINE EST PR\u00caT \u00c0 ENVAHIR D&rsquo;AUTRES PAYS\u00a0\u00bb14:28<\/p>\n<p>\u00ab\u00a0Nous ne faisons pas confiance aux bonnes intentions de Vladimir Poutine\u00a0\u00bb, a d\u00e9clar\u00e9 mardi le pr\u00e9sident polonais, Karol Nawrocki, lors d&rsquo;une visite en Finlande. \u00ab\u00a0Tout en attendant, bien s\u00fbr, une paix \u00e0 long terme, une paix permanente, qui est n\u00e9cessaire \u00e0 nos r\u00e9gions, nous pensons que Vladimir Poutine est pr\u00eat \u00e0 envahir \u00e9galement d&rsquo;autres pays\u00a0\u00bb, a affirm\u00e9 depuis Helsinki le nationaliste polonais r\u00e9cemment \u00e9lu. \u00ab\u00a0C&rsquo;est exactement la raison pour laquelle nous d\u00e9veloppons nos forces arm\u00e9es, notre partenariat et nos relations avec nos alli\u00e9s\u00a0\u00bb, a-t-il ajout\u00e9, sans donner d&rsquo;exemples particuliers.\u00a0<\/p>\n<p>Karol Nawrocki a estim\u00e9 que \u00ab\u00a0l&rsquo;architecture de s\u00e9curit\u00e9\u00a0\u00bb dans toute la r\u00e9gion avait chang\u00e9 et que Donald Trump \u00e9tait \u00ab\u00a0le seul dirigeant du monde libre\u00a0\u00bb qui pouvait forcer le ma\u00eetre du Kremlin \u00e0 n\u00e9gocier.\u00a0<\/p>\n<p>\u00ab\u00a0PUR TERRORISME\u00a0\u00bb14:25<\/p>\n<p>Le gouverneur r\u00e9gional de Donetsk, Vadym Filachkine, a fait \u00e9tat d'\u00a0\u00bbau moins 21 morts\u00a0\u00bb et du m\u00eame nombre de bless\u00e9s lors de la frappe russe sur le village rural de Yarova. Il a confirm\u00e9 que l&rsquo;attaque s&rsquo;\u00e9tait produite pendant la distribution des retraites. \u00ab\u00a0Il ne s&rsquo;agit pas d&rsquo;une action militaire mais de pur terrorisme\u00a0\u00bb, s&rsquo;est-il insurg\u00e9. \u00ab\u00a0Des secouristes, des m\u00e9decins, la police et les autorit\u00e9s locales sont actuellement sur place.\u00a0\u00bb Une posti\u00e8re a \u00e9t\u00e9 bless\u00e9e et hospitalis\u00e9e, a dit \u00e0 l&rsquo;AFP le porte-parole de la poste publique Ukrpochta.<\/p>\n<p>CAMPAGNE \u00ab\u00a0SANS PR\u00c9C\u00c9DENT\u00a0\u00bb DU KREMLIN EN MOLDAVIE13:36<\/p>\n<p>Moscou a lanc\u00e9 une campagne d&rsquo;ing\u00e9rence sans pr\u00e9c\u00e9dent pour s&#8217;emparer de la Moldavie \u00e0 l&rsquo;occasion des \u00e9lections le 28 septembre, a d\u00e9nonc\u00e9 mardi la pr\u00e9sidente Maia Sandu. \u00ab\u00a0Aujourd&rsquo;hui, nous faisons face \u00e0 une guerre hybride illimit\u00e9e d&rsquo;une ampleur jamais vue depuis l&rsquo;invasion (russe) de l&rsquo;Ukraine\u00a0\u00bb, a affirm\u00e9 devant les eurod\u00e9put\u00e9s \u00e0 Strasbourg la cheffe d&rsquo;\u00c9tat de ce pays candidat \u00e0 rejoindre l&rsquo;UE.<\/p>\n<p>\u00ab\u00a0L&rsquo;objectif du Kremlin est clair, capturer la Moldavie par les urnes, l&rsquo;utiliser contre l&rsquo;Ukraine et faire de nous une rampe de lancement pour des attaques hybrides dans l&rsquo;Union europ\u00e9enne\u00a0\u00bb, a-t-elle d\u00e9nonc\u00e9. En d\u00e9fendant ce scrutin du 28 septembre contre la main mise de Moscou, \u00ab\u00a0nous prot\u00e9geons non seulement la Moldavie, mais aussi la s\u00e9curit\u00e9 et la stabilit\u00e9 r\u00e9gionale\u00a0\u00bb, a encore lanc\u00e9 la pr\u00e9sidente moldave.<\/p>\n<p>NOUVELLE FRAPPE RUSSE MEURTRI\u00c8RE11:41<\/p>\n<p>Une frappe a\u00e9rienne russe d'\u00a0\u00bbune brutalit\u00e9 sauvage\u00a0\u00bb a frapp\u00e9 le village rural de Yarova, dans la r\u00e9gion de Donetsk, a annonc\u00e9 Volodymyr Zelensky. \u00ab\u00a0Directement sur les habitants. De simples civils.\u00a0\u00bb \u00ab\u00a0Plus de 20 personnes\u00a0\u00bb ont \u00e9t\u00e9 tu\u00e9es. \u00ab\u00a0Les mots manquent&#8230;\u00a0\u00bb, a r\u00e9agi le pr\u00e9sident ukrainien. Le bombardement a eu lieu au moment o\u00f9 des villageois \u00e9taient en train de toucher leur retraite ,a-t-il indiqu\u00e9, en exhortant la communaut\u00e9 internationale \u00e0 \u00ab\u00a0des actions fortes\u00a0\u00bb contre la Russie.\u00a0<\/p>\n<blockquote data-testid=\"EmbedTwitter\" id=\"tweet-1965345997044744662-:R3j89lkmcmj9n79m:\" class=\"jsx-aeff1a1c40f54d7a twitter-tweet flex justify-center items-center\"><p>A brutally savage Russian airstrike with an aerial bomb on the rural settlement of Yarova in the Donetsk region. Directly on people. Ordinary civilians. At the very moment when pensions were being disbursed. According to preliminary information, more than 20 people were killed.\u2026  pic.twitter.com\/BB3o69PEqh \u2014 Volodymyr Zelenskyy \/ \u0412\u043e\u043b\u043e\u0434\u0438\u043c\u0438\u0440 \u0417\u0435\u043b\u0435\u043d\u0441\u044c\u043a\u0438\u0439 (@ZelenskyyUa)  September 9, 2025<\/p><\/blockquote>\n<p>ZELENSKY FIXE \u00ab\u00a0L&rsquo;OBJECTIF NUM\u00c9RO UN\u00a0\u00bb DE KIEV08:04<\/p>\n<p>\u00ab\u00a0Les Russes concentrent \u00e0 nouveau leurs frappes sur les installations \u00e9nerg\u00e9tiques. Bien s\u00fbr, nous avons des r\u00e9ponses \u00e0 apporter et nous continuerons d&rsquo;en apporter, mais la priorit\u00e9 absolue est la stabilit\u00e9 du syst\u00e8me\u00a0\u00bb, a affirm\u00e9 lundi Volodymyr Zelensky dans son adresse quotidienne sur X. \u00ab\u00a0Le renforcement de la d\u00e9fense a\u00e9rienne est l&rsquo;objectif num\u00e9ro un (&#8230;). L&rsquo;arm\u00e9e ukrainienne doit \u00eatre &#8211; et sera &#8211; constamment forte.\u00a0\u00bb<\/p>\n<blockquote data-testid=\"EmbedTwitter\" id=\"tweet-1965098579816563199-:R3j99lkmcmj9n79m:\" class=\"jsx-aeff1a1c40f54d7a twitter-tweet flex justify-center items-center\"><p>Today I held a Staff meeting \u2013 focused primarily on technological issues. The Russians are once again concentrating their strikes on the energy facilities. Of course, we have responses to this and will continue to respond, but the main priority is the stability of the system. We\u2026  pic.twitter.com\/WbUI7HOCiX \u2014 Volodymyr Zelenskyy \/ \u0412\u043e\u043b\u043e\u0434\u0438\u043c\u0438\u0440 \u0417\u0435\u043b\u0435\u043d\u0441\u044c\u043a\u0438\u0439 (@ZelenskyyUa)  September 8, 2025<\/p><\/blockquote>\n<p>LES UKRAINS APPEL\u00c9S \u00c0 SE PR\u00c9PARER POUR L&rsquo;HIVER07:02<\/p>\n<p>Les Ukrainiens doivent se pr\u00e9parer \u00e0 d&rsquo;\u00e9ventuelles coupures de courant pendant l&rsquo;automne et l&rsquo;hiver, a averti lundi un important fournisseur d&rsquo;\u00e9lectricit\u00e9 et de gaz, la Russie continuant de viser les infrastructures \u00e9nerg\u00e9tiques en Ukraine. \u00ab\u00a0Compte tenu des r\u00e9cents bombardements, il n&rsquo;y a pas vraiment lieu d&rsquo;\u00eatre optimiste\u00a0\u00bb pour les mois \u00e0 venir, a estim\u00e9 sur <a href=\"https:\/\/www.facebook.com\/sergey.j.kovalenko\/\" target=\"_blank\" rel=\"noopener\">Facebook (nouvelle fen\u00eatre)<\/a> Sergui\u00ef Kovalenko, le directeur g\u00e9n\u00e9ral de la compagnie ukrainienne Yasno. Il a appel\u00e9 la population \u00e0 se pr\u00e9parer \u00e0 des rationnements dans leur consommation \u00e9nerg\u00e9tique en faisant le \u00ab\u00a0plein de batteries mobiles et de lampes de poche\u00a0\u00bb.<\/p>\n<p>Le minist\u00e8re de l&rsquo;\u00c9nergie a, lui, affirm\u00e9 sur <a href=\"https:\/\/t.me\/energyofukraine\/4499\" target=\"_blank\" rel=\"nofollow\">Telegram (nouvelle fen\u00eatre)<\/a> que \u00a0\u00ab\u00a0l&rsquo;un des sites de production d&rsquo;\u00e9nergie thermique de la r\u00e9gion de Kiev\u00a0\u00bb avait \u00e9t\u00e9 la cible d'\u00a0\u00bbun bombardement massif\u00a0\u00bb, sans donner la date pr\u00e9cise de cette attaque. \u00ab\u00a0Le but est \u00e9vident : causer encore plus de souffrances \u00e0 la population pacifique ukrainienne, priver les maisons, les h\u00f4pitaux, les cr\u00e8ches et les \u00e9coles de l&rsquo;Ukraine d&rsquo;\u00e9lectricit\u00e9 et de chauffage.\u00a0\u00bb<\/p>\n<p>UN MISSILE UTILIS\u00c9 CONTRE LE SI\u00c8GE DU GOUVERNEMENT06:58<\/p>\n<p>L&rsquo;attaque russe qui a endommag\u00e9 dimanche le si\u00e8ge du gouvernement ukrainien \u00e0 Kiev, une premi\u00e8re en plus de trois ans de guerre, a \u00e9t\u00e9 men\u00e9e avec un missile Iskander. \u00ab\u00a0Pour la premi\u00e8re fois, l&rsquo;ennemi a attaqu\u00e9 le b\u00e2timent du gouvernement ukrainien &#8211; une frappe de missile Iskander\u00a0\u00bb, a \u00e9crit sur X Andri\u00ef Iermak, chef de l&rsquo;administration pr\u00e9sidentielle ukrainienne. Le puissant missile balistique Iskander est tr\u00e8s utilis\u00e9 par la Russie contre l&rsquo;Ukraine.<\/p>\n<p>L&rsquo;ambassadrice de l&rsquo;UE en Ukraine, Katarina Mathernova, avait indiqu\u00e9 plus t\u00f4t avoir constat\u00e9 le \u00ab\u00a0trou b\u00e9ant\u00a0\u00bb laiss\u00e9 par l&rsquo;impact ainsi que des restes du missile. \u00ab\u00a0C&rsquo;est uniquement parce que le missile n&rsquo;a pas pu compl\u00e8tement d\u00e9toner que l&rsquo;ensemble du b\u00e2timent n&rsquo;a pas \u00e9t\u00e9 transform\u00e9 en ruines\u00a0\u00bb, a-t-elle assur\u00e9. Andri\u00ef Danyk, le chef du service ukrainien des Situations d&rsquo;urgence, a fait \u00e9tat lundi de 800 \u00e0 900 m2 endommag\u00e9s.<\/p>\n<p>BIENVENUE06:54<\/p>\n<p>Bonjour \u00e0 toutes et tous. Bienvenue sur TF1info pour suivre les derni\u00e8res actualit\u00e9s autour de la guerre en Ukraine, d\u00e9but\u00e9e le 24 f\u00e9vrier 2022 avec l&rsquo;invasion ordonn\u00e9e par Poutine.\u00a0<\/p>\n<p data-module=\"article-paragraph\" class=\"jsx-3046738180 Paragraph Paragraph__End\">Une cible qui n&rsquo;avait jamais \u00e9t\u00e9 atteinte. L&rsquo;attaque russe qui a endommag\u00e9 dimanche le si\u00e8ge du gouvernement ukrainien \u00e0 Kiev a \u00e9t\u00e9 men\u00e9e avec un <a href=\"https:\/\/www.tf1info.fr\/international\/guerre-ukraine-russie-missiles-iskander-drones-la-russie-met-la-pression-sur-kiev-2258593.html\" target=\"_blank\" rel=\"noopener\">missile balistique Iskander<\/a>, a indiqu\u00e9 lundi le bras droit du pr\u00e9sident ukrainien. \u00ab\u00a0Pour la premi\u00e8re fois, l&rsquo;ennemi a attaqu\u00e9 le b\u00e2timent du gouvernement ukrainien \u2013 une frappe de missile balistique Iskander\u00a0\u00bb, a \u00e9crit sur X Andri\u00ef Iermak, chef de l&rsquo;administration pr\u00e9sidentielle ukrainienne.<\/p>\n<p data-module=\"article-paragraph\" class=\"jsx-3046738180 Paragraph\">Il a pr\u00e9cis\u00e9 avoir \u00e9voqu\u00e9 cette attaque lors d&rsquo;un appel avec le chef de la diplomatie am\u00e9ricaine, Marco Rubio. Le puissant missile balistique Iskander est tr\u00e8s utilis\u00e9 <a href=\"https:\/\/www.tf1info.fr\/actualite\/guerre-ukraine-russie-une-rencontre-donald-trump-vladimir-poutine-historique-le-vendredi-15-aout-2025-en-alaska-sans-volodymyr-zelensky-14326\/\" target=\"_blank\" rel=\"noopener\">par la Russie contre l&rsquo;Ukraine<\/a>. La Russie a lanc\u00e9 dimanche sa plus grande vague de drones et missiles sur l&rsquo;Ukraine depuis le d\u00e9but de la guerre en f\u00e9vrier 2022.<\/p>\n<p data-module=\"article-paragraph\" class=\"jsx-3046738180 Paragraph Paragraph__End\">L&rsquo;ambassadrice de l&rsquo;UE en Ukraine, Katarina Mathernova, avait indiqu\u00e9 plus t\u00f4t avoir visit\u00e9 le si\u00e8ge du gouvernement, et y avoir constat\u00e9 le \u00ab\u00a0trou b\u00e9ant\u00a0\u00bb laiss\u00e9 par l&rsquo;impact ainsi que des restes du missile. \u00ab\u00a0C&rsquo;est uniquement parce que le missile n&rsquo;a pas pu compl\u00e8tement d\u00e9toner que l&rsquo;ensemble du b\u00e2timent n&rsquo;a pas \u00e9t\u00e9 transform\u00e9 en ruines\u00a0\u00bb, a-t-elle assur\u00e9. Andri\u00ef Danyk, le chef du service ukrainien des Situations d&rsquo;urgence, a fait \u00e9tat lundi de 800 \u00e0 900 m\u00b2 endommag\u00e9s.<\/p>\n<p><a href=\"https:\/\/www.tf1info.fr\/international\/verif-l-armee-russe-a-t-elle-conquis-moins-de-1-du-territoire-ukrainien-depuis-l-automne-2022-2392867.html\" rel=\"noopener\" class=\"jsx-3308031228 Link flex\" target=\"_blank\"><img decoding=\"async\" src=\"https:\/\/www.europesays.com\/fr\/wp-content\/uploads\/2025\/09\/1757446272_520_verif-un-char-russe-pendant-le-defile-militaire-a-saint-petersbourg-celebrant-les-80-ans-de-la-fin-d.jpeg\" alt=\"Un char russe pendant le d\u00e9fil\u00e9 militaire \u00e0  Saint-P\u00e9tersbourg c\u00e9l\u00e9brant les 80 ans de la fin de la guerre, le 3 mai 2025\" loading=\"lazy\" importance=\"low\" fetchpriority=\"low\" class=\"\" aria-hidden=\"true\"\/><\/p>\n<p class=\"jsx-3657663356 ReadMoreArticle__Title\">Lire aussi<\/p>\n<p class=\"jsx-3657663356\">V\u00c9RIF&rsquo; &#8211; L&rsquo;arm\u00e9e russe a-t-elle conquis \u00ab\u00a0moins de 1% du territoire ukrainien\u00a0\u00bb depuis l&rsquo;automne 2022 ? <\/p>\n<p><\/a><\/p>\n<p data-module=\"article-paragraph\" class=\"jsx-3046738180 Paragraph Paragraph__End\">L&rsquo;attaque a provoqu\u00e9 un incendie qui s&rsquo;est propag\u00e9 \u00ab\u00a0tr\u00e8s rapidement\u00a0\u00bb, a-t-il dit \u00e0 un groupe de journalistes, dont l&rsquo;AFP, venus visiter les lieux. Apr\u00e8s l&rsquo;attaque record de dimanche, qui a fait plusieurs morts et bless\u00e9s \u00e0 travers le pays, Kiev a appel\u00e9 ses alli\u00e9s \u00e0 de nouvelles sanctions \u00e9conomiques contre Moscou, ce \u00e0 quoi le pr\u00e9sident am\u00e9ricain Donald Trump s&rsquo;est dit pr\u00eat.<\/p>\n<p>La r\u00e9daction de TF1info<\/p>\n<p><script async src=\"https:\/\/platform.twitter.com\/widgets.js\" charset=\"utf-8\"><\/script><\/p>\n","protected":false},"excerpt":{"rendered":"Un bombardement russe a caus\u00e9 la mort d&rsquo;au moins 24 personnes qui attendaient le versement de leurs pensions&hellip;\n","protected":false},"author":2,"featured_media":309631,"comment_status":"","ping_status":"","sticky":false,"template":"","format":"standard","meta":{"footnotes":""},"categories":[1591],"tags":[1111,11,1921,5925,73,1887,1922,12,1885,1886,132,220,1917,50704,133,1920,135,134],"class_list":{"0":"post-378473","1":"post","2":"type-post","3":"status-publish","4":"format-standard","5":"has-post-thumbnail","7":"category-russie","8":"tag-actu","9":"tag-actualites","10":"tag-article-video","11":"tag-conflits-et-guerre","12":"tag-etats-unis","13":"tag-federation-de-russie","14":"tag-info","15":"tag-news","16":"tag-russia","17":"tag-russian-federation","18":"tag-russie","19":"tag-ukraine","20":"tag-ukraine-4-annee-de-guerre","21":"tag-ukraine-russie-des-negociations-dans-limpasse","22":"tag-video","23":"tag-video-international","24":"tag-vladimir-poutine","25":"tag-volodymyr-zelensky"},"share_on_mastodon":{"url":"https:\/\/pubeurope.com\/@fr\/115176006584332477","error":""},"_links":{"self":[{"href":"https:\/\/www.europesays.com\/fr\/wp-json\/wp\/v2\/posts\/378473","targetHints":{"allow":["GET"]}}],"collection":[{"href":"https:\/\/www.europesays.com\/fr\/wp-json\/wp\/v2\/posts"}],"about":[{"href":"https:\/\/www.europesays.com\/fr\/wp-json\/wp\/v2\/types\/post"}],"author":[{"embeddable":true,"href":"https:\/\/www.europesays.com\/fr\/wp-json\/wp\/v2\/users\/2"}],"replies":[{"embeddable":true,"href":"https:\/\/www.europesays.com\/fr\/wp-json\/wp\/v2\/comments?post=378473"}],"version-history":[{"count":0,"href":"https:\/\/www.europesays.com\/fr\/wp-json\/wp\/v2\/posts\/378473\/revisions"}],"wp:featuredmedia":[{"embeddable":true,"href":"https:\/\/www.europesays.com\/fr\/wp-json\/wp\/v2\/media\/309631"}],"wp:attachment":[{"href":"https:\/\/www.europesays.com\/fr\/wp-json\/wp\/v2\/media?parent=378473"}],"wp:term":[{"taxonomy":"category","embeddable":true,"href":"https:\/\/www.europesays.com\/fr\/wp-json\/wp\/v2\/categories?post=378473"},{"taxonomy":"post_tag","embeddable":true,"href":"https:\/\/www.europesays.com\/fr\/wp-json\/wp\/v2\/tags?post=378473"}],"curies":[{"name":"wp","href":"https:\/\/api.w.org\/{rel}","templated":true}]}}