{"id":378476,"date":"2025-09-09T19:33:10","date_gmt":"2025-09-09T19:33:10","guid":{"rendered":"https:\/\/www.europesays.com\/fr\/378476\/"},"modified":"2025-09-09T19:33:10","modified_gmt":"2025-09-09T19:33:10","slug":"les-operations-policieres-de-donald-trump-setendent-a-boston-et-chicago","status":"publish","type":"post","link":"https:\/\/www.europesays.com\/fr\/378476\/","title":{"rendered":"Les op\u00e9rations polici\u00e8res de Donald Trump s\u2019\u00e9tendent \u00e0 Boston et Chicago"},"content":{"rendered":"<p>    R\u00e9sum\u00e9 en 20 secondes<\/p>\n<p>        En savoir plus sur ce type de contenu<\/p>\n<p>Ce r\u00e9sum\u00e9 peut avoir \u00e9t\u00e9 \u00e9crit avec l&rsquo;assistance d\u2019une IA g\u00e9n\u00e9rative. <a href=\"https:\/\/www.letemps.ch\/cyber\/l-usage-de-l-ia-generative-par-les-journalistes-du-temps\" target=\"_blank\" rel=\"noopener\">En savoir plus<\/a><\/p>\n<p class=\"article__abstract-call-to-action\" data-ariato=\"TrackableElement\" data-trackable-element-type=\"article_abstract_cta\" data-trackable-element-location=\"article_header\" data-trackable-element-id=\"505522\">\n        <a data-event=\"click-&gt;clicked\" href=\"https:\/\/www.letemps.ch\/abonnements\" target=\"_blank\" rel=\"noopener\">Abonnez-vous<\/a> pour acc\u00e9der au r\u00e9sum\u00e9 en 20 secondes.\n      <\/p>\n<p>Donald Trump partageait ce samedi sur les r\u00e9seaux sociaux une image r\u00e9alis\u00e9e par l\u2019IA de lui-m\u00eame accroupi devant la skyline de Chicago. Avec le message suivant: \u00abJ\u2019aime l\u2019odeur de la d\u00e9portation au petit matin. Chicago saura bient\u00f4t pourquoi cela s\u2019appelle le d\u00e9partement de la guerre. Chipocalypse Now.\u00bb L\u2019illustration est une r\u00e9f\u00e9rence \u00e0 la phrase \u00abj\u2019aime l\u2019odeur du napalm au petit matin\u00bb, prononc\u00e9e dans le film Apocalypse Now, de Francis Ford Coppola, sur la guerre du Vietnam. Quant au \u00abd\u00e9partement de la guerre\u00bb, c\u2019est le nouveau nom attribu\u00e9 vendredi dernier par d\u00e9cret pr\u00e9sidentiel au D\u00e9partement am\u00e9ricain de la d\u00e9fense.<\/p>\n<p>Lire aussi: <a href=\"https:\/\/www.letemps.ch\/articles\/bateau-coule-par-les-etats-unis-dans-les-caraibes-11-morts-et-beaucoup-de-questions\" target=\"_blank\" rel=\"noopener\">Bateau coul\u00e9 par les Etats-Unis dans les Cara\u00efbes: 11\u00a0morts et beaucoup de questions<\/a>  <\/p>\n","protected":false},"excerpt":{"rendered":"R\u00e9sum\u00e9 en 20 secondes En savoir plus sur ce type de contenu Ce r\u00e9sum\u00e9 peut avoir \u00e9t\u00e9 \u00e9crit&hellip;\n","protected":false},"author":2,"featured_media":378477,"comment_status":"","ping_status":"","sticky":false,"template":"","format":"standard","meta":{"footnotes":""},"categories":[1589],"tags":[11,75,73,1866,12,301,10162,1864,1865,1863,308],"class_list":{"0":"post-378476","1":"post","2":"type-post","3":"status-publish","4":"format-standard","5":"has-post-thumbnail","7":"category-etats-unis","8":"tag-actualites","9":"tag-donald-trump","10":"tag-etats-unis","11":"tag-etats-unis-damerique","12":"tag-news","13":"tag-premium","14":"tag-racisme","15":"tag-united-states","16":"tag-united-states-of-america","17":"tag-us","18":"tag-usa"},"share_on_mastodon":{"url":"https:\/\/pubeurope.com\/@fr\/115176014108326006","error":""},"_links":{"self":[{"href":"https:\/\/www.europesays.com\/fr\/wp-json\/wp\/v2\/posts\/378476","targetHints":{"allow":["GET"]}}],"collection":[{"href":"https:\/\/www.europesays.com\/fr\/wp-json\/wp\/v2\/posts"}],"about":[{"href":"https:\/\/www.europesays.com\/fr\/wp-json\/wp\/v2\/types\/post"}],"author":[{"embeddable":true,"href":"https:\/\/www.europesays.com\/fr\/wp-json\/wp\/v2\/users\/2"}],"replies":[{"embeddable":true,"href":"https:\/\/www.europesays.com\/fr\/wp-json\/wp\/v2\/comments?post=378476"}],"version-history":[{"count":0,"href":"https:\/\/www.europesays.com\/fr\/wp-json\/wp\/v2\/posts\/378476\/revisions"}],"wp:featuredmedia":[{"embeddable":true,"href":"https:\/\/www.europesays.com\/fr\/wp-json\/wp\/v2\/media\/378477"}],"wp:attachment":[{"href":"https:\/\/www.europesays.com\/fr\/wp-json\/wp\/v2\/media?parent=378476"}],"wp:term":[{"taxonomy":"category","embeddable":true,"href":"https:\/\/www.europesays.com\/fr\/wp-json\/wp\/v2\/categories?post=378476"},{"taxonomy":"post_tag","embeddable":true,"href":"https:\/\/www.europesays.com\/fr\/wp-json\/wp\/v2\/tags?post=378476"}],"curies":[{"name":"wp","href":"https:\/\/api.w.org\/{rel}","templated":true}]}}