{"id":378480,"date":"2025-09-09T19:35:10","date_gmt":"2025-09-09T19:35:10","guid":{"rendered":"https:\/\/www.europesays.com\/fr\/378480\/"},"modified":"2025-09-09T19:35:10","modified_gmt":"2025-09-09T19:35:10","slug":"guerre-en-ukraine-lallemagne-va-fournir-a-kiev-des-milliers-de-drones-a-longue-portee-sud-ouest","status":"publish","type":"post","link":"https:\/\/www.europesays.com\/fr\/378480\/","title":{"rendered":"Guerre en Ukraine : l&#039;Allemagne va fournir \u00e0 Kiev des milliers de drones \u00e0 longue port\u00e9e &#8211; Sud Ouest"},"content":{"rendered":"<ol>\n<li><a href=\"https:\/\/news.google.com\/rss\/articles\/CBMi5wFBVV95cUxOaWhsSVRCVWZrYXJnYnNnMDVtcHJDVi1pVk8zSVNtUld1bGNNOGRtLXEtV2oyOWxtTTVyQ0I2S0xaQTVRdWhxaE5UY0ZkRktPa2hCaXN0TktyYjZLWWg5Ym0tNHI3YUJSWWhYZnNtTFUtMUlvbnFHN0p2c2d6XzdhQXZEQllrN3BXOURqalllUUt5Z3BWRlJrMzdobmZfY2daREdHLWVaQXVyWHRhcXotLURSdXVySDkxdW1GbVNmaEZkNjBFN1VFNGpUVnB6Q0RmYkJWeGN3cTc3XzhfWmJwdmlhaS0yZEE?oc=5\" target=\"_blank\" rel=\"nofollow noopener\">Guerre en Ukraine : l&rsquo;Allemagne va fournir \u00e0 Kiev des milliers de drones \u00e0 longue port\u00e9e<\/a>&nbsp;&nbsp;Sud Ouest<\/li>\n<li><a href=\"https:\/\/news.google.com\/rss\/articles\/CBMiqAJBVV95cUxPRnpRS1hCbm1RZktuUVJJRzlvUWdOdUR3TW5MUGJnTVU0LUZ0UWprNWhKTzc2bk9aRU1uelZ6QVhzN3VRRk5Obm45Z1Ryenl0ZEstWFVWUU1QVk5fa2duSGphOXZjUkNPd0F6NnkzRkV1ZktwakM2T3lwQXhPQ1otdUlITnBiZHJJTUMybHVaZEJyVm9ySUlwcmg2V0hydUlvN3VyeHJud3d4U3A4N0w2bEVCVHI1TWRWYWhBaEZIa2JBSFVMRUlpMDVZN2Z2Tko4UnFLNDVJNkRwWGt6Nkl0QTdCSllYRHBSUnlNRXBfaHl3OWlYemgxZVFMZUE4LWZDakdaY19OczVYRmpVWk5ZUFNZY0FKY0xJcGpobm8xTmhpYkFHLWRaeA?oc=5\" target=\"_blank\" rel=\"nofollow noopener\">En direct, guerre en Ukraine : l\u2019Allemagne va lancer un programme visant \u00e0 doter Kiev de \u00ab plusieurs milliers de drones \u00e0 longue port\u00e9e \u00bb<\/a>&nbsp;&nbsp;Le Monde.fr<\/li>\n<li><a href=\"https:\/\/news.google.com\/rss\/articles\/CBMi0AFBVV95cUxPd0I4MGI0WHMyNEdCMFI2ZFpTNmJDN19jQnhVSTVybXZBRFI3Y0psbExfWGI5QkNxRkdES3NubTVmVHk1Y3ZWWUw3U0JzdlFkcHBIcEh5cFR4SC05SmJ1bFZQeEdIVXdXQnVrdWRiT3Q2amVQbzZCV04wS2FoQ182MzVWMnh2cGo2d0NadmRYS0tZWnIzTWlxT0ZuRDB4cmRaWUltSXdXZHNTTENFQTBUblZEbTBuMlpsbjMxQXJydHZHdThlbnFOcnVpUlItNE9y?oc=5\" target=\"_blank\" rel=\"nofollow noopener\">Berlin annonce un programme pour doter l&rsquo;Ukraine de milliers de drones \u00e0 longue port\u00e9e<\/a>&nbsp;&nbsp;RFI<\/li>\n<li><a href=\"https:\/\/news.google.com\/rss\/articles\/CBMiuAFBVV95cUxPQmR1cnJyeE9PcFNJRWJaNTVmR29jM0dGOFpCb2lmT3E4UTRFYjF2cElEZXFoWEctMmVHWkRTcW82eVBXN0E5dzlsQjBqRTFiQW52UXVEb0hYX3pqTkpTV1VUS0xDdTRFMEtyYkxrcDFraUdXeUdvOUtER2w2VjYxQkFyamNwV25lbnFOYUNhbDVKQ1dveXZlVGNWcFFKWUoydTVXb2QwdHM4c1FmQ0tiZE1TTlh1N0Vw?oc=5\" target=\"_blank\" rel=\"nofollow noopener\">Pour l\u2019Ukraine, une \u201ccoalition de volontaires\u201d sans volont\u00e9<\/a>&nbsp;&nbsp;Courrier international<\/li>\n<li><a href=\"https:\/\/news.google.com\/rss\/articles\/CBMi_gFBVV95cUxNUThmcVpRTk4wa3d6cmNVcUoyMjdRd2hDblQzTGNuT005eEVUeVNPb2lPUVhjaUh6QV9hN0xVZ0NnZGdtZUJ2X3ZSRzB0Ql9HMEMxS3JNT2Ywa2YtZU9xdkdGZ3B1Z2ZMbWk5ZkZDaEZBTXZMdzVOZ3RTTmhuU3pmWkwwWG9ZM3hCS3dSZU1VS3JiNExxal9QeVZZQ1VZSzcxY09NRGZYT2t2QmRKT3Zab3VsQVptZEdVVDFWbFVDQjQ1ZEkzZ1JPNTRsOW1LYWZzZHhGTzE2TlRmelZ4M2xWdmdzWnhjU01KdnV2bGluLS1ud0d6M3FYaGVlZGdzQQ?oc=5\" target=\"_blank\" rel=\"nofollow noopener\">ENTRETIEN. Guerre en Ukraine : \u00ab\u00a0Ce qui est en train de se jouer avec cette force de r\u00e9assurance est existentiel pour l&rsquo;Europe\u00a0\u00bb<\/a>&nbsp;&nbsp;ladepeche.fr<\/li>\n<\/ol>\n","protected":false},"excerpt":{"rendered":"Guerre en Ukraine : l&rsquo;Allemagne va fournir \u00e0 Kiev des milliers de drones \u00e0 longue port\u00e9e&nbsp;&nbsp;Sud Ouest En&hellip;\n","protected":false},"author":2,"featured_media":378481,"comment_status":"","ping_status":"","sticky":false,"template":"","format":"standard","meta":{"footnotes":""},"categories":[1587],"tags":[11,672,1804,1805,1803,1777,674,1801,12,1802],"class_list":{"0":"post-378480","1":"post","2":"type-post","3":"status-publish","4":"format-standard","5":"has-post-thumbnail","7":"category-allemagne","8":"tag-actualites","9":"tag-allemagne","10":"tag-bundesrepublik-deutschland","11":"tag-de","12":"tag-deutschland","13":"tag-eu","14":"tag-europe","15":"tag-germany","16":"tag-news","17":"tag-republique-federale-dallemagne"},"share_on_mastodon":{"url":"https:\/\/pubeurope.com\/@fr\/115176021927494913","error":""},"_links":{"self":[{"href":"https:\/\/www.europesays.com\/fr\/wp-json\/wp\/v2\/posts\/378480","targetHints":{"allow":["GET"]}}],"collection":[{"href":"https:\/\/www.europesays.com\/fr\/wp-json\/wp\/v2\/posts"}],"about":[{"href":"https:\/\/www.europesays.com\/fr\/wp-json\/wp\/v2\/types\/post"}],"author":[{"embeddable":true,"href":"https:\/\/www.europesays.com\/fr\/wp-json\/wp\/v2\/users\/2"}],"replies":[{"embeddable":true,"href":"https:\/\/www.europesays.com\/fr\/wp-json\/wp\/v2\/comments?post=378480"}],"version-history":[{"count":0,"href":"https:\/\/www.europesays.com\/fr\/wp-json\/wp\/v2\/posts\/378480\/revisions"}],"wp:featuredmedia":[{"embeddable":true,"href":"https:\/\/www.europesays.com\/fr\/wp-json\/wp\/v2\/media\/378481"}],"wp:attachment":[{"href":"https:\/\/www.europesays.com\/fr\/wp-json\/wp\/v2\/media?parent=378480"}],"wp:term":[{"taxonomy":"category","embeddable":true,"href":"https:\/\/www.europesays.com\/fr\/wp-json\/wp\/v2\/categories?post=378480"},{"taxonomy":"post_tag","embeddable":true,"href":"https:\/\/www.europesays.com\/fr\/wp-json\/wp\/v2\/tags?post=378480"}],"curies":[{"name":"wp","href":"https:\/\/api.w.org\/{rel}","templated":true}]}}