{"id":378492,"date":"2025-09-09T19:42:11","date_gmt":"2025-09-09T19:42:11","guid":{"rendered":"https:\/\/www.europesays.com\/fr\/378492\/"},"modified":"2025-09-09T19:42:11","modified_gmt":"2025-09-09T19:42:11","slug":"dans-le-cadre-idyllique-dokinawa-les-bleus-finalisent-tranquillement-leur-preparation-au-championnat-du-monde","status":"publish","type":"post","link":"https:\/\/www.europesays.com\/fr\/378492\/","title":{"rendered":"Dans le cadre idyllique d&rsquo;Okinawa, les Bleus finalisent tranquillement leur pr\u00e9paration au Championnat du monde"},"content":{"rendered":"\n<p class=\"Paragraph__content\" data-v-e14a34bc=\"\">\u00ab\u00a0J&rsquo;esp\u00e8re qu&rsquo;on ne sera pas pr\u00eats trop t\u00f4t, mais franchement, il y a un niveau de ouf, \u00e7a pousse fort\u00a0\u00bb, avouait Nicolas Le\u00a0Goff, juste avant de monter dans l&rsquo;avion \u00e0 Roissy. Un premier match de travail, <a href=\"https:\/\/www.lequipe.fr\/Volley-ball\/Actualites\/Les-bleus-battent-le-bresil-en-amical-au-japon-a-quelques-jours-de-leur-entree-en-lice-aux-mondiaux\/1591762\" notaddlevel=\"true\" target=\"_blank\" rel=\"nofollow noopener\">remport\u00e9 face au Br\u00e9sil mardi<\/a> (4-1 : 25-23, 22-25, 25-21, 25-22, 25-23), a permis de valider ces bonnes impressions. \u00c0 l&rsquo;issue du second test, toujours face aux Auriverde et disput\u00e9 mercredi \u00e0 huis clos, Andrea Giani arr\u00eatera sa s\u00e9lection de 14 joueurs pour le tournoi. En toute logique, un r\u00e9ceptionneur devrait quitter le groupe. Timoth\u00e9e Carle (29\u00a0ans, 56 capes) et Mathis Henno (20\u00a0ans, 10 capes) semblent en balance pour le dernier spot.<\/p>\n","protected":false},"excerpt":{"rendered":"\u00ab\u00a0J&rsquo;esp\u00e8re qu&rsquo;on ne sera pas pr\u00eats trop t\u00f4t, mais franchement, il y a un niveau de ouf, \u00e7a&hellip;\n","protected":false},"author":2,"featured_media":378493,"comment_status":"","ping_status":"","sticky":false,"template":"","format":"standard","meta":{"footnotes":""},"categories":[1417],"tags":[1011,27,60,1470,1469],"class_list":{"0":"post-378492","1":"post","2":"type-post","3":"status-publish","4":"format-standard","5":"has-post-thumbnail","7":"category-volley","8":"tag-fr","9":"tag-france","10":"tag-sports","11":"tag-volley","12":"tag-volleyball"},"share_on_mastodon":{"url":"https:\/\/pubeurope.com\/@fr\/115176049450292340","error":""},"_links":{"self":[{"href":"https:\/\/www.europesays.com\/fr\/wp-json\/wp\/v2\/posts\/378492","targetHints":{"allow":["GET"]}}],"collection":[{"href":"https:\/\/www.europesays.com\/fr\/wp-json\/wp\/v2\/posts"}],"about":[{"href":"https:\/\/www.europesays.com\/fr\/wp-json\/wp\/v2\/types\/post"}],"author":[{"embeddable":true,"href":"https:\/\/www.europesays.com\/fr\/wp-json\/wp\/v2\/users\/2"}],"replies":[{"embeddable":true,"href":"https:\/\/www.europesays.com\/fr\/wp-json\/wp\/v2\/comments?post=378492"}],"version-history":[{"count":0,"href":"https:\/\/www.europesays.com\/fr\/wp-json\/wp\/v2\/posts\/378492\/revisions"}],"wp:featuredmedia":[{"embeddable":true,"href":"https:\/\/www.europesays.com\/fr\/wp-json\/wp\/v2\/media\/378493"}],"wp:attachment":[{"href":"https:\/\/www.europesays.com\/fr\/wp-json\/wp\/v2\/media?parent=378492"}],"wp:term":[{"taxonomy":"category","embeddable":true,"href":"https:\/\/www.europesays.com\/fr\/wp-json\/wp\/v2\/categories?post=378492"},{"taxonomy":"post_tag","embeddable":true,"href":"https:\/\/www.europesays.com\/fr\/wp-json\/wp\/v2\/tags?post=378492"}],"curies":[{"name":"wp","href":"https:\/\/api.w.org\/{rel}","templated":true}]}}