{"id":378494,"date":"2025-09-09T19:43:13","date_gmt":"2025-09-09T19:43:13","guid":{"rendered":"https:\/\/www.europesays.com\/fr\/378494\/"},"modified":"2025-09-09T19:43:13","modified_gmt":"2025-09-09T19:43:13","slug":"ami-et-doublure-dantoine-dupont-a-toulouse-paul-graou-plein-dambitions-pour-la-saison-a-venir","status":"publish","type":"post","link":"https:\/\/www.europesays.com\/fr\/378494\/","title":{"rendered":"ami et doublure d&rsquo;Antoine Dupont \u00e0 Toulouse, Paul Graou plein d&rsquo;ambitions pour la saison \u00e0 venir"},"content":{"rendered":"<p>Ugo Mola (manager du Stade Toulousain)\u00a0: \u00ab\u00a0Paul a morfl\u00e9\u00a0\u00bb<\/p>\n<p>\u00ab\u00a0On ne pouvait pas avoir meilleur rempla\u00e7ant d&rsquo;Antoine Dupont. Ils sont amis d&rsquo;enfance. Ce gamin a morfl\u00e9 d\u00e8s qu&rsquo;il prenait la place d&rsquo;Antoine. Au-del\u00e0 d&rsquo;avoir un peu charg\u00e9, d&rsquo;avoir \u00e9t\u00e9 remis en question, il n&rsquo;a pas l\u00e2ch\u00e9. Il a \u00e9cout\u00e9. Il a aussi un parcours diff\u00e9rent. Il a privil\u00e9gi\u00e9 ses \u00e9tudes\u00a0: c&rsquo;est courageux. Gagner avec Paul, c&rsquo;\u00e9tait au-del\u00e0 du symbole. Fran\u00e7ois Trinh-Duc (ex-international) a qualifi\u00e9 notre titre comme \u00ab\u00a0la victoire des discrets\u00a0\u00bb. C&rsquo;est un peu \u00e7a. Celle des Graou, (L\u00e9o) Banos, (Cl\u00e9ment) Verg\u00e9 ou (Guillaume) Cramont. Pour la petite histoire, c&rsquo;est Antoine qui a insist\u00e9 pour qu&rsquo;on signe Paul. Je disais attention\u00a0: \u00e0 un moment, \u00e7a va frotter\u00a0! Mais ils se tirent vers le haut.\u00a0\u00bb\u00a0<b>M.R.<\/b><\/p>\n","protected":false},"excerpt":{"rendered":"Ugo Mola (manager du Stade Toulousain)\u00a0: \u00ab\u00a0Paul a morfl\u00e9\u00a0\u00bb \u00ab\u00a0On ne pouvait pas avoir meilleur rempla\u00e7ant d&rsquo;Antoine Dupont.&hellip;\n","protected":false},"author":2,"featured_media":378495,"comment_status":"","ping_status":"","sticky":false,"template":"","format":"standard","meta":{"footnotes":""},"categories":[1416],"tags":[1011,27,479,1468,60],"class_list":{"0":"post-378494","1":"post","2":"type-post","3":"status-publish","4":"format-standard","5":"has-post-thumbnail","7":"category-rugby","8":"tag-fr","9":"tag-france","10":"tag-rugby","11":"tag-rugby-football","12":"tag-sports"},"share_on_mastodon":{"url":"https:\/\/pubeurope.com\/@fr\/115176053422056906","error":""},"_links":{"self":[{"href":"https:\/\/www.europesays.com\/fr\/wp-json\/wp\/v2\/posts\/378494","targetHints":{"allow":["GET"]}}],"collection":[{"href":"https:\/\/www.europesays.com\/fr\/wp-json\/wp\/v2\/posts"}],"about":[{"href":"https:\/\/www.europesays.com\/fr\/wp-json\/wp\/v2\/types\/post"}],"author":[{"embeddable":true,"href":"https:\/\/www.europesays.com\/fr\/wp-json\/wp\/v2\/users\/2"}],"replies":[{"embeddable":true,"href":"https:\/\/www.europesays.com\/fr\/wp-json\/wp\/v2\/comments?post=378494"}],"version-history":[{"count":0,"href":"https:\/\/www.europesays.com\/fr\/wp-json\/wp\/v2\/posts\/378494\/revisions"}],"wp:featuredmedia":[{"embeddable":true,"href":"https:\/\/www.europesays.com\/fr\/wp-json\/wp\/v2\/media\/378495"}],"wp:attachment":[{"href":"https:\/\/www.europesays.com\/fr\/wp-json\/wp\/v2\/media?parent=378494"}],"wp:term":[{"taxonomy":"category","embeddable":true,"href":"https:\/\/www.europesays.com\/fr\/wp-json\/wp\/v2\/categories?post=378494"},{"taxonomy":"post_tag","embeddable":true,"href":"https:\/\/www.europesays.com\/fr\/wp-json\/wp\/v2\/tags?post=378494"}],"curies":[{"name":"wp","href":"https:\/\/api.w.org\/{rel}","templated":true}]}}