{"id":378496,"date":"2025-09-09T19:44:13","date_gmt":"2025-09-09T19:44:13","guid":{"rendered":"https:\/\/www.europesays.com\/fr\/378496\/"},"modified":"2025-09-09T19:44:13","modified_gmt":"2025-09-09T19:44:13","slug":"resultat-mayar-sherif-nahia-berecoechea-wta-125-saint-sebastien-premier-tour-mardi-09-septembre-2025-lequipe","status":"publish","type":"post","link":"https:\/\/www.europesays.com\/fr\/378496\/","title":{"rendered":"R\u00e9sultat : Mayar Sherif &#8211; Nahia Berecoechea, WTA 125, Saint-S\u00e9bastien, Premier tour, Mardi 09 septembre 2025 &#8211; L&#039;\u00c9quipe"},"content":{"rendered":"<ol>\n<li><a href=\"https:\/\/news.google.com\/rss\/articles\/CBMizgFBVV95cUxPTjk1QkpCUVpjczJRX3V5WHozZUVuZHVMRTRuWmdxTmJtVHctSnYtLW03amswWGl3Y0QyZkhQanJHQTFWR1FuTXNoWHlmTWRqNk8zTl82Umg1MU9VSjVqRzhDZWpYTGpGdGU1RGthQUw4dDN3aEtING90WFdicTRwMk5INVhSVU5IQmFqYXdERXVTdGFfUVRKUml2VjFhODRBdGZNYkRfVkoyeURuZ2ZJZWtwaVpnYXJPaUo5SjdvZGwxTmk0R1RJNFlpOEthZw?oc=5\" target=\"_blank\" rel=\"nofollow noopener\">R\u00e9sultat : Mayar Sherif &#8211; Nahia Berecoechea, WTA 125, Saint-S\u00e9bastien, Premier tour, Mardi 09 septembre 2025<\/a>&nbsp;&nbsp;L&rsquo;\u00c9quipe<\/li>\n<li><a href=\"https:\/\/news.google.com\/rss\/articles\/CBMiuAFBVV95cUxQSmtWaEhqd0V5cl9tWl8yTGlKb0h5am90dk5DbTJ5d1pBZm85d01uaFhPbXZCWHE3SnpIekNRbGxhVHp0Qm5iQW45TFZmNlloUnZ6T3NXSzVLbDhXR0F1bkl6N19kdlVlbE1nSG5CR1k3NXVuSE1RSVpyYmpncXU4WXVzdWI2ZUlRakt4SG9WLXZ3ZTVhbUNYTjFmT2U1TXlrVFFJV1F1UEUtdU5UU2o2RnZhRnZvbm50?oc=5\" target=\"_blank\" rel=\"nofollow noopener\">R\u00e9sultat : Mona Barthel &#8211; Ipek Oz, WTA 125, Ljubljana, Premier tour, Mardi 09 septembre 2025<\/a>&nbsp;&nbsp;L&rsquo;\u00c9quipe<\/li>\n<li><a href=\"https:\/\/news.google.com\/rss\/articles\/CBMi8gFBVV95cUxQT0xZeFhIVkp4a3JnTGt4TmVnY1J4QjZmZTBSd0ttdV9KZFNFX2tkY2dYSjNFT1ZYcTBPdFVvUHZuWjNreU1DQmtZaFpCdV9fSS1PMnROeVNfd1VkWEFPNHdKaWpET2dtLUJ3blplOTlDYkx4bkJFbk16UUhlb3VXdGFuS3RMWUVJeExFUWFaWTNaZjBsZHY5bXUxOE9lQXU1S0lPSXNPUjJEWEllb2ZNVTY5MnhaNDNsbllvcklVRkJYREdWbDNHdjJCRTdpRkZKSEZtcHgtRHZUbEwxYjNieWdodUl2VXZ1RWx0cjNXeFRhZw?oc=5\" target=\"_blank\" rel=\"nofollow noopener\">Kop Racing du lundi 8 septembre &#8211; Les f\u00e9minines ram\u00e8nent un point du havre (2-2)<\/a>&nbsp;&nbsp;BFMTV<\/li>\n<li><a href=\"https:\/\/news.google.com\/rss\/articles\/CBMibEFVX3lxTE4xemxoeEpnTEM1cVNEbzl0WkFKLUNrYWpoY1BKVC1GQW5DX1ZLaHFId1poVnlkZzNvdmt5cXJ6QlcwVjBKR2ZPYmNDU1FZSnVLb2lKR1VVdF94amp3WV93Z0tuRlZTT0ZoZjlhVA?oc=5\" target=\"_blank\" rel=\"nofollow noopener\">Football. Division 1 f\u00e9minine : Manon Wahl, le mur du Racing est d\u00e9j\u00e0 solide<\/a>&nbsp;&nbsp;DNA<\/li>\n<li><a href=\"https:\/\/news.google.com\/rss\/articles\/CBMiswFBVV95cUxOMlFNeFM2SnBLUmN5d3RiYVVLcDJVbi1iOVNXR1JmX0pJQmdZY0JWanFBMlRheVlRZkwzMDZLczljOTNVUUxiUmYzcVpYTlptWTZjSVlHU29UVHprLTVyUXczaDFNckdiLXAzMGZxS2w5MzlqNFhlTHlUQ1pPVmUxM29LMHROdTdLZFpPN3haUFBEN19hZ2VtTGVyakRRR2tLcC1qa3RqbXFaTXZsMVloNTQtTQ?oc=5\" target=\"_blank\" rel=\"nofollow noopener\">Football &#8211; Premiere Ligue Feminine unique : le r\u00e9sum\u00e9 de la 1\u00e8re journ\u00e9e<\/a>&nbsp;&nbsp;Foot Amateur Bretagne<\/li>\n<\/ol>\n","protected":false},"excerpt":{"rendered":"R\u00e9sultat : Mayar Sherif &#8211; Nahia Berecoechea, WTA 125, Saint-S\u00e9bastien, Premier tour, Mardi 09 septembre 2025&nbsp;&nbsp;L&rsquo;\u00c9quipe R\u00e9sultat :&hellip;\n","protected":false},"author":2,"featured_media":1983,"comment_status":"","ping_status":"","sticky":false,"template":"","format":"standard","meta":{"footnotes":""},"categories":[1415],"tags":[1011,27,60,1467],"class_list":{"0":"post-378496","1":"post","2":"type-post","3":"status-publish","4":"format-standard","5":"has-post-thumbnail","7":"category-tennis","8":"tag-fr","9":"tag-france","10":"tag-sports","11":"tag-tennis"},"share_on_mastodon":{"url":"https:\/\/pubeurope.com\/@fr\/115176057257685874","error":""},"_links":{"self":[{"href":"https:\/\/www.europesays.com\/fr\/wp-json\/wp\/v2\/posts\/378496","targetHints":{"allow":["GET"]}}],"collection":[{"href":"https:\/\/www.europesays.com\/fr\/wp-json\/wp\/v2\/posts"}],"about":[{"href":"https:\/\/www.europesays.com\/fr\/wp-json\/wp\/v2\/types\/post"}],"author":[{"embeddable":true,"href":"https:\/\/www.europesays.com\/fr\/wp-json\/wp\/v2\/users\/2"}],"replies":[{"embeddable":true,"href":"https:\/\/www.europesays.com\/fr\/wp-json\/wp\/v2\/comments?post=378496"}],"version-history":[{"count":0,"href":"https:\/\/www.europesays.com\/fr\/wp-json\/wp\/v2\/posts\/378496\/revisions"}],"wp:featuredmedia":[{"embeddable":true,"href":"https:\/\/www.europesays.com\/fr\/wp-json\/wp\/v2\/media\/1983"}],"wp:attachment":[{"href":"https:\/\/www.europesays.com\/fr\/wp-json\/wp\/v2\/media?parent=378496"}],"wp:term":[{"taxonomy":"category","embeddable":true,"href":"https:\/\/www.europesays.com\/fr\/wp-json\/wp\/v2\/categories?post=378496"},{"taxonomy":"post_tag","embeddable":true,"href":"https:\/\/www.europesays.com\/fr\/wp-json\/wp\/v2\/tags?post=378496"}],"curies":[{"name":"wp","href":"https:\/\/api.w.org\/{rel}","templated":true}]}}