{"id":378497,"date":"2025-09-09T19:46:18","date_gmt":"2025-09-09T19:46:18","guid":{"rendered":"https:\/\/www.europesays.com\/fr\/378497\/"},"modified":"2025-09-09T19:46:18","modified_gmt":"2025-09-09T19:46:18","slug":"quand-ducati-doit-tout-remettre-en-question-%f0%9f%8f%8d%ef%b8%8f%f0%9f%94%a5","status":"publish","type":"post","link":"https:\/\/www.europesays.com\/fr\/378497\/","title":{"rendered":"Quand Ducati doit tout remettre en question \ud83c\udfcd\ufe0f\ud83d\udd25"},"content":{"rendered":"<p><img decoding=\"async\" src=\"https:\/\/www.europesays.com\/fr\/wp-content\/uploads\/2025\/09\/68bfc22a13dc91bebd142a96_GnG_1260893_HiRes.jpeg\" alt=\"Podcast : Le nouveau revers de Bagnaia soul\u00e8ve des questions urgentes pour Ducati\"\/><\/p>\n<p>\ud83c\udfc1 Un week-end cauchemardesque pour Bagnaia \u00e0 Barcelone<\/p>\n<p>Le Grand Prix d&rsquo;Espagne sur le circuit de Barcelone restera grav\u00e9 comme l\u2019un des points les plus sombres de la carri\u00e8re r\u00e9cente de Pecco Bagnaia. Malgr\u00e9 son statut de double champion du monde et pilote favori chez <a href=\"https:\/\/www.ducati.com\/fr\/fr\/home\" target=\"_blank\" rel=\"noopener\">Ducati<\/a>, il n\u2019a jamais r\u00e9ussi \u00e0 rejoindre le podium lors de ce week-end d\u00e9cisif. Pire encore, il a pass\u00e9 la majeure partie de la course \u00e0 lutter dans le peloton arri\u00e8re, loin de la bataille pour la victoire.<\/p>\n<p>Cette contreperformance inattendue survient apr\u00e8s plusieurs mois difficiles et marque un v\u00e9ritable coup d\u2019arr\u00eat pour le leader de l&rsquo;\u00e9curie italienne. Les supporters et les analystes s\u2019interrogent d\u00e9sormais sur la capacit\u00e9 de Bagnaia \u00e0 redresser la situation face \u00e0 une concurrence de plus en plus f\u00e9roce. Son absence dans le top 3 est r\u00e9v\u00e9latrice de probl\u00e8mes profonds qui semblent frapper toute l&rsquo;\u00e9quipe Ducati.<\/p>\n<p>\u2699\ufe0f Ducati dans la tourmente : quelles solutions pour sortir de la crise ?<\/p>\n<p>La d\u00e9sillusion de Bagnaia soul\u00e8ve des questions de fond sur la pr\u00e9paration et la strat\u00e9gie de <a href=\"https:\/\/www.ducati.com\/fr\/fr\/home\" target=\"_blank\" rel=\"noopener\">l\u2019\u00e9curie Ducati<\/a>. L\u2019\u00e9curie, pourtant championne, peine \u00e0 offrir \u00e0 ses pilotes une machine capable de rivaliser au plus haut niveau. Les probl\u00e8mes m\u00e9caniques, la gestion des pneus et des ajustements de derni\u00e8re minute n\u2019ont fait qu\u2019aggraver la situation de Bagnaia lors de ce week-end.<\/p>\n<p>Au-del\u00e0 des difficult\u00e9s techniques, c\u2019est aussi l\u2019approche globale de l\u2019\u00e9quipe qui est remise en cause. Ducati devra repenser en profondeur sa strat\u00e9gie : renforcer la synergie entre ses pilotes, affiner le d\u00e9veloppement de la Desmosedici et surtout adopter une m\u00e9thodologie plus r\u00e9active lors des week-ends compliqu\u00e9s. La lumi\u00e8re est \u00e9galement mise sur la n\u00e9cessit\u00e9 d\u2019anticiper davantage les \u00e9volutions du championnat et de rester vigilant face \u00e0 la mont\u00e9e en puissance d&rsquo;autres constructeurs.<\/p>\n<p>Si quelques ajustements sont d\u2019ores et d\u00e9j\u00e0 attendus pour les prochaines manches, de nombreux fans guettent un v\u00e9ritable rebond qui permettra \u00e0 Ducati de prouver qu\u2019elle reste un pilier du MotoGP moderne. L\u2019importance de la r\u00e9activit\u00e9, de l\u2019innovation technique et du mental d\u2019acier sera d\u00e9terminante pour sortir de cette impasse et retrouver la victoire.<\/p>\n<p>\ud83d\ude80 Le r\u00e9veil de la concurrence : focus sur KTM et Bastianini<\/p>\n<p>Le week-end catalan a aussi \u00e9t\u00e9 le th\u00e9\u00e2tre d\u2019une lutte passionnante du c\u00f4t\u00e9 de <a href=\"https:\/\/www.ktm.com\/fr-fr.html\" target=\"_blank\" rel=\"noopener\">KTM<\/a> et de son pilote Enea Bastianini. Apr\u00e8s une premi\u00e8re partie de saison en demi-teinte, KTM s\u2019est impos\u00e9e comme un redoutable challenger en Espagne. La performance de Bastianini, pleine d\u2019audace et d\u2019opportunisme, prouve que le championnat est loin d\u2019\u00eatre jou\u00e9 et que les outsiders peuvent encore cr\u00e9er la surprise.<\/p>\n<p>Le d\u00e9veloppement rapide des motos autrichiennes, conjugu\u00e9 \u00e0 une gestion strat\u00e9gique pointue des courses, force d\u00e9sormais les leaders historiques \u00e0 se remettre en question. Ce regain de comp\u00e9titivit\u00e9 promet d\u2019enrichir la bataille pour le titre et oblige Ducati, mais aussi Yamaha, Honda et consorts, \u00e0 acc\u00e9l\u00e9rer leur innovation pour ne pas se laisser d\u00e9passer. L\u2019\u00e9quilibre du peloton MotoGP \u00e9volue, g\u00e9n\u00e9rant un suspense in\u00e9dit et repoussant les limites de la comp\u00e9tition moderne.<\/p>\n<p>Cette \u00e9mulation technique et sportive profite \u00e0 l\u2019ensemble du championnat, offrant aux passionn\u00e9s un spectacle toujours plus palpitant. Les victoires surprises, les duels intenses et les choix tactiques d\u00e9cisifs contribuent \u00e0 maintenir un suspense haletant, chaque Grand Prix pouvant d\u00e9sormais bouleverser la hi\u00e9rarchie \u00e9tablie.<\/p>\n<p>\u2696\ufe0f Nouveaux r\u00e8glements, p\u00e9nalit\u00e9s et standards de course : le MotoGP en mutation<\/p>\n<p>Parall\u00e8lement aux performances sportives, la gestion des p\u00e9nalit\u00e9s et des normes de s\u00e9curit\u00e9 a encore fait couler beaucoup d&rsquo;encre \u00e0 Barcelone. De plus en plus, les d\u00e9cisions des commissaires et l\u2019application stricte des r\u00e8gles influencent le d\u00e9roulement des courses. Les pilotes doivent sans cesse adapter leur style au cadre r\u00e8glementaire, et les d\u00e9bats autour de l\u2019\u00e9quit\u00e9 et de la clart\u00e9 des d\u00e9cisions sont fr\u00e9quents.<\/p>\n<p>Cette \u00e9volution vise \u00e0 garantir la s\u00e9curit\u00e9 de tous, mais elle g\u00e9n\u00e8re aussi des frustrations, tant du c\u00f4t\u00e9 des pilotes que des \u00e9quipes, confront\u00e9s \u00e0 une pression r\u00e9glementaire accrue. Les incidents, p\u00e9nalit\u00e9s inflig\u00e9es et recours strat\u00e9giques alimentent discussions et pol\u00e9miques, rendant la gestion mentale du championnat encore plus complexe. Les \u00e9quipes doivent, plus que jamais, int\u00e9grer ces param\u00e8tres \u00e0 leur strat\u00e9gie pour minimiser les risques et maximiser leur potentiel de victoire.<\/p>\n<p>Le MotoGP se doit ainsi d\u2019\u00e9voluer non seulement sur le plan technique, mais aussi de maintenir une transparence et une p\u00e9dagogie autour des nouvelles r\u00e8gles afin de pr\u00e9server l\u2019esprit de comp\u00e9tition qui fait vibrer les spectateurs du monde entier.<\/p>\n<p>\ud83c\udfaf L\u2019adaptation, cl\u00e9 du succ\u00e8s pour Bagnaia et Ducati<\/p>\n<p>La situation actuelle de Pecco Bagnaia et de Ducati est le reflet d\u2019un championnat en pleine mutation. Plus que jamais, l&rsquo;adaptation et la remise en question sont les cl\u00e9s pour retrouver le sommet. Face \u00e0 la mont\u00e9e en puissance de KTM, \u00e0 la multiplication des strat\u00e9gies innovantes et \u00e0 la complexification des r\u00e8glements, seule une r\u00e9action collective et ambitieuse permettra \u00e0 l\u2019\u00e9quipe italienne de renouer avec la victoire.<\/p>\n<p>L\u2019union des talents, la confiance en ses ressources internes et la capacit\u00e9 \u00e0 apprendre de chaque \u00e9preuve deviennent des moteurs essentiels pour rebondir. Pour Bagnaia, d\u00e9passer cette p\u00e9riode d\u2019incertitudes sera sans doute un d\u00e9clic lui permettant de se r\u00e9inventer et d\u2019affirmer son statut parmi les plus grands.<\/p>\n<p>Que nous r\u00e9serve la suite du championnat ? Si l\u2019histoire r\u00e9cente nous enseigne une chose, c\u2019est que la r\u00e9silience, la passion et le travail d\u2019\u00e9quipe demeurent les ingr\u00e9dients magiques des plus grands succ\u00e8s.<\/p>\n<p>\ud83d\udca1 Conclusion inspirante : de la crise na\u00eet la l\u00e9gende<\/p>\n<p>Le MotoGP s\u2019enrichit de ces moments de doute autant que de ses exploits. Les champions s\u2019illustrent dans l\u2019adversit\u00e9, et chaque revers porte en lui les germes de futurs triomphes. Ducati et Bagnaia ont devant eux un d\u00e9fi, mais aussi l\u2019opportunit\u00e9 de se transformer, d\u2019apprendre et de r\u00e9\u00e9crire leur histoire.<\/p>\n<p>Dans le sport comme dans la vie, les creux renforcent la soif de victoire. Laissons la passion guider nos trajectoires et rappelons-nous : c\u2019est au fond de la crise que se forgent les plus belles l\u00e9gendes ! \ud83d\udea6<\/p>\n<p>\u00c0 l\u2019image d\u2019un pilote MotoGP cherchant la performance, qui n\u2019a jamais r\u00eav\u00e9 de prendre le volant d\u2019une <a href=\"https:\/\/www.porsche.fr\/models\/911\/911-carrera-models\/911-carrera.html\" target=\"_blank\" rel=\"noopener\">Porsche 911 Carrera<\/a> ? Gr\u00e2ce au leasing, ces r\u00eaves deviennent accessibles sur <a href=\"https:\/\/www.joinsteer.com\" target=\"_blank\" rel=\"noopener\">Joinsteer<\/a>, expert de la LOA et LLD. Osez transformer chaque d\u00e9fi en opportunit\u00e9 d\u2019\u00e9vasion automobile !<\/p>\n","protected":false},"excerpt":{"rendered":"\ud83c\udfc1 Un week-end cauchemardesque pour Bagnaia \u00e0 Barcelone Le Grand Prix d&rsquo;Espagne sur le circuit de Barcelone restera&hellip;\n","protected":false},"author":2,"featured_media":378498,"comment_status":"","ping_status":"","sticky":false,"template":"","format":"standard","meta":{"footnotes":""},"categories":[1413],"tags":[1011,27,1457,1456,60],"class_list":{"0":"post-378497","1":"post","2":"type-post","3":"status-publish","4":"format-standard","5":"has-post-thumbnail","7":"category-moto","8":"tag-fr","9":"tag-france","10":"tag-moto","11":"tag-motocycle","12":"tag-sports"},"share_on_mastodon":{"url":"https:\/\/pubeurope.com\/@fr\/115176065900197199","error":""},"_links":{"self":[{"href":"https:\/\/www.europesays.com\/fr\/wp-json\/wp\/v2\/posts\/378497","targetHints":{"allow":["GET"]}}],"collection":[{"href":"https:\/\/www.europesays.com\/fr\/wp-json\/wp\/v2\/posts"}],"about":[{"href":"https:\/\/www.europesays.com\/fr\/wp-json\/wp\/v2\/types\/post"}],"author":[{"embeddable":true,"href":"https:\/\/www.europesays.com\/fr\/wp-json\/wp\/v2\/users\/2"}],"replies":[{"embeddable":true,"href":"https:\/\/www.europesays.com\/fr\/wp-json\/wp\/v2\/comments?post=378497"}],"version-history":[{"count":0,"href":"https:\/\/www.europesays.com\/fr\/wp-json\/wp\/v2\/posts\/378497\/revisions"}],"wp:featuredmedia":[{"embeddable":true,"href":"https:\/\/www.europesays.com\/fr\/wp-json\/wp\/v2\/media\/378498"}],"wp:attachment":[{"href":"https:\/\/www.europesays.com\/fr\/wp-json\/wp\/v2\/media?parent=378497"}],"wp:term":[{"taxonomy":"category","embeddable":true,"href":"https:\/\/www.europesays.com\/fr\/wp-json\/wp\/v2\/categories?post=378497"},{"taxonomy":"post_tag","embeddable":true,"href":"https:\/\/www.europesays.com\/fr\/wp-json\/wp\/v2\/tags?post=378497"}],"curies":[{"name":"wp","href":"https:\/\/api.w.org\/{rel}","templated":true}]}}