{"id":378505,"date":"2025-09-09T19:50:17","date_gmt":"2025-09-09T19:50:17","guid":{"rendered":"https:\/\/www.europesays.com\/fr\/378505\/"},"modified":"2025-09-09T19:50:17","modified_gmt":"2025-09-09T19:50:17","slug":"kate-middleton-se-confie-sur-lintransigeance-du-prince-william-sur-ce-point-precis","status":"publish","type":"post","link":"https:\/\/www.europesays.com\/fr\/378505\/","title":{"rendered":"Kate Middleton se confie sur l\u2019intransigeance du prince William sur ce point pr\u00e9cis"},"content":{"rendered":"<p data-start=\"328\" data-end=\"757\"><a href=\"https:\/\/www.closermag.fr\/royautes\/kate-et-william-cette-recrue-de-poids-quils-ont-debauchee-3578108\" rel=\"nofollow noopener\" target=\"_blank\"><br \/>\nKate Middleton et le prince William<\/a> \u00e9taient de sortie ce lundi<br \/>\n8 septembre \u00e0 <strong>Londres<\/strong>. Ils ont assist\u00e9 \u00e0 une<br \/>\nrencontre organis\u00e9e par la <strong>National Federation of Women\u2019s<br \/>\nInstitutes<\/strong> (WI) \u00e0 l\u2019occasion du <strong>troisi\u00e8me<br \/>\nanniversaire<\/strong> de la <a href=\"https:\/\/www.closermag.fr\/royautes\/charles-iii-et-camilla-parker-bowles-partage-une-touchante-photo-pour-lanniversaire-de-la-mort-delizabeth-ii-3578129\" rel=\"nofollow noopener\" target=\"_blank\"><br \/>\nmort de la reine Elizabeth II<\/a>. La d\u00e9funte monarque,<br \/>\n<strong>passionn\u00e9e<\/strong> par ce mouvement, en avait \u00e9t\u00e9<br \/>\n<strong>membre active durant 80 ans.<\/strong> Elle \u00e9tait la<br \/>\n<strong>pr\u00e9sidente de 2003 jusqu\u2019\u00e0 sa disparition.<\/strong><\/p>\n<p data-start=\"759\" data-end=\"1057\">Malgr\u00e9 le caract\u00e8re<br \/>\n<strong>solennel<\/strong> de l\u2019\u00e9v\u00e9nement, le couple princier est<br \/>\napparu <strong>complice et d\u00e9tendu<\/strong> en partageant des<br \/>\n<strong>anecdotes<\/strong> avec les membres pr\u00e9sents. Entre<br \/>\n<strong>g\u00e2teaux<\/strong> maison et <strong>fous rires<\/strong>,<br \/>\n<a href=\"https:\/\/www.closermag.fr\/royautes\/kate-middleton-la-princesse-bien-decidee-a-mettre-harry-echec-et-mat-et-son-plan-machiavelique-a-commence-3577967\" rel=\"nofollow noopener\" target=\"_blank\"><br \/>\nKate Middleton<\/a> a livr\u00e9 une confidence <strong>amusante<\/strong><br \/>\nsur son mari. Elle a r\u00e9v\u00e9l\u00e9 un petit travers<br \/>\n<strong>culinaire<\/strong> du futur roi.<\/p>\n<p><img loading=\"lazy\" decoding=\"async\" aria-describedby=\"caption-attachment-3578289\" itemprop=\"thumbnailUrl\" class=\"wp-image-3578289 img-responsive size-full\" src=\"https:\/\/www.europesays.com\/fr\/wp-content\/uploads\/2025\/09\/bestimage_00722141_000022-scaled.jpg\" alt=\"Kate Middleton se confie sur l\u2019intransigeance du prince William sur ce point pr\u00e9cis\" width=\"1859\" height=\"2560\"\/> \u00a9 BESTIMAGE<\/p>\n<p id=\"caption-attachment-3578289\" class=\"wp-caption-text\">Kate<br \/>\nMiddleton se confie sur l\u2019intransigeance du prince William sur ce<br \/>\npoint pr\u00e9cis<\/p>\n<p>\u00ab\u00a0William est tr\u00e8s<br \/>\ndifficile avec \u2026\u00a0\u00bb : Kate Middleton se confie sur le prince<br \/>\nWilliam<\/p>\n<p data-start=\"1117\" data-end=\"1561\">Autour d\u2019un <strong>Campari<br \/>\ncake et de brownies<\/strong>, le <a href=\"https:\/\/www.closermag.fr\/royautes\/prince-william-le-frere-dharry-navait-quune-priorite-en-six-mots-en-apprenant-que-meghan-markle-etait-enceinte-3511219\" rel=\"nofollow noopener\" target=\"_blank\"><br \/>\nprince William<\/a> a vite montr\u00e9 qu\u2019il connaissait son sujet.<br \/>\n\u2018\u2018Je <strong>m\u2019y connais en<br \/>\nbrownies.<\/strong>\u2019\u2019 a-t-il d\u00e9clar\u00e9, avant d\u2019ajouter sa r\u00e8gle<br \/>\nd\u2019or. \u2018\u2018<strong>Jamais de<br \/>\nnoix dans un brownie<\/strong>.\u2019\u2019 Une <strong>exigence<\/strong><br \/>\n\u00e0 laquelle Kate a elle-m\u00eame d\u00fb s\u2019adapter. \u2018\u2018<strong>William est tr\u00e8s difficile \u00e0 ce<br \/>\nsujet<\/strong>.\u2019\u2019 a-t-elle confi\u00e9, avant de plaisanter.<br \/>\n\u2018\u2018J\u2019ai d\u00fb <strong>l\u2019apprendre<br \/>\n\u00e0 mes d\u00e9pens<\/strong>.\u2019\u2019\u00a0La remarque a d\u00e9clench\u00e9<br \/>\n<strong>l\u2019hilarit\u00e9<\/strong> de l\u2019assembl\u00e9e.<\/p>\n<p data-start=\"1563\" data-end=\"1898\">Une<br \/>\n<strong>complicit\u00e9<\/strong> qui s\u2019est poursuivie lorsque le prince<br \/>\nWilliam a <strong>plaisant\u00e9<\/strong> avec une participante, Hilary<br \/>\nFraser, qui lui avait lanc\u00e9 qu\u2019il ne pourrait pas rejoindre le WI<br \/>\n\u2018\u2018\u00e0 moins de <strong>porter<br \/>\nune jupe<\/strong>.\u2019\u2019 Le prince, amus\u00e9, a r\u00e9pondu du tac au<br \/>\ntac. \u2018\u2018Eh bien, <strong>pour<br \/>\nun brownie au chocolat<\/strong>, Hilary, on ne sait <strong>jamais<br \/>\nce que je pourrais faire<\/strong>.\u2019\u2019<\/p>\n<p>Les<br \/>\nenfants, source de fiert\u00e9 et de rires<\/p>\n<p data-start=\"1953\" data-end=\"2287\">Au-del\u00e0 des douceurs, le<br \/>\ncouple a aussi partag\u00e9 des <strong>confidences<\/strong> sur leur<br \/>\nvie de <strong>famille<\/strong>. Interrog\u00e9 sur leur benjamin, le<br \/>\n<a href=\"https:\/\/www.closermag.fr\/royautes\/kate-et-william-leur-petit-louis-une-terreur-a-la-maison-derriere-les-portes-closes-ce-nest-pas-la-meme-chose-3578077\" rel=\"nofollow noopener\" target=\"_blank\"><br \/>\nprince Louis<\/a>, William a reconnu avec <strong>tendresse<\/strong><br \/>\n: \u2018\u2018C\u2019est un<br \/>\n<strong>personnage<\/strong>, mais c\u2019est un <strong>tr\u00e8s bon<br \/>\ngar\u00e7on<\/strong>. Il aime <strong>taquiner son fr\u00e8re et sa<br \/>\ns\u0153ur<\/strong>.\u2019\u2019 Une facette moins sage que celle qu\u2019il laisse<br \/>\npara\u00eetre en public.<\/p>\n<p data-start=\"2289\" data-end=\"2657\">Quant \u00e0 l\u2019a\u00een\u00e9, le <a href=\"https:\/\/www.closermag.fr\/royautes\/prince-george-cette-annee-scolaire-va-etre-tres-speciale-pour-le-petit-garcon-ses-parents-inquiets-3573004\" rel=\"nofollow noopener\" target=\"_blank\"><br \/>\nprince George<\/a>, que l\u2019on croit souvent plus<br \/>\n<strong>s\u00e9rieux<\/strong>, William a rectifi\u00e9 avec un<br \/>\n<strong>sourire complice<\/strong>. \u2018\u2018Quand George est <strong>derri\u00e8re les portes closes, c\u2019est<br \/>\ncompl\u00e8tement diff\u00e9rent.<\/strong> Il sait juste <strong>comment se<br \/>\ntenir en public<\/strong>.\u2019\u2019 De quoi rappeler que, m\u00eame<br \/>\nderri\u00e8re les murs du palais, Kate Middleton et le prince William<br \/>\npartagent les m\u00eames <strong>petites sc\u00e8nes de vie<\/strong> que<br \/>\ntoutes les familles.<\/p>\n","protected":false},"excerpt":{"rendered":"Kate Middleton et le prince William \u00e9taient de sortie ce lundi 8 septembre \u00e0 Londres. Ils ont assist\u00e9&hellip;\n","protected":false},"author":2,"featured_media":378506,"comment_status":"","ping_status":"","sticky":false,"template":"","format":"standard","meta":{"footnotes":""},"categories":[1359],"tags":[548,58,59,1011,27,5858,973,3936,11675],"class_list":{"0":"post-378505","1":"post","2":"type-post","3":"status-publish","4":"format-standard","5":"has-post-thumbnail","7":"category-people","8":"tag-article-simple","9":"tag-divertissement","10":"tag-entertainment","11":"tag-fr","12":"tag-france","13":"tag-kate-middleton","14":"tag-people","15":"tag-prince-william","16":"tag-william-et-kate"},"share_on_mastodon":{"url":"https:\/\/pubeurope.com\/@fr\/115176081086670166","error":""},"_links":{"self":[{"href":"https:\/\/www.europesays.com\/fr\/wp-json\/wp\/v2\/posts\/378505","targetHints":{"allow":["GET"]}}],"collection":[{"href":"https:\/\/www.europesays.com\/fr\/wp-json\/wp\/v2\/posts"}],"about":[{"href":"https:\/\/www.europesays.com\/fr\/wp-json\/wp\/v2\/types\/post"}],"author":[{"embeddable":true,"href":"https:\/\/www.europesays.com\/fr\/wp-json\/wp\/v2\/users\/2"}],"replies":[{"embeddable":true,"href":"https:\/\/www.europesays.com\/fr\/wp-json\/wp\/v2\/comments?post=378505"}],"version-history":[{"count":0,"href":"https:\/\/www.europesays.com\/fr\/wp-json\/wp\/v2\/posts\/378505\/revisions"}],"wp:featuredmedia":[{"embeddable":true,"href":"https:\/\/www.europesays.com\/fr\/wp-json\/wp\/v2\/media\/378506"}],"wp:attachment":[{"href":"https:\/\/www.europesays.com\/fr\/wp-json\/wp\/v2\/media?parent=378505"}],"wp:term":[{"taxonomy":"category","embeddable":true,"href":"https:\/\/www.europesays.com\/fr\/wp-json\/wp\/v2\/categories?post=378505"},{"taxonomy":"post_tag","embeddable":true,"href":"https:\/\/www.europesays.com\/fr\/wp-json\/wp\/v2\/tags?post=378505"}],"curies":[{"name":"wp","href":"https:\/\/api.w.org\/{rel}","templated":true}]}}