{"id":378507,"date":"2025-09-09T19:51:13","date_gmt":"2025-09-09T19:51:13","guid":{"rendered":"https:\/\/www.europesays.com\/fr\/378507\/"},"modified":"2025-09-09T19:51:13","modified_gmt":"2025-09-09T19:51:13","slug":"a-londres-une-oeuvre-de-banksy-cachee-par-les-autorites-britanniques","status":"publish","type":"post","link":"https:\/\/www.europesays.com\/fr\/378507\/","title":{"rendered":"\u00c0 Londres, une \u0153uvre de Banksy cach\u00e9e par les autorit\u00e9s britanniques"},"content":{"rendered":"<p class=\"editor-content__paragraph\">La nouvelle audace de Banksy n\u2019aura pas fait long feu. <strong>Un juge anglais en perruque blanche<\/strong> frappant au marteau un manifestant d\u00e9j\u00e0 \u00e0 terre, qui tente de se prot\u00e9ger avec une petite pancarte ensanglant\u00e9e\u00a0: c\u2019est ce que repr\u00e9sente la derni\u00e8re \u0153uvre en date du <strong>c\u00e9l\u00e8bre street artiste britannique<\/strong>, d\u00e9couverte ce lundi 8\u00a0septembre au matin <strong>sur la fa\u00e7ade de la Royal Court of Justice \u00e0 Londres<\/strong>, avant qu\u2019elle soit <strong>presque imm\u00e9diatement dissimul\u00e9e<\/strong> au public. D\u00e8s 8h30, des b\u00e2ches noires et des palissades grises gard\u00e9es par deux agents de s\u00e9curit\u00e9 ont en effet \u00e9t\u00e9 install\u00e9es afin d\u2019emp\u00eacher les passants de la voir et de la photographier, en attendant son<strong> occultation d\u00e9finitive<\/strong>.<\/p>\n<p class=\"editor-content__paragraph\">Panneaux transparents, traitement anti-graffiti\u2026 D\u2019ordinaire, les pouvoirs publics britanniques tentent de <strong>prot\u00e9ger et conserver les \u0153uvres de Banksy<\/strong>, v\u00e9ritable star mondiale de l\u2019art urbain dont les \u0153uvres (et l\u2019anonymat l\u00e9gendaire pr\u00e9serv\u00e9 depuis les ann\u00e9es 1990) attirent les foules\u00a0; mais pas cette fois\u2026 Lundi en d\u00e9but d\u2019apr\u00e8s-midi, Banksy a <strong>confirm\u00e9 \u00eatre l\u2019auteur du pochoir cach\u00e9<\/strong> en postant une photographie de ce dernier <a href=\"https:\/\/www.instagram.com\/p\/DOVoHlVDMIU\/?utm_source=ig_web_copy_link&amp;igsh=MzRlODBiNWFlZA==\" target=\"_blank\" rel=\"noopener\">sur son compte Instagram<\/a> aux plus de 13\u00a0millions de followers, redonnant ainsi une large visibilit\u00e9 \u00e0 l\u2019\u0153uvre. <strong>Plusieurs milliers de commentaires de soutien<\/strong> ont alors rapidement afflu\u00e9.<\/p>\n<p>        \u00c0 lire aussi :<br \/>\n        <a class=\"renvoi-explicite__link\" href=\"https:\/\/www.beauxarts.com\/grand-format\/un-couple-paie-246-000-euros-pour-se-debarrasser-dune-oeuvre-de-banksy\/\" target=\"_blank\" rel=\"noopener\">Un couple paie 246 000 euros pour se d\u00e9barrasser d&rsquo;une \u0153uvre de Banksy<\/a><\/p>\n<p>Des centaines de soutiens \u00e0 un groupe pro-palestinien arr\u00eat\u00e9s<\/p>\n<p class=\"editor-content__paragraph\">Selon des passants interview\u00e9s par le quotidien britannique <a href=\"https:\/\/www.theguardian.com\/artanddesign\/2025\/sep\/08\/court-staff-cover-up-banksy-image-of-judge-beating-a-protester\" target=\"_blank\" rel=\"noopener\">The Guardian<\/a>, l\u2019\u0153uvre ferait r\u00e9f\u00e9rence \u00e0 la manifestation organis\u00e9e ce samedi 6\u00a0septembre \u00e0 Londres<strong> en soutien au groupe pro-palestinien Palestine Action<\/strong>, au cours de laquelle pr\u00e8s de 900\u00a0personnes ont \u00e9t\u00e9 arr\u00eat\u00e9es. Au total, <strong>plus de 1\u00a0600\u00a0personnes ont \u00e9t\u00e9 interpell\u00e9es<\/strong> depuis juillet, et 138\u00a0inculp\u00e9es de soutien (ou d\u2019incitation au soutien) \u00e0 ce groupe qui a \u00e9t\u00e9<strong> class\u00e9 comme \u00ab\u00a0organisation terroriste\u00a0\u00bb<\/strong> par le gouvernement britannique apr\u00e8s des d\u00e9gradations commises sur une base de l\u2019arm\u00e9e de l\u2019air.<\/p>\n<p>    <img loading=\"lazy\" decoding=\"async\" class=\"image__img\" src=\"https:\/\/www.europesays.com\/fr\/wp-content\/uploads\/2025\/09\/websipa_01229731_000002-964x723.jpg\" alt=\"La derni\u00e8re \u0153uvre de Banksy apparue sur un mur de la Royal Courts of Justice, repr\u00e9sentant un juge frappant un manifestant avec un marteau\" width=\"964\" height=\"723\"\/><\/p>\n<p>La derni\u00e8re \u0153uvre de Banksy apparue sur un mur de la Royal Courts of Justice, repr\u00e9sentant un juge frappant un manifestant avec un marteau, 09\u00a0septembre 2025<\/p>\n<p>    i<\/p>\n<p class=\"legende__cartel\">\u00a9 Vuk Valcic \/ SOPA \/ SIPA<\/p>\n<p class=\"editor-content__paragraph\">Le groupe d\u2019activistes britannique Defend Our Juries (DOJ) \u2013 qui d\u00e9fend les droits des activistes et a organis\u00e9 certains des rassemblements vis\u00e9s \u2013 a lui aussi estim\u00e9 lundi que la nouvelle \u0153uvre de Banksy d\u00e9peignait <strong>\u00ab\u00a0la brutalit\u00e9 de l\u2019\u00c9tat contre les manifestants<\/strong> s\u2019opposant \u00e0 l\u2019interdiction de Palestine Action\u00a0\u00bb. \u00ab\u00a0Lorsque la loi est utilis\u00e9e comme un outil pour <strong>\u00e9touffer les libert\u00e9s civiles<\/strong>, elle n\u2019\u00e9touffe pas la dissidence, elle la renforce. Comme le montre l\u2019\u0153uvre de Banksy, l\u2019\u00c9tat peut tenter de nous priver de nos libert\u00e9s civiles, mais [\u2026] notre d\u00e9termination \u00e0<strong> lutter contre l\u2019injustice<\/strong> est in\u00e9branlable\u00a0\u00bb, a d\u00e9clar\u00e9 un porte-parole de DOJ.<\/p>\n<p>Les autorit\u00e9s d\u00e9mentent une censure<\/p>\n<p class=\"editor-content__paragraph\">Si Banksy a effectivement pris plusieurs fois position pour <strong>d\u00e9fendre les Palestiniens<\/strong> au cours de sa carri\u00e8re, cette nouvelle \u0153uvre reste, comme souvent, <strong>ouverte aux interpr\u00e9tations<\/strong>. En effet, le pochoir ne comprend aucun \u00e9l\u00e9ment renvoyant \u00e0 la Palestine\u00a0: la pancarte tenue par le manifestant est d\u2019ailleurs vierge de tout message, ce qui pourrait laisser entendre que l\u2019\u0153uvre se veut plus largement <strong>un plaidoyer pour la libert\u00e9 d\u2019expression<\/strong> dans son ensemble, une d\u00e9fense de toutes les voix opprim\u00e9es.<\/p>\n<p class=\"editor-content__paragraph\">Selon les autorit\u00e9s, il ne s\u2019agirait pas de censure. Un porte-parole du HM Courts and Tribunals Service a ainsi assur\u00e9 au\u00a0Guardian\u00a0que si l\u2019\u0153uvre de Banksy avait \u00e9t\u00e9 cach\u00e9e, c\u2019est uniquement parce que le b\u00e2timent en question, appel\u00e9 <strong>Queen\u2019s Building<\/strong>, est class\u00e9 \u00ab\u00a0grade II\u00a0\u00bb sur la liste du patrimoine national anglais, ce qui <strong>oblige \u00e0 \u00ab\u00a0conserver\u00a0\u00bb son apparence d\u2019origine<\/strong>. Construite en 1968, cette annexe<strong> en b\u00e9ton<\/strong> a \u00e9t\u00e9 <strong>recouverte de pierre de Portland<\/strong> (typique des grands \u00e9difices publics londoniens) pour s\u2019harmoniser avec le b\u00e2timent gothique adjacent, qui date quant \u00e0 lui du XIXe si\u00e8cle et est class\u00e9 \u00ab\u00a0grade I\u00a0\u00bb.<\/p>\n<p>    <img loading=\"lazy\" decoding=\"async\" class=\"image__img\" src=\"https:\/\/www.europesays.com\/fr\/wp-content\/uploads\/2025\/09\/websipa_sipa60056568_000001-964x643.jpg\" alt=\"Un chien est assis \u00e0 c\u00f4t\u00e9 du personnel de s\u00e9curit\u00e9 debout devant les cl\u00f4tures recouvrant la derni\u00e8re \u0153uvre de Banksy sur le mur de la Royal Courts of Justice de Londres\" width=\"964\" height=\"643\"\/><\/p>\n<p>Un chien est assis \u00e0 c\u00f4t\u00e9 du personnel de s\u00e9curit\u00e9 debout devant les cl\u00f4tures recouvrant la derni\u00e8re \u0153uvre de Banksy sur le mur de la Royal Courts of Justice de Londres, 08\u00a0septembre 2025<\/p>\n<p>    i<\/p>\n<p class=\"legende__cartel\">\u00a9 Vuk Valcic \/ ZUMA \/ SIPA<\/p>\n<p class=\"editor-content__paragraph\">La question de la libert\u00e9 d\u2019expression est cependant de plus en plus br\u00fblante au Royaume-Uni, o\u00f9 plusieurs affaires ont fait les gros titres ces derniers mois. En mai dernier, <a href=\"https:\/\/www.freedominthearts.com\/\" target=\"_blank\" rel=\"noopener\">un rapport de l\u2019organisation britannique FITA<\/a> (Freedom in the Arts) intitul\u00e9 <strong>\u00ab\u00a0Afraid to Speak Freely\u00a0\u00bb<\/strong> montrait que seulement 16\u00a0% des professionnels de l\u2019art s\u2019y sentaient libres d\u2019<strong>exprimer leurs opinions sur des sujets controvers\u00e9s<\/strong> (genre, racisme, colonialisme\u2026), r\u00e9v\u00e9lant une<strong> pratique croissante de l\u2019autocensure<\/strong> par peur de repr\u00e9sailles.<\/p>\n<p>        \u00c0 lire aussi :<br \/>\n        <a class=\"renvoi-explicite__link\" href=\"https:\/\/www.beauxarts.com\/grand-format\/une-surprenante-fresque-de-banksy-rhabillant-un-arbre-nu-apparue-a-londres\/\" target=\"_blank\" rel=\"noopener\">Une surprenante fresque de Banksy rhabillant un arbre nu apparue \u00e0 Londres<\/a><\/p>\n<p><script async src=\"\/\/www.instagram.com\/embed.js\"><\/script><\/p>\n","protected":false},"excerpt":{"rendered":"La nouvelle audace de Banksy n\u2019aura pas fait long feu. Un juge anglais en perruque blanche frappant au&hellip;\n","protected":false},"author":2,"featured_media":378508,"comment_status":"","ping_status":"","sticky":false,"template":"","format":"standard","meta":{"footnotes":""},"categories":[1358],"tags":[1396,1348,1384,1385,7190,1386,58,59,1011,27,7189],"class_list":{"0":"post-378507","1":"post","2":"type-post","3":"status-publish","4":"format-standard","5":"has-post-thumbnail","7":"category-arts-et-design","8":"tag-art-contemporain","9":"tag-arts","10":"tag-arts-and-design","11":"tag-arts-et-design","12":"tag-banksy","13":"tag-design","14":"tag-divertissement","15":"tag-entertainment","16":"tag-fr","17":"tag-france","18":"tag-street-art"},"share_on_mastodon":{"url":"https:\/\/pubeurope.com\/@fr\/115176085990928052","error":""},"_links":{"self":[{"href":"https:\/\/www.europesays.com\/fr\/wp-json\/wp\/v2\/posts\/378507","targetHints":{"allow":["GET"]}}],"collection":[{"href":"https:\/\/www.europesays.com\/fr\/wp-json\/wp\/v2\/posts"}],"about":[{"href":"https:\/\/www.europesays.com\/fr\/wp-json\/wp\/v2\/types\/post"}],"author":[{"embeddable":true,"href":"https:\/\/www.europesays.com\/fr\/wp-json\/wp\/v2\/users\/2"}],"replies":[{"embeddable":true,"href":"https:\/\/www.europesays.com\/fr\/wp-json\/wp\/v2\/comments?post=378507"}],"version-history":[{"count":0,"href":"https:\/\/www.europesays.com\/fr\/wp-json\/wp\/v2\/posts\/378507\/revisions"}],"wp:featuredmedia":[{"embeddable":true,"href":"https:\/\/www.europesays.com\/fr\/wp-json\/wp\/v2\/media\/378508"}],"wp:attachment":[{"href":"https:\/\/www.europesays.com\/fr\/wp-json\/wp\/v2\/media?parent=378507"}],"wp:term":[{"taxonomy":"category","embeddable":true,"href":"https:\/\/www.europesays.com\/fr\/wp-json\/wp\/v2\/categories?post=378507"},{"taxonomy":"post_tag","embeddable":true,"href":"https:\/\/www.europesays.com\/fr\/wp-json\/wp\/v2\/tags?post=378507"}],"curies":[{"name":"wp","href":"https:\/\/api.w.org\/{rel}","templated":true}]}}