{"id":378511,"date":"2025-09-09T19:53:15","date_gmt":"2025-09-09T19:53:15","guid":{"rendered":"https:\/\/www.europesays.com\/fr\/378511\/"},"modified":"2025-09-09T19:53:15","modified_gmt":"2025-09-09T19:53:15","slug":"un-nude-ne-senvoie-jamais-sans-consentement-malgre-ce-mauvais-exemple-dans-lamour-est-dans-le-pre","status":"publish","type":"post","link":"https:\/\/www.europesays.com\/fr\/378511\/","title":{"rendered":"Un nude ne s\u2019envoie jamais sans consentement, malgr\u00e9 ce mauvais exemple dans \u00ab\u00a0L\u2019Amour est dans le pr\u00e9\u00a0\u00bb"},"content":{"rendered":"<p>        <img decoding=\"async\" loading=\"lazy\" src=\"https:\/\/www.europesays.com\/fr\/wp-content\/uploads\/2025\/09\/62ee8fd_upload-1-dukhkhmtevco-capture-da-a-cran-2025-09-09-015757.png\"  width=\"728\" height=\"409\" alt=\"Dans \u00ab\u00a0L\u2019Amour est dans le pr\u00e9\u00a0\u00bb sur M6, une photo nue re\u00e7ue par G\u00e9raldine choque les t\u00e9l\u00e9spectateurs.\"\/>  <\/p>\n<p>M6\u00a0capture d\u2019\u00e9cran<\/p>\n<p>Dans \u00ab\u00a0L\u2019Amour est dans le pr\u00e9\u00a0\u00bb sur M6, une photo nue re\u00e7ue par G\u00e9raldine choque les t\u00e9l\u00e9spectateurs.<\/p>\n<p class=\"asset asset-text\">CONSENTEMENT &#8211; <a href=\"https:\/\/www.huffingtonpost.fr\/divertissement\/article\/dans-l-amour-est-dans-le-pre-une-photo-nue-recue-par-geraldine-choque-les-telespectateurs_254589.html\" target=\"_blank\" rel=\"noopener\">La sc\u00e8ne a choqu\u00e9 les spectateurs de L\u2019amour est dans le pr\u00e9<\/a>. Dans l\u2019\u00e9pisode diffus\u00e9 le lundi 8\u00a0septembre sur M6, G\u00e9raldine, \u00e9leveuse d\u2019alpage, a v\u00e9cu <a href=\"https:\/\/www.huffingtonpost.fr\/insolite\/video\/en-nouvelle-zelande-cet-oiseau-tropical-a-fait-son-numero-devant-une-camera-de-surveillance_241640.html\" target=\"_blank\" rel=\"noopener\">devant la cam\u00e9ra<\/a> une (tr\u00e8s) mauvaise surprise\u00a0: recevoir une photo de nu non sollicit\u00e9e, et non consentie.<\/p>\n<p class=\"asset asset-text\">En ouvrant la lettre d\u2019un de ses pr\u00e9tendants, elle est en effet tomb\u00e9e nez \u00e0 nez avec la photo d\u2019un homme nu, sous sa douche, cachant simplement ses parties intimes avec ses mains. \u00ab\u00a0L\u00e0, non, ce n\u2019est pas possible\u00a0\u00bb, d\u00e9clare alors G\u00e9raldine \u00e0 la cam\u00e9ra. Avec un rire g\u00ean\u00e9, elle remet rapidement la photo dans l\u2019enveloppe pour ne plus la voir.<\/p>\n<p class=\"asset asset-text\">M\u00eame si ce n\u2019est techniquement pas une \u00ab\u00a0dick pic\u00a0\u00bb, la s\u00e9quence rappelle un malaise qu\u2019ont d\u00e9j\u00e0 <a href=\"https:\/\/today.yougov.com\/society\/articles\/19349-53-millennial-women-have-received-dick-pic\" target=\"_blank\" rel=\"noopener\" title=\"Nouvelle fen\u00eatre\">v\u00e9cu de nombreuses femmes<\/a>. D\u2019apr\u00e8s un sondage YouGov, en 2017, une femme de la g\u00e9n\u00e9ration Y sur deux avait d\u00e9j\u00e0 re\u00e7u une photo d\u2019homme nu qu\u2019elle ne voulait pas, une exhibition d\u00e9sormais punie par la loi. Pour Le HuffPost, la sp\u00e9cialiste de l\u2019\u00e9ducation affective et sexuelle et pr\u00e9sidente de l\u2019organisme de formation COMITYS Ma\u00eblle Challan Belval revient sur les bases des \u00e9changes d\u2019images de soi respectueux.<\/p>\n<p>    Le HuffPost. Que vous a inspir\u00e9 la s\u00e9quence de cette agricultrice expos\u00e9e \u00e0 une photo de nu \u00e0 la t\u00e9l\u00e9vision\u00a0?    <\/p>\n<p class=\"asset asset-text\"><strong>Ma\u00eblle Challan Belval.<\/strong> C\u2019est a minima maladroit, voire violent. L\u2019espace public organise les choses pour que personne n\u2019ait \u00e0 se montrer nu sous le regard de l\u2019autre dans la rue, parce que \u00e7a peut \u00eatre source de g\u00eane ou de malaise. Pourquoi les espaces d\u2019interaction entre personnes, qui ne sont pas consentantes, ne seraient pas soumis \u00e0 la m\u00eame r\u00e9serve\u00a0?<\/p>\n<p>                     Est-ce une question que vous abordez dans le cadre de l\u2019\u00e9ducation \u00e0 la vie affective et sexuelle\u00a0?    <\/p>\n<p class=\"asset asset-text\">\u00c7a m\u2019a beaucoup fait penser \u00e0 un th\u00e8me qu\u2019on travaille avec les jeunes que nous accompagnons. On sait que les \u00ab\u00a0nudes\u00a0\u00bb les int\u00e9ressent beaucoup, et au sens plus large, \u00e0 la question de la pudeur\u00a0: ce qui g\u00eane, ce qui ne g\u00eane pas.<\/p>\n<p class=\"asset asset-text\">Nous les invitons \u00e0 se poser les questions suivantes\u00a0: qu\u2019est-ce que la s\u00e9duction\u00a0? Est-ce qu\u2019envoyer une photo de moi nu, c\u2019est une mani\u00e8re de s\u00e9duire, ou est-ce qu\u2019il y a d\u2019autres fa\u00e7ons de faire\u00a0? Est-ce qu\u2019il faut directement passer par l\u2019exhibition, ou est-ce qu\u2019il y a d\u2019autres mani\u00e8res d\u2019entrer en relation, y compris pour cultiver la sensualit\u00e9\u00a0?<\/p>\n<p class=\"asset asset-text\">Il y a une mani\u00e8re d\u2019entr\u00e9e en relation qui est parfois \u00ab\u00a0pornographi\u00e9e\u00a0\u00bb\u00a0: en te d\u00e9ballant ma camelote, je vais t\u2019emballer, ce n\u2019est pas possible que tu ne craques pas. C\u2019est une m\u00e9connaissance crasse de la relation, y compris du d\u00e9sir sexuel, si on parle sexualit\u00e9. S\u2019il suffisait de montrer des p\u00e9nis pour que les gens soient directement excit\u00e9s, \u00e7a se saurait\u00a0! J\u2019ai une formation de conseill\u00e8re conjugale et de th\u00e9rapeute, je sais bien \u00e0 quel point il ne suffit pas d\u2019afficher un sexe pour faire na\u00eetre un d\u00e9sir intime. C\u2019est violent, mais c\u2019est aussi inefficace.<\/p>\n<p>                     Est-ce que ce cadre est le m\u00eame quelle que soit la relation entre les deux personnes qui \u00e9changent, si elles sont en couple par exemple\u00a0?    <\/p>\n<p class=\"asset asset-text\">Ce n\u2019est pas la m\u00eame chose entre deux personnes qui auraient consenti \u00e0 \u00e9changer ce qu\u2019ils souhaitent. Et dans le cadre d\u2019un couple, on est sur une question de respect de l\u2019autre, de son corps, de son intimit\u00e9. Dans une relation amoureuse, toutes ces notions ne sont pas forc\u00e9ment cadr\u00e9es, mais c\u2019est important de demander \u00e0 l\u2019autre\u00a0: \u00ab\u00a0Qu\u2019est-ce qui te va, qu\u2019est-ce qui te convient\u00a0?\u00a0\u00bb<\/p>\n<p class=\"asset asset-text\">Il faut prendre en compte ce qu\u2019elle souhaite. \u00ab\u00a0Est-ce que c\u2019est le bon moment\u00a0? Est-ce que tu en as envie\u00a0?\u00a0\u00bb, quelle que soit la nature d\u2019une relation, ce sont des questions importantes. L\u2019envie de voir ou de ne pas voir, de montrer ou de ne pas montrer, au-del\u00e0 du cadre l\u00e9gal, \u00e7a n\u2019est m\u00eame pas n\u00e9cessairement une question de sexualit\u00e9. \u00c7a concerne tout le monde\u00a0: dans les structures de soins entre patients et soignants, avec les enfants\u2026<\/p>\n","protected":false},"excerpt":{"rendered":"M6\u00a0capture d\u2019\u00e9cran Dans \u00ab\u00a0L\u2019Amour est dans le pr\u00e9\u00a0\u00bb sur M6, une photo nue re\u00e7ue par G\u00e9raldine choque les&hellip;\n","protected":false},"author":2,"featured_media":377144,"comment_status":"","ping_status":"","sticky":false,"template":"","format":"standard","meta":{"footnotes":""},"categories":[1356],"tags":[58,59,1011,27,42835,5656,494,252,1364,799],"class_list":{"0":"post-378511","1":"post","2":"type-post","3":"status-publish","4":"format-standard","5":"has-post-thumbnail","7":"category-television","8":"tag-divertissement","9":"tag-entertainment","10":"tag-fr","11":"tag-france","12":"tag-l-amour-est-dans-le-pre","13":"tag-life","14":"tag-m6","15":"tag-television","16":"tag-tv","17":"tag-violences-sexuelles"},"share_on_mastodon":{"url":"","error":""},"_links":{"self":[{"href":"https:\/\/www.europesays.com\/fr\/wp-json\/wp\/v2\/posts\/378511","targetHints":{"allow":["GET"]}}],"collection":[{"href":"https:\/\/www.europesays.com\/fr\/wp-json\/wp\/v2\/posts"}],"about":[{"href":"https:\/\/www.europesays.com\/fr\/wp-json\/wp\/v2\/types\/post"}],"author":[{"embeddable":true,"href":"https:\/\/www.europesays.com\/fr\/wp-json\/wp\/v2\/users\/2"}],"replies":[{"embeddable":true,"href":"https:\/\/www.europesays.com\/fr\/wp-json\/wp\/v2\/comments?post=378511"}],"version-history":[{"count":0,"href":"https:\/\/www.europesays.com\/fr\/wp-json\/wp\/v2\/posts\/378511\/revisions"}],"wp:featuredmedia":[{"embeddable":true,"href":"https:\/\/www.europesays.com\/fr\/wp-json\/wp\/v2\/media\/377144"}],"wp:attachment":[{"href":"https:\/\/www.europesays.com\/fr\/wp-json\/wp\/v2\/media?parent=378511"}],"wp:term":[{"taxonomy":"category","embeddable":true,"href":"https:\/\/www.europesays.com\/fr\/wp-json\/wp\/v2\/categories?post=378511"},{"taxonomy":"post_tag","embeddable":true,"href":"https:\/\/www.europesays.com\/fr\/wp-json\/wp\/v2\/tags?post=378511"}],"curies":[{"name":"wp","href":"https:\/\/api.w.org\/{rel}","templated":true}]}}