{"id":378512,"date":"2025-09-09T19:54:13","date_gmt":"2025-09-09T19:54:13","guid":{"rendered":"https:\/\/www.europesays.com\/fr\/378512\/"},"modified":"2025-09-09T19:54:13","modified_gmt":"2025-09-09T19:54:13","slug":"je-me-suis-retrouvee-avec-un-preservatif-sur-le-nez-merci-patrick-bruel-laurent-gerra-ironise-sur-les-difficultes-du-chanteur","status":"publish","type":"post","link":"https:\/\/www.europesays.com\/fr\/378512\/","title":{"rendered":"\u00ab\u00a0Je me suis retrouv\u00e9e avec un pr\u00e9servatif sur le nez, merci Patrick Bruel !\u00a0\u00bb : Laurent Gerra ironise sur les difficult\u00e9s du chanteur"},"content":{"rendered":"<p>Ce 9 septembre 2025, Laurent Gerra a consacr\u00e9 une partie de <strong>son billet humoristique \u00e0 Patrick Bruel<\/strong>. Quelques heures apr\u00e8s le d\u00e9saveu de <a href=\"https:\/\/www.public.fr\/francois-bayrou-face-au-vote-de-confiance-decouvrez-les-six-noms-qui-pourraient-lui-succeder-au-poste-de-premier-ministre\" target=\"_blank\" rel=\"noopener\">Fran\u00e7ois Bayrou \u00e0 l&rsquo;Assembl\u00e9e nationale,<\/a> la star de RTL a ironis\u00e9 sur <strong>l&rsquo;autre gros perdant de la semaine.<\/strong> <\/p>\n<p>Il s&rsquo;agit donc du <a href=\"https:\/\/vsd.fr\/84335-rien-na-resiste-patrick-bruel-son-cocon-efface-a-tout-jamais-le-drame-de-sa-vie\/\" target=\"_blank\" rel=\"noopener\">chanteur de \u00ab\u00a0Casser la voix\u00a0\u00bb<\/a>, qui peinerait, dit-il,<strong> \u00e0 obtenir des avis positifs sur Internet<\/strong>. Cet \u00e9t\u00e9, ce n&rsquo;est pas un disque, qu&rsquo;il a sorti, <a href=\"https:\/\/www.public.fr\/patrick-bruel-decoit-le-directeur-de-son-hotel-de-luxe-reconnait-de-gros-loupes-les-clients-ne-machent-pas-leurs-mots\" target=\"_blank\" rel=\"noopener\">mais bien un h\u00f4tel, qu&rsquo;il a ouvert.<\/a> <\/p>\n<p>La star de 66 ans a d\u00e9cid\u00e9 de se lancer dans un nouveau business. D\u00e9j\u00e0 producteur d&rsquo;huile d&rsquo;olive et de vin, en dehors des studios et des salles de concert,<strong> il fait la promotion de son \u00e9tablissement,<\/strong> depuis plusieurs mois. <\/p>\n<p>Patrick Bruel imit\u00e9 par Laurent Gerra<\/p>\n<p>Apr\u00e8s une premi\u00e8re saison d&rsquo;exploitation, <strong>\u00ab\u00a0L&rsquo;Isle de Leos\u00a0\u00bb fait face \u00e0 de grosses critiques.<\/strong> La presse rapporte les commentaires n\u00e9gatifs des internautes. Ils d\u00e9plorent notamment le <strong>\u00ab\u00a0service interminable\u00a0\u00bb, les \u00ab\u00a0chambres inachev\u00e9es\u00a0\u00bb, les \u00ab\u00a0nuisances sonore<\/strong>s\u00a0\u00bb de l&rsquo;h\u00f4tel de Patrick Bruel.<\/p>\n<p>Laurent Gerra a imagin\u00e9 Patrick Bruel, tr\u00e8s emb\u00eat\u00e9 sur place, en train de chercher des solutions. Reprenant sa voix, \u00e0 la radio, il a d\u00e9clar\u00e9 : \u00ab\u00a0comme j\u2019ai vu que les baignades dans la Seine ont fait un carton cet \u00e9t\u00e9 \u00e0 Paris, <strong>j\u2019ai am\u00e9nag\u00e9 un espace baignade<\/strong>, qui passe dans le jardin de l\u2019h\u00f4tel.\u00a0Ce que j\u2019ignorais, c\u2019est que la station d\u2019\u00e9puration du village rel\u00e2che ses eaux us\u00e9es dans la rivi\u00e8re\u2026\u00a0\u00bb<\/p>\n<p>Un pr\u00e9servatif sur le nez<\/p>\n<p>Par cons\u00e9quent, a blagu\u00e9 Laurent Gerra : \u00ab\u00a0J\u2019ai un client qui a cru que c\u2019\u00e9tait <strong>un bain de boue d\u00e9tox<\/strong>, il a \u00e9t\u00e9 se rouler dedans, il a eu des boutons partout sur le corps et a \u00e9t\u00e9 le dire sur Internet\u00a0\u00bb.<\/p>\n<p>Laurent Gerra a aussi imagin\u00e9 une cliente, tr\u00e8s surprise lorsqu&rsquo;elle s&rsquo;est baign\u00e9e dans la rivi\u00e8re. En raison de \u00ab\u00a0libertins install\u00e9s \u00e0 100 m\u00e8tres de l&rsquo;h\u00f4tel\u00a0\u00bb, elle se serait <strong>\u00ab\u00a0retrouv\u00e9e avec un pr\u00e9servatif sur le nez\u00a0\u00bb<\/strong> alors qu&rsquo;elle barbotait dans l&rsquo;eau. Et cette cliente furieuse d&rsquo;\u00e9crire \u00ab\u00a0merci Patrick Bruel !\u00a0\u00bb sur la Toile, en signe de protestation.<\/p>\n<p>      Mentionn\u00e9s dans cet article<\/p>\n<p>      Sur le m\u00eame sujet<\/p>\n","protected":false},"excerpt":{"rendered":"Ce 9 septembre 2025, Laurent Gerra a consacr\u00e9 une partie de son billet humoristique \u00e0 Patrick Bruel. Quelques&hellip;\n","protected":false},"author":2,"featured_media":378513,"comment_status":"","ping_status":"","sticky":false,"template":"","format":"standard","meta":{"footnotes":""},"categories":[1355],"tags":[58,59,1011,27,190,6098,1361,873,5473],"class_list":{"0":"post-378512","1":"post","2":"type-post","3":"status-publish","4":"format-standard","5":"has-post-thumbnail","7":"category-musique","8":"tag-divertissement","9":"tag-entertainment","10":"tag-fr","11":"tag-france","12":"tag-hotel","13":"tag-laurent-gerra","14":"tag-music","15":"tag-musique","16":"tag-patrick-bruel"},"share_on_mastodon":{"url":"https:\/\/pubeurope.com\/@fr\/115176096913090112","error":""},"_links":{"self":[{"href":"https:\/\/www.europesays.com\/fr\/wp-json\/wp\/v2\/posts\/378512","targetHints":{"allow":["GET"]}}],"collection":[{"href":"https:\/\/www.europesays.com\/fr\/wp-json\/wp\/v2\/posts"}],"about":[{"href":"https:\/\/www.europesays.com\/fr\/wp-json\/wp\/v2\/types\/post"}],"author":[{"embeddable":true,"href":"https:\/\/www.europesays.com\/fr\/wp-json\/wp\/v2\/users\/2"}],"replies":[{"embeddable":true,"href":"https:\/\/www.europesays.com\/fr\/wp-json\/wp\/v2\/comments?post=378512"}],"version-history":[{"count":0,"href":"https:\/\/www.europesays.com\/fr\/wp-json\/wp\/v2\/posts\/378512\/revisions"}],"wp:featuredmedia":[{"embeddable":true,"href":"https:\/\/www.europesays.com\/fr\/wp-json\/wp\/v2\/media\/378513"}],"wp:attachment":[{"href":"https:\/\/www.europesays.com\/fr\/wp-json\/wp\/v2\/media?parent=378512"}],"wp:term":[{"taxonomy":"category","embeddable":true,"href":"https:\/\/www.europesays.com\/fr\/wp-json\/wp\/v2\/categories?post=378512"},{"taxonomy":"post_tag","embeddable":true,"href":"https:\/\/www.europesays.com\/fr\/wp-json\/wp\/v2\/tags?post=378512"}],"curies":[{"name":"wp","href":"https:\/\/api.w.org\/{rel}","templated":true}]}}