{"id":378520,"date":"2025-09-09T19:58:11","date_gmt":"2025-09-09T19:58:11","guid":{"rendered":"https:\/\/www.europesays.com\/fr\/378520\/"},"modified":"2025-09-09T19:58:11","modified_gmt":"2025-09-09T19:58:11","slug":"les-photos-du-prince-harry-a-londres-enjoue-malgre-la-guerre-froide-familiale","status":"publish","type":"post","link":"https:\/\/www.europesays.com\/fr\/378520\/","title":{"rendered":"Les photos du prince Harry \u00e0 Londres, enjou\u00e9 malgr\u00e9 la guerre froide familiale"},"content":{"rendered":"<p>Le duc de Sussex est arriv\u00e9, ce lundi 8 septembre, au Royaume-Uni pour une visite express de quatre jours consacr\u00e9e \u00e0 ses engagements caritatifs. En froid avec son p\u00e8re Charles III et son a\u00een\u00e9 le prince William, il ne devrait pas les croiser avant son retour aux \u00c9tats-Unis.<\/p>\n<p class=\"fig-paragraph\">Le\u00a0<a href=\"https:\/\/madame.lefigaro.fr\/tag\/prince-harry\" target=\"_blank\" data-fig-type=\"Keyword\" rel=\"sponsored noopener\" data-gtm-custom-categorie=\"navigation\" data-gtm-custom-action=\"crossclick\" data-gtm-custom-label=\"Contextuel\" data-gtm-event=\"customEventSPE\" data-fig-domain=\"MADAME\">prince Harry\u00a0<\/a>a fait son grand retour au Royaume-Uni ce lundi 8 septembre, journ\u00e9e \u00f4 combien symbolique pour la famille royale britannique puisqu\u2019elle marque le troisi\u00e8me anniversaire de la disparition de la reine Elizabeth II. Apr\u00e8s avoir atterri dans la matin\u00e9e \u00e0 l\u2019a\u00e9roport de Heathrow, le duc de Sussex s\u2019est d\u2019ailleurs directement rendu au ch\u00e2teau de Windsor pour se recueillir sur la tombe de sa grand-m\u00e8re, \u00e0 la chapelle Saint-Georges, o\u00f9 il a \u00e9galement d\u00e9pos\u00e9 une gerbe de fleurs pour honorer la m\u00e9moire de la souveraine.<\/p>\n<p>Une subtile allusion au prince William<\/p>\n<p class=\"fig-paragraph\">L\u2019\u00e9poux de\u00a0<a href=\"https:\/\/madame.lefigaro.fr\/tag\/meghan-markle\" target=\"_blank\" data-fig-type=\"Keyword\" rel=\"sponsored noopener\" data-gtm-custom-categorie=\"navigation\" data-gtm-custom-action=\"crossclick\" data-gtm-custom-label=\"Contextuel\" data-gtm-event=\"customEventSPE\" data-fig-domain=\"MADAME\">Meghan Markle<\/a>\u00a0a ensuite rejoint le Royal Lancaster Hotel, \u00e0 Londres, o\u00f9 s\u2019est d\u00e9roul\u00e9e la c\u00e9r\u00e9monie annuelle des WellChild Awards, une association caritative pour les enfants malades dont il est le parrain depuis dix-sept ans. Avant la remise des prix, le prince Harry a pris le temps d\u2019\u00e9changer avec les laur\u00e9ats, des enfants et adolescents en situation de handicap comme Declan Bitmead, un jeune homme de 17 ans atteint du syndrome de Stevens-Johnson (SJS), une maladie rare et grave se caract\u00e9risant par la destruction et le d\u00e9collement massif de la peau et des muqueuses. Au cours de leur \u00e9change, le fils de Charles III a os\u00e9 faire une petite allusion \u00e0 sa brouille avec son a\u00een\u00e9 William, \u00e0 qui il n\u2019a pas parl\u00e9 depuis pr\u00e8s de deux ans.<a href=\"http:\/\/madame.lefigaro.fr\/celebrites\/actu-people\/ton-frere-te-rend-fou-le-prince-harry-fait-une-subtile-allusion-au-prince-william-pendant-son-sejour-au-royaume-uni-20250909\" data-fig-type=\"Article\" data-gtm-custom-categorie=\"navigation\" data-gtm-custom-action=\"crossclick\" data-gtm-custom-label=\"Contextuel\" data-gtm-event=\"customEventSPE\" data-fig-domain=\"MADAME\" target=\"_blank\" rel=\"noopener\">\u00a0\u00abEst-ce que ton fr\u00e8re te rend fou\u00a0?\u00bb, a-t-il ainsi demand\u00e9 \u00e0 Declan Bitmead\u00a0<\/a>avant d\u2019ajouter, un sourire en coin\u00a0: \u00abCar tu sais ce que c\u2019est, les fr\u00e8res et s\u0153urs&#8230;\u00bb.<\/p>\n<p class=\"fig-body-link&#10;    \">\n            \u00c0 lire aussi<br \/>\n        <a class=\"fig-body-link__link\" href=\"http:\/\/madame.lefigaro.fr\/celebrites\/actu-people\/ton-frere-te-rend-fou-le-prince-harry-fait-une-subtile-allusion-au-prince-william-pendant-son-sejour-au-royaume-uni-20250909\" data-fig-type=\"Article\" data-gtm-custom-categorie=\"navigation\" data-gtm-custom-action=\"crossclick\" data-gtm-custom-label=\"Contextuel\" data-gtm-event=\"customEventSPE\" data-fig-domain=\"MADAME\" target=\"_blank\" rel=\"noopener\">\u00abTon fr\u00e8re te rend fou?\u00bb\u00a0: le prince Harry fait une subtile allusion au prince William pendant son s\u00e9jour au Royaume-Uni<\/a>\n<\/p>\n<p>                                    <a class=\"fig-a11y-skip a11y-hidden\" href=\"#fig-a11y-skip-main-inarticle\"><br \/>\n        Passer la publicit\u00e9<br \/>\n    <\/a><\/p>\n<p>Un don de 1,1 million de livres<\/p>\n<p class=\"fig-paragraph\">P\u00e8re de deux jeunes enfants, Archie, 6 ans, et Lilibet, 4 ans, Harry a aussi montr\u00e9 \u00e0 quel point il \u00e9tait \u00e0 l\u2019aise avec les tout-petits en se lan\u00e7ant dans une partie de sabre improvis\u00e9e, arm\u00e9 de ballons gonflables, face \u00e0 Gwen Foster, une jeune fille de neuf ans souffrant de paralys\u00e9e. Il a ensuite retrouv\u00e9 son s\u00e9rieux en montant sur la sc\u00e8ne des WellChild Awards, o\u00f9 il a prononc\u00e9 un discours poignant saluant le courage et la r\u00e9silience des jeunes atteints de pathologies complexes, ainsi que le d\u00e9vouement de leur famille.<\/p>\n<p class=\"fig-paragraph\">Ce 9 septembre, le fils de Charles III et de Lady Di, v\u00eatu d\u2019une chemise blanche sous une veste de costume grise, assortie \u00e0 ses mocassins en daim, est arriv\u00e9 tout sourire \u00e0 Nottingham, o\u00f9 il a visit\u00e9 un studio d\u2019enregistrement communautaire situ\u00e9 dans le quartier de St. Anns. Sur place, l\u2019\u00e9poux de Meghan Markle a annonc\u00e9 qu\u2019il ferait un don de 1,1 million de livres sterling \u00e0 l\u2019association BBC Children in Need. Une somme destin\u00e9e \u00e0 financer des espaces comme Community Recording Studio de Nottingham, o\u00f9 les jeunes en difficult\u00e9 peuvent d\u00e9velopper leurs talents artistiques.<\/p>\n<p class=\"fig-paragraph\">Le duc de Sussex n\u2019a pr\u00e9vu aucune rencontre avec des membres de sa famille, ni avec son p\u00e8re Charles III, actuellement en \u00c9cosse, ni avec William, qui a soigneusement rempli son agenda pour \u00e9clipser la visite de son cadet et ne surtout pas le croiser, note\u00a0<a href=\"https:\/\/www.hellomagazine.com\/royalty\/854152\/royal-family-live-prince-harry-returns-uk-wellchild-awards\/\" target=\"_blank\" rel=\"sponsored noopener\" data-gtm-custom-categorie=\"navigation\" data-gtm-custom-action=\"crossclick\" data-gtm-custom-label=\"Contextuel\" data-gtm-event=\"customEventSPE\">le magazine Hello!.<\/a>\u00a0Cette absence de retrouvailles familiales \u00e9loigne tout espoir de r\u00e9conciliation entre l\u2019enfant terrible de la couronne et les Windsor.<\/p>\n","protected":false},"excerpt":{"rendered":"Le duc de Sussex est arriv\u00e9, ce lundi 8 septembre, au Royaume-Uni pour une visite express de quatre&hellip;\n","protected":false},"author":2,"featured_media":378521,"comment_status":"","ping_status":"","sticky":false,"template":"","format":"standard","meta":{"footnotes":""},"categories":[8],"tags":[58,59,1011,27,908,267,3936],"class_list":{"0":"post-378520","1":"post","2":"type-post","3":"status-publish","4":"format-standard","5":"has-post-thumbnail","7":"category-divertissement","8":"tag-divertissement","9":"tag-entertainment","10":"tag-fr","11":"tag-france","12":"tag-meghan-markle","13":"tag-prince-harry","14":"tag-prince-william"},"share_on_mastodon":{"url":"https:\/\/pubeurope.com\/@fr\/115176112394439245","error":""},"_links":{"self":[{"href":"https:\/\/www.europesays.com\/fr\/wp-json\/wp\/v2\/posts\/378520","targetHints":{"allow":["GET"]}}],"collection":[{"href":"https:\/\/www.europesays.com\/fr\/wp-json\/wp\/v2\/posts"}],"about":[{"href":"https:\/\/www.europesays.com\/fr\/wp-json\/wp\/v2\/types\/post"}],"author":[{"embeddable":true,"href":"https:\/\/www.europesays.com\/fr\/wp-json\/wp\/v2\/users\/2"}],"replies":[{"embeddable":true,"href":"https:\/\/www.europesays.com\/fr\/wp-json\/wp\/v2\/comments?post=378520"}],"version-history":[{"count":0,"href":"https:\/\/www.europesays.com\/fr\/wp-json\/wp\/v2\/posts\/378520\/revisions"}],"wp:featuredmedia":[{"embeddable":true,"href":"https:\/\/www.europesays.com\/fr\/wp-json\/wp\/v2\/media\/378521"}],"wp:attachment":[{"href":"https:\/\/www.europesays.com\/fr\/wp-json\/wp\/v2\/media?parent=378520"}],"wp:term":[{"taxonomy":"category","embeddable":true,"href":"https:\/\/www.europesays.com\/fr\/wp-json\/wp\/v2\/categories?post=378520"},{"taxonomy":"post_tag","embeddable":true,"href":"https:\/\/www.europesays.com\/fr\/wp-json\/wp\/v2\/tags?post=378520"}],"curies":[{"name":"wp","href":"https:\/\/api.w.org\/{rel}","templated":true}]}}