{"id":378526,"date":"2025-09-09T20:01:13","date_gmt":"2025-09-09T20:01:13","guid":{"rendered":"https:\/\/www.europesays.com\/fr\/378526\/"},"modified":"2025-09-09T20:01:13","modified_gmt":"2025-09-09T20:01:13","slug":"une-femme-sur-deux-aurait-ete-victime-de-la-contraception-forcee","status":"publish","type":"post","link":"https:\/\/www.europesays.com\/fr\/378526\/","title":{"rendered":"une femme sur deux aurait \u00e9t\u00e9 victime de la contraception forc\u00e9e"},"content":{"rendered":"<p>Plusieurs milliers de Groenlandaises auraient re\u00e7u un st\u00e9rilet de force de la part des autorit\u00e9s danoises dans les ann\u00e9es 70, afin de contr\u00f4ler les naissances sur ce territoire insulaire.<\/p>\n<p class=\"fig-paragraph\">Une\u00a0<a href=\"http:\/\/www.lefigaro.fr\/international\/pose-de-sterilets-sans-consentement-143-groenlandaises-portent-plainte-contre-le-danemark-20240305\" data-fig-type=\"NewsFlash\" data-gtm-custom-categorie=\"navigation\" data-gtm-custom-action=\"crossclick\" data-gtm-custom-label=\"Contextuel\" data-gtm-event=\"customEventSPE\" data-fig-domain=\"LEFIGARO\" rel=\"nofollow noopener\" target=\"_blank\">Groenlandaise sur deux<\/a>\u00a0s&rsquo;est vue poser dans les ann\u00e9es 70, majoritairement sans consentement, un st\u00e9rilet dans le cadre de la campagne de contraception mise en \u0153uvre sur l&rsquo;\u00eele arctique, a r\u00e9v\u00e9l\u00e9 mardi une enqu\u00eate historique. \u00abAu moins 4070 femmes, d\u00e9j\u00e0 fin 1970\u00bb avaient re\u00e7u un st\u00e9rilet, a conclu l&rsquo;enqu\u00eate pr\u00e9sent\u00e9e une dizaine de jours apr\u00e8s les excuses officielles aux victimes de la premi\u00e8re ministre danoise Mette Frederiksen. Cela repr\u00e9sente une femme groenlandaise sur deux en \u00e2ge de procr\u00e9er \u00e0 cette \u00e9poque.<\/p>\n<p class=\"fig-paragraph\">\u00abLes r\u00e9cits des femmes, combin\u00e9s aux documents issus des dispensaires ainsi qu&rsquo;\u00e0 des articles publi\u00e9s par des m\u00e9decins ayant travaill\u00e9 \u00e0 l&rsquo;\u00e9poque, dressent un tableau selon lequel le syst\u00e8me de sant\u00e9 a mis en \u0153uvre des efforts tr\u00e8s actifs pour promouvoir l&rsquo;utilisation du st\u00e9rilet\u00bb dans un objectif de contr\u00f4le des naissances, est-il indiqu\u00e9. Un\u00a0<a href=\"http:\/\/www.lefigaro.fr\/flash-actu\/contraception-forcee-des-groenlandaises-demandent-des-comptes-a-l-etat-danois-20240503\" data-fig-type=\"NewsFlash\" data-gtm-custom-categorie=\"navigation\" data-gtm-custom-action=\"crossclick\" data-gtm-custom-label=\"Contextuel\" data-gtm-event=\"customEventSPE\" data-fig-domain=\"LEFIGARO\" rel=\"nofollow noopener\" target=\"_blank\">total de 354 femmes ont t\u00e9moign\u00e9<\/a>, 94 d&rsquo;entre elles avaient 14 ans ou moins au moment de la premi\u00e8re pose d&rsquo;un st\u00e9rilet. 120 entre 15 et 17 ans.<\/p>\n<p>                                    <a class=\"fig-a11y-skip a11y-hidden\" href=\"#fig-a11y-skip-main-inarticle\"><br \/>\n        Passer la publicit\u00e9<br \/>\n    <\/a><\/p>\n<p class=\"fig-paragraph\">Certaines ont expliqu\u00e9 avoir re\u00e7u ce contraceptif apr\u00e8s un accouchement ou un avortement, sans en \u00eatre inform\u00e9es. \u00abLa majorit\u00e9 estime \u00e9galement ne pas avoir re\u00e7u d&rsquo;informations ad\u00e9quates avant l&rsquo;attribution de la m\u00e9thode contraceptive\u00bb, a affirm\u00e9 le rapport. Beaucoup d&rsquo;entre elles ignoraient tout sur la sexualit\u00e9 et la contraception, ont not\u00e9 les scientifiques. La pose du contraceptif a g\u00e9n\u00e9r\u00e9 un fort mal-\u00eatre chez beaucoup de femmes. Nombre d&rsquo;entre elles sont aussi devenues st\u00e9riles.<\/p>\n<p>Une enqu\u00eate ouverte<\/p>\n<p class=\"fig-paragraph\">\u00abLa pratique de l&rsquo;\u00e9poque les a laiss\u00e9es avec un sentiment de honte, parce qu&rsquo;on leur avait administr\u00e9 une contraception sans qu&rsquo;elles l&rsquo;aient demand\u00e9e et, dans certains cas, sans qu&rsquo;elles aient donn\u00e9 leur consentement\u00bb, est-il \u00e9crit. La premi\u00e8re ministre danoise Mette Frederiksen a pr\u00e9sent\u00e9 fin ao\u00fbt ses excuses aux victimes de cette campagne, acc\u00e9dant \u00e0 une demande formul\u00e9e par ces femmes depuis plusieurs ann\u00e9es.<\/p>\n<p class=\"fig-paragraph\">C&rsquo;est la prise de parole d&rsquo;une victime puis une s\u00e9rie de podcasts en 2022 qui ont r\u00e9v\u00e9l\u00e9 au grand public l&rsquo;existence de cette campagne de contraception, oubli\u00e9e des pouvoirs publics et refoul\u00e9e par les victimes.<\/p>\n<p class=\"fig-paragraph\">Les gouvernements danois et groenlandais ont alors convenu de lancer une enqu\u00eate ind\u00e9pendante sur les pratiques contraceptives, notamment dans les internats danois accueillant des \u00e9l\u00e8ves groenlandais entre 1960 et 1991. L&rsquo;enqu\u00eate d\u00e9voil\u00e9e ce mardi a d\u00e9marr\u00e9 en 2023. Une autre enqu\u00eate, sur les implications juridiques, de cette campagne est en cours.<\/p>\n","protected":false},"excerpt":{"rendered":"Plusieurs milliers de Groenlandaises auraient re\u00e7u un st\u00e9rilet de force de la part des autorit\u00e9s danoises dans les&hellip;\n","protected":false},"author":2,"featured_media":378527,"comment_status":"","ping_status":"","sticky":false,"template":"","format":"standard","meta":{"footnotes":""},"categories":[5],"tags":[11,26246,1011,27,146,14,12,28],"class_list":{"0":"post-378526","1":"post","2":"type-post","3":"status-publish","4":"format-standard","5":"has-post-thumbnail","7":"category-international","8":"tag-actualites","9":"tag-contraception","10":"tag-fr","11":"tag-france","12":"tag-groenland","13":"tag-international","14":"tag-news","15":"tag-world"},"share_on_mastodon":{"url":"https:\/\/pubeurope.com\/@fr\/115176124209708089","error":""},"_links":{"self":[{"href":"https:\/\/www.europesays.com\/fr\/wp-json\/wp\/v2\/posts\/378526","targetHints":{"allow":["GET"]}}],"collection":[{"href":"https:\/\/www.europesays.com\/fr\/wp-json\/wp\/v2\/posts"}],"about":[{"href":"https:\/\/www.europesays.com\/fr\/wp-json\/wp\/v2\/types\/post"}],"author":[{"embeddable":true,"href":"https:\/\/www.europesays.com\/fr\/wp-json\/wp\/v2\/users\/2"}],"replies":[{"embeddable":true,"href":"https:\/\/www.europesays.com\/fr\/wp-json\/wp\/v2\/comments?post=378526"}],"version-history":[{"count":0,"href":"https:\/\/www.europesays.com\/fr\/wp-json\/wp\/v2\/posts\/378526\/revisions"}],"wp:featuredmedia":[{"embeddable":true,"href":"https:\/\/www.europesays.com\/fr\/wp-json\/wp\/v2\/media\/378527"}],"wp:attachment":[{"href":"https:\/\/www.europesays.com\/fr\/wp-json\/wp\/v2\/media?parent=378526"}],"wp:term":[{"taxonomy":"category","embeddable":true,"href":"https:\/\/www.europesays.com\/fr\/wp-json\/wp\/v2\/categories?post=378526"},{"taxonomy":"post_tag","embeddable":true,"href":"https:\/\/www.europesays.com\/fr\/wp-json\/wp\/v2\/tags?post=378526"}],"curies":[{"name":"wp","href":"https:\/\/api.w.org\/{rel}","templated":true}]}}