{"id":378530,"date":"2025-09-09T20:03:20","date_gmt":"2025-09-09T20:03:20","guid":{"rendered":"https:\/\/www.europesays.com\/fr\/378530\/"},"modified":"2025-09-09T20:03:20","modified_gmt":"2025-09-09T20:03:20","slug":"ca-peut-faire-peur-ces-agriculteurs-qui-craignent-les-blocages","status":"publish","type":"post","link":"https:\/\/www.europesays.com\/fr\/378530\/","title":{"rendered":"\u00ab\u00a0\u00c7a peut faire peur\u00a0\u00bb\u2026 Ces agriculteurs qui craignent les blocages"},"content":{"rendered":"<p>Ils ont un sacr\u00e9 pouvoir de nuisance. Alors forc\u00e9ment, quand ils ne sont pas contents, les agriculteurs ne se privent pas d\u2019actions marquantes. En d\u00e9versant du fumier devant <a href=\"https:\/\/www.20minutes.fr\/faits_divers\/4122272-20241120-beauvais-mur-parpaings-fumier-dresse-agriculteurs-guise-protestation\" class=\"c-link c-link--is-underlined\" rel=\"nofollow noopener\" target=\"_blank\">les pr\u00e9fectures ou les enseignes de grande distribution<\/a>. En bloquant les routes avec leurs imposantes remorques. Ou en ralentissant le trafic avec leurs tracteurs lors d\u2019op\u00e9rations escargots. Bloquer, les paysans savent faire. Mais ce mercredi, la plupart d\u2019entre eux ne devraient pas se mobiliser pour le mouvement <a href=\"https:\/\/www.20minutes.fr\/societe\/4171387-20250909-bloquons-tout-10-septembre-aucune-victoire-syndicale-depuis-2006-rationnel-essayer-autre-chose\" class=\"c-link c-link--is-underlined\" rel=\"nofollow noopener\" target=\"_blank\">\u00ab\u00a0Bloquons tout\u00a0\u00bb du 10\u00a0septembre<\/a>.<\/p>\n<p>Sur les trois syndicats que compte la profession, seul un <a href=\"https:\/\/www.lemonde.fr\/societe\/article\/2025\/09\/03\/la-confederation-paysanne-se-joindra-au-mouvement-bloquons-tout_6638766_3224.html\" rel=\"nofollow noopener\" target=\"_blank\" class=\"c-link c-link--is-underlined\">appelle ses adh\u00e9rents \u00e0 se joindre aux actions<\/a>. Class\u00e9e \u00e0 gauche, la Conf\u00e9d\u00e9ration paysanne \u00ab\u00a0se sent enti\u00e8rement l\u00e9gitime \u00e0 participer \u00e0 ce mouvement\u00a0\u00bb, s\u2019estimant \u00ab\u00a0en convergence avec l\u2019ensemble des col\u00e8res qui s\u2019agr\u00e8gent\u00a0\u00bb, a expliqu\u00e9 son porte-parole Thomas Gibert.<\/p>\n<p>Mais elle sera seule car ni la FNSEA, syndicat majoritaire class\u00e9 au centre-droit, ni la Coordination rurale, plus \u00e0 droite, n\u2019appellent leurs adh\u00e9rents \u00e0 se mobiliser. \u00ab\u00a0On n\u2019a donn\u00e9 aucune consigne. S\u2019il y a des gens qui se mobilisent, ce sera de leur initiative personnelle\u00a0\u00bb, assure Etienne Leray, porte-parole des Jeunes agriculteurs, la branche \u00ab\u00a0jeune\u00a0\u00bb de la FNSEA. \u00ab\u00a0On a encore des gens en r\u00e9colte. Ce n\u2019est pas du tout le bon moment pour se mobiliser. Surtout aupr\u00e8s de mouvements qui nous ont caus\u00e9 du tort\u00a0\u00bb, poursuit Quentin Le Guillous, \u00e9galement membre des JA.<\/p>\n<p>\u00ab\u00a0Ces mouvements ne nous int\u00e9ressent pas\u00a0\u00bb<\/p>\n<p>M\u00eame son de cloche chez Michel Bloc\u2019h, pr\u00e9sident de l\u2019Union des groupements <a href=\"https:\/\/www.20minutes.fr\/economie\/4171863-20250909-taxes-va-etre-impacte-filiere-porcine-francaise-grogne-contre-decision-chinoise\" class=\"c-link c-link--is-underlined\" rel=\"nofollow noopener\" target=\"_blank\">de producteurs de viande de Bretagne<\/a> (UGPVB)\u00a0: \u00ab\u00a0Il n\u2019y aura aucune mobilisation, rien, z\u00e9ro. Les agriculteurs ne sont pas du tout dans ce mouvement-l\u00e0. J\u2019ai lu dans le journal qu\u2019un Fran\u00e7ais sur deux soutenait le mouvement. Eh bien je n\u2019en fais pas partie et le monde agricole, tr\u00e8s majoritairement, non plus. Ces mouvements-l\u00e0 ne nous int\u00e9ressent pas beaucoup\u00a0\u00bb, assure l\u2019\u00e9leveur.<\/p>\n<\/p>\n<p>Dans les rangs des paysans, certains avouent m\u00eame craindre ce mouvement social consistant \u00e0 \u00ab\u00a0tout bloquer\u00a0\u00bb. \u00ab\u00a0On ne s\u2019y associe pas. Je vous avoue que je suis un peu dubitatif. \u00c7a peut m\u00eame nous faire un peu peur. Parce qu\u2019on a des flux en continu \u00e0 g\u00e9rer dans nos exploitations. Et que si les routes ou si certains sites sont bloqu\u00e9s, \u00e7a peut nous emp\u00eacher de travailler\u00a0\u00bb, t\u00e9moigne Jean-Alain Divanac\u2019h, producteur de lait et de porcs et pr\u00e9sident de la chambre d\u2019agriculture du <a href=\"https:\/\/www.20minutes.fr\/societe\/finistere\/\" class=\"c-link c-link--is-underlined\" rel=\"nofollow noopener\" target=\"_blank\">Finist\u00e8re<\/a>.<\/p>\n<p>\u00ab\u00a0On est plut\u00f4t inquiets\u00a0\u00bb<\/p>\n<p>Il n\u2019est pas le seul \u00e0 partager ses craintes. \u00ab\u00a0On peut comprendre les revendications, mais on est plut\u00f4t inquiets\u00a0\u00bb, embraye Laurent Kerlir, \u00e9leveur laitier du Morbihan qui pr\u00e9side <a href=\"https:\/\/www.20minutes.fr\/rennes\/3183467-20211127-bretagne-chambre-agriculture-inquiete-avenir-elevage\" class=\"c-link c-link--is-underlined\" rel=\"nofollow noopener\" target=\"_blank\">la puissante chambre d\u2019agriculture de Bretagne<\/a>. La suspension des livraisons de nourriture, le moindre acc\u00e8s aux abattoirs ou encore le blocage de lieux strat\u00e9giques comme le march\u00e9 de Rungis pourraient affecter les paysans si la mobilisation \u00e9tait d\u2019ampleur. \u00ab\u00a0Si cela dure une journ\u00e9e, \u00e7a ira. Mais si \u00e7a dure dans le temps, il faut que ces gens se rappellent qu\u2019il y en a qui travaillent\u00a0\u00bb, pr\u00e9vient le JA Quentin Le Guillous.<\/p>\n<p><img decoding=\"async\" alt=\"Apr\u00e8s avoir f\u00eat\u00e9 la chute de Fran\u00e7ois Bayrou, de nombreux militants de gauche envisagent de participer \u00e0 la journ\u00e9e &quot;Bloquons tout&quot; du 10 septembre.\" class=\"c-img\" loading=\"lazy\" fetchpriority=\"auto\" width=\"718\"  src=\"https:\/\/img.20mn.fr\/zhNJhV6KTAOwo_W5TpqA5Ck\/718x0\" \/>Apr\u00e8s avoir f\u00eat\u00e9 la chute de Fran\u00e7ois Bayrou, de nombreux militants de gauche envisagent de participer \u00e0 la journ\u00e9e \u00ab\u00a0Bloquons tout\u00a0\u00bb du 10 septembre.\u2002-\u00a0Estelle Ruiz\/Hans Lucas <\/p>\n<p>La profession a pourtant bien des choses \u00e0 dire en cette rentr\u00e9e. <a href=\"https:\/\/www.20minutes.fr\/planete\/secheresse\/4170261-20250829-secheresse-45-departements-crise-plus-double-an-dernier\" class=\"c-link c-link--is-underlined\" rel=\"nofollow noopener\" target=\"_blank\">Chahut\u00e9e par les s\u00e9cheresses<\/a>, la canicule estivale, les accords de libre-\u00e9change avec le Mercosur ou la multiplication des cas <a href=\"https:\/\/www.20minutes.fr\/societe\/4161090-20250630-elevage-quoi-dermatose-nodulaire-maladie-donne-boutons-vaches\" class=\"c-link c-link--is-underlined\" rel=\"nofollow noopener\" target=\"_blank\">de dermatose nodulaire<\/a> et de<a href=\"https:\/\/www.20minutes.fr\/sante\/4105003-20240808-fievre-catarrhale-ovine-dont-foyer-nouveau-type-ressurgit-france\" class=\"c-link c-link--is-underlined\" rel=\"nofollow noopener\" target=\"_blank\"> fi\u00e8vre catarrhale ovine<\/a>, l\u2019agriculture fran\u00e7aise est en d\u00e9tresse. Mais elle se mobilisera donc peu mercredi, pr\u00e9f\u00e9rant attendre l\u2019automne pour envisager des actions. En attendant, aussi, de pouvoir juger un gouvernement.<\/p>\n","protected":false},"excerpt":{"rendered":"Ils ont un sacr\u00e9 pouvoir de nuisance. Alors forc\u00e9ment, quand ils ne sont pas contents, les agriculteurs ne&hellip;\n","protected":false},"author":2,"featured_media":378531,"comment_status":"","ping_status":"","sticky":false,"template":"","format":"standard","meta":{"footnotes":""},"categories":[2],"tags":[47,11,327,829,24728,1011,27,1272,3729,12,27557,104],"class_list":{"0":"post-378530","1":"post","2":"type-post","3":"status-publish","4":"format-standard","5":"has-post-thumbnail","7":"category-actualites","8":"tag-actualite","9":"tag-actualites","10":"tag-agriculture","11":"tag-bretagne","12":"tag-fnsea","13":"tag-fr","14":"tag-france","15":"tag-manifestations","16":"tag-morbihan","17":"tag-news","18":"tag-rungis","19":"tag-societe"},"share_on_mastodon":{"url":"https:\/\/pubeurope.com\/@fr\/115176132076080794","error":""},"_links":{"self":[{"href":"https:\/\/www.europesays.com\/fr\/wp-json\/wp\/v2\/posts\/378530","targetHints":{"allow":["GET"]}}],"collection":[{"href":"https:\/\/www.europesays.com\/fr\/wp-json\/wp\/v2\/posts"}],"about":[{"href":"https:\/\/www.europesays.com\/fr\/wp-json\/wp\/v2\/types\/post"}],"author":[{"embeddable":true,"href":"https:\/\/www.europesays.com\/fr\/wp-json\/wp\/v2\/users\/2"}],"replies":[{"embeddable":true,"href":"https:\/\/www.europesays.com\/fr\/wp-json\/wp\/v2\/comments?post=378530"}],"version-history":[{"count":0,"href":"https:\/\/www.europesays.com\/fr\/wp-json\/wp\/v2\/posts\/378530\/revisions"}],"wp:featuredmedia":[{"embeddable":true,"href":"https:\/\/www.europesays.com\/fr\/wp-json\/wp\/v2\/media\/378531"}],"wp:attachment":[{"href":"https:\/\/www.europesays.com\/fr\/wp-json\/wp\/v2\/media?parent=378530"}],"wp:term":[{"taxonomy":"category","embeddable":true,"href":"https:\/\/www.europesays.com\/fr\/wp-json\/wp\/v2\/categories?post=378530"},{"taxonomy":"post_tag","embeddable":true,"href":"https:\/\/www.europesays.com\/fr\/wp-json\/wp\/v2\/tags?post=378530"}],"curies":[{"name":"wp","href":"https:\/\/api.w.org\/{rel}","templated":true}]}}