{"id":378534,"date":"2025-09-09T20:05:13","date_gmt":"2025-09-09T20:05:13","guid":{"rendered":"https:\/\/www.europesays.com\/fr\/378534\/"},"modified":"2025-09-09T20:05:13","modified_gmt":"2025-09-09T20:05:13","slug":"mobilisation-du-10-septembre-des-gens-se-sentent-humilies-les-raisons-de-la-mobilisation-a-saint-etienne","status":"publish","type":"post","link":"https:\/\/www.europesays.com\/fr\/378534\/","title":{"rendered":"Mobilisation du 10 septembre\u00a0: \u00ab\u00a0Des gens se sentent humili\u00e9s\u00a0\u00bb, les raisons de la mobilisation \u00e0 Saint-\u00c9tienne"},"content":{"rendered":"<p>Le mouvement \u00ab\u00a0bloquons tout\u00a0\u00bb va marquer ce mercredi 10 septembre. Quatre citoyens se sont confi\u00e9s, au terme d&rsquo;une r\u00e9union de pr\u00e9paration \u00e0 Saint-\u00c9tienne, sur les raisons qui les poussent \u00e0 se mobiliser.\n<\/p>\n<p>Le 10 septembre 2025 restera marqu\u00e9 par \u00ab\u00a0bloquons tout\u00a0\u00bb. Ce mouvement, n\u00e9 sur Telegram, appelle \u00e0 paralyser la France. Quelles sont les motivations des manifestants \u00e0 Saint-\u00c9tienne\u00a0?<\/p>\n<p>\u00ab\u00a0C&rsquo;est parti du budget de Bayrou. On a tous \u00e9t\u00e9 choqu\u00e9s de voir \u00e0 quel point, il passait une \u00e9tape dans le rabaissement des gens. Des gens se sentent humili\u00e9s, qui ont peur de finir \u00e0 la rue\u00a0\u00bb explique Thomas, un participant tr\u00e8s actif. Mais si les 44 milliards d&rsquo;euros \u00e9conomies ont \u00e9t\u00e9 un d\u00e9clencheur, cette d\u00e9cision politique n&rsquo;a fait que raviver une col\u00e8re d\u00e9j\u00e0 existante. \u00ab\u00a0On a des gens qui nous mentent, qui sont corrompus et on ne le juge pas\u00a0\u00bb d\u00e9nonce Michelle, une retrait\u00e9e. Elle met en parall\u00e8le de ces privil\u00e8ges la souffrance de certaines personnes qu&rsquo;elle croise au quotidien\u00a0:\u00a0\u00bbUn gars qui venait boire son petit rouge \u00e0 l&rsquo;amicale la\u00efque, il ne vient plus. Il ne peut plus payer son adh\u00e9sion qui est \u00e0 vingt euros\u00a0!\u00a0\u00bb<\/p>\n<p>D\u00e9gradations des services publics<\/p>\n<p>\u00c0 la pauvret\u00e9 se rajoute la d\u00e9gradation des services publics juge Bernadette qui travaille \u00e0 l&rsquo;h\u00f4pital de Firminy\u00a0: \u00ab\u00a0Je suis outr\u00e9 de voir qu&rsquo;on arrive m\u00eame plus \u00e0 payer les factures des fournisseurs\u00a0\u00bb. \u00c0 ce bien commun, elle met, elle aussi, en parall\u00e8le les avantages dont b\u00e9n\u00e9ficient des grandes entreprises\u00a0:\u00a0\u00ab\u00a0Je pense au 215 milliards qui sont donn\u00e9s aux entreprises. Je pense \u00e0 Michelin qui a d\u00e9localis\u00e9 des machines et ils ont \u00e9t\u00e9 subventionn\u00e9s pour \u00e7a\u00a0!\u00a0\u00bb L&rsquo;enjeu de ces mobilisations, c&rsquo;est de\u00a0\u00ab\u00a0proposer une civilisation diff\u00e9rente\u00a0\u00bb r\u00e9sume Nicolas, un retrait\u00e9.<\/p>\n<p>Plus de d\u00e9mocratie<\/p>\n<p>Plus de justice sociale et plus de d\u00e9mocratie, r\u00e9clame de son c\u00f4t\u00e9 Thomas. \u00ab\u00a0Il faut une d\u00e9personnalisation du pouvoir\u00a0\u00bb r\u00e9sume-t-il, avant de d\u00e9velopper\u00a0: \u00ab\u00a0Le probl\u00e8me, ce n&rsquo;est pas Macron, Bayrou, Hollande ou tous les autres. Le probl\u00e8me, c&rsquo;est qu&rsquo;on a des institutions qui \u00e9lisent des gens au pouvoir qui sont loin du peuple. C&rsquo;est un syst\u00e8me que l&rsquo;on veut changer afin que les \u00e9lus ne soient pas des repr\u00e9sentants du peuple, mais des servants du peuple.\u00a0\u00bb Une application concr\u00e8te de cette id\u00e9e\u00a0est la r\u00e9vocabilit\u00e9. En cas de besoin, un vote permettrait de d\u00e9mettre de ses fonctions un \u00e9lu.<\/p>\n<p>Les syndicats se sont aussi empar\u00e9s de ce mouvement. Le rendez-vous est donn\u00e9 \u00e0 10\u00a0h\u00a030 \u00e0 Roanne devant le tribunal. \u00c0 Saint-\u00c9tienne, le rendez-vous est donn\u00e9 \u00e0 15h devant la Bourse du travail.<\/p>\n<p>\u00c0 lire aussi   <img decoding=\"async\" src=\"https:\/\/www.europesays.com\/fr\/wp-content\/uploads\/2025\/09\/1757448313_398_560x315\" alt=\"Une soixantaine de personnes se sont rassembl\u00e9es ce vendredi 5 septembre \u00e0 Saint-\u00c9tienne\" style=\"--_image-preview:url('data:image\/jpeg;base64,\/9j\/2wBDACgcHiMeGSgjISMtKygwPGRBPDc3PHtYXUlkkYCZlo+AjIqgtObDoKrarYqMyP\/L2u71\/\/\/\/m8H\/\/\/\/6\/+b9\/\/j\/2wBDASstLTw1PHZBQXb4pYyl+Pj4+Pj4+Pj4+Pj4+Pj4+Pj4+Pj4+Pj4+Pj4+Pj4+Pj4+Pj4+Pj4+Pj4+Pj4+Pj4+Pj\/wAARCAAXACoDASIAAhEBAxEB\/8QAGAAAAwEBAAAAAAAAAAAAAAAAAAIDAQT\/xAAYEAEAAwEAAAAAAAAAAAAAAAAAAQISEf\/EABYBAQEBAAAAAAAAAAAAAAAAAAABA\/\/EABYRAQEBAAAAAAAAAAAAAAAAAAABEf\/aAAwDAQACEQMRAD8A7Yk3UujSKr0dS0ybhik2ZpKbl2Lh5kk2AQZos3AFhJuTYA0kf\/\/Z');\" loading=\"lazy\" fetchpriority=\"low\" aria-hidden=\"true\" class=\"svelte-1pnmlwx rounded\" onload=\"this.__e=event\" onerror=\"this.__e=event\"\/><\/p>\n","protected":false},"excerpt":{"rendered":"Le mouvement \u00ab\u00a0bloquons tout\u00a0\u00bb va marquer ce mercredi 10 septembre. Quatre citoyens se sont confi\u00e9s, au terme d&rsquo;une&hellip;\n","protected":false},"author":2,"featured_media":378535,"comment_status":"","ping_status":"","sticky":false,"template":"","format":"standard","meta":{"footnotes":""},"categories":[9653],"tags":[1111,11,2430,1777,674,1011,27,12,25,4001],"class_list":{"0":"post-378534","1":"post","2":"type-post","3":"status-publish","4":"format-standard","5":"has-post-thumbnail","7":"category-saint-etienne","8":"tag-actu","9":"tag-actualites","10":"tag-auvergne-rhone-alpes","11":"tag-eu","12":"tag-europe","13":"tag-fr","14":"tag-france","15":"tag-news","16":"tag-republique-francaise","17":"tag-saint-etienne"},"share_on_mastodon":{"url":"https:\/\/pubeurope.com\/@fr\/115176139986599810","error":""},"_links":{"self":[{"href":"https:\/\/www.europesays.com\/fr\/wp-json\/wp\/v2\/posts\/378534","targetHints":{"allow":["GET"]}}],"collection":[{"href":"https:\/\/www.europesays.com\/fr\/wp-json\/wp\/v2\/posts"}],"about":[{"href":"https:\/\/www.europesays.com\/fr\/wp-json\/wp\/v2\/types\/post"}],"author":[{"embeddable":true,"href":"https:\/\/www.europesays.com\/fr\/wp-json\/wp\/v2\/users\/2"}],"replies":[{"embeddable":true,"href":"https:\/\/www.europesays.com\/fr\/wp-json\/wp\/v2\/comments?post=378534"}],"version-history":[{"count":0,"href":"https:\/\/www.europesays.com\/fr\/wp-json\/wp\/v2\/posts\/378534\/revisions"}],"wp:featuredmedia":[{"embeddable":true,"href":"https:\/\/www.europesays.com\/fr\/wp-json\/wp\/v2\/media\/378535"}],"wp:attachment":[{"href":"https:\/\/www.europesays.com\/fr\/wp-json\/wp\/v2\/media?parent=378534"}],"wp:term":[{"taxonomy":"category","embeddable":true,"href":"https:\/\/www.europesays.com\/fr\/wp-json\/wp\/v2\/categories?post=378534"},{"taxonomy":"post_tag","embeddable":true,"href":"https:\/\/www.europesays.com\/fr\/wp-json\/wp\/v2\/tags?post=378534"}],"curies":[{"name":"wp","href":"https:\/\/api.w.org\/{rel}","templated":true}]}}