{"id":378536,"date":"2025-09-09T20:06:17","date_gmt":"2025-09-09T20:06:17","guid":{"rendered":"https:\/\/www.europesays.com\/fr\/378536\/"},"modified":"2025-09-09T20:06:17","modified_gmt":"2025-09-09T20:06:17","slug":"de-fortes-perturbations-attendues-sur-le-reseau-stan-ce-mercredi-10-septembre","status":"publish","type":"post","link":"https:\/\/www.europesays.com\/fr\/378536\/","title":{"rendered":"de fortes perturbations attendues sur le r\u00e9seau Stan ce mercredi 10 septembre"},"content":{"rendered":"<p>        <strong>Le mouvement de gr\u00e8ve attendu ce mercredi perturbera fortement le r\u00e9seau Stan \u00e0 Nancy et dans la m\u00e9tropole. De nombreux d\u00e9parts de tram et de bus seront supprim\u00e9s, tandis que certaines lignes pourraient \u00eatre d\u00e9vi\u00e9es ou bloqu\u00e9es.<\/strong><\/p>\n<p>Le r\u00e9seau de transports en commun Stan, exploit\u00e9 par Keolis, a annonc\u00e9 mardi d\u2019importantes perturbations pour la journ\u00e9e du mercredi 10 septembre, en raison d\u2019un mouvement de gr\u00e8ve nationale et de manifestations pr\u00e9vues dans l\u2019agglom\u00e9ration.<\/p>\n<p>Plusieurs lignes de tram et de bus ne seront pas assur\u00e9es \u00e0 certains horaires, tandis que d\u2019autres pourraient \u00eatre bloqu\u00e9es ou d\u00e9vi\u00e9es \u00ab en fonction des \u00e9v\u00e9nements \u00bb, pr\u00e9cise l\u2019op\u00e9rateur.<\/p>\n<p>Les lignes de tram T1 \u00e0 T5 seront particuli\u00e8rement touch\u00e9es avec de nombreux d\u00e9parts supprim\u00e9s depuis Essey, Vandoeuvre-l\u00e8s-Nancy, Laneuveville, Laxou, Seichamps ou encore Houdemont. Les lignes Corol C1 et C2, ainsi que les bus 11, 17 et 30, enregistreront \u00e9galement des annulations ponctuelles.<\/p>\n<p>Les lignes de proximit\u00e9 ne sont pas \u00e9pargn\u00e9es : la citadine de Vandoeuvre-l\u00e8s-Nancy cessera de circuler \u00e0 partir de 14h37 et celle de Nancy d\u00e8s 11h40.<\/p>\n<p>Le r\u00e9seau invite les usagers \u00ab dans la mesure du possible \u00bb \u00e0 reporter leurs d\u00e9placements.<\/p>\n<p>\u00a0<\/p>\n<p><strong>D\u00e9parts annonc\u00e9s par le R\u00e9seau Stan comme \u00ab\u00a0non assur\u00e9s\u00a0\u00bb ce mercredi :\u00a0<\/strong><\/p>\n<ul>&#13;<\/p>\n<li><strong>Ligne T1 de Essey Mouzimpr\u00e9<\/strong>\u00a0: 9h00, 10h48, 11h42, 12h06, 13h06, 13h24, 13h54, 14h48, 15h42, 16h48, 17h30<\/li>\n<p>&#13;<\/p>\n<li><strong>Ligne T1 de Vandoeuvre Brabois Sant\u00e9\u00a0<\/strong>: 9h54, 11h42, 12h36, 13h00, 14h00, 14h18, 14h48, 15h42, 16h36, 17h42, 18h24<\/li>\n<p>&#13;<\/p>\n<li><strong>Ligne T2 de Laneuveville Centre<\/strong>\u00a0: 6h45, 6h53, 7h23, 8h00, 8h15, 9h00, 9h08, 10h23, 10h45, 10h53, 11h23, 11h45, 11h53, 12h30, 12h45, 13h08, 13h38, 15h08, 15h23, 16h00, 18h03, 19h07<\/li>\n<p>&#13;<\/p>\n<li><strong>Ligne T2 de Laxou Sapini\u00e8re<\/strong>\u00a0: 6h53, 7h45, 7h53, 8h38, 9h08, 9h23, 10h00, 10h08, 11h15, 11h23, 11h53, 12h30, 12h53, 13h00, 13h38, 13h53, 14h15, 14h45, 16h15, 16h30, 17h08, 19h07, 20h07<\/li>\n<p>&#13;<\/p>\n<li><strong>Ligne T3 de Seichamps Haie Cerlin<\/strong>\u00a0: 11h45, 13h54, 14h24, 15h42, 16h30, 16h41, 18h24, 19h10, 19h25, 20h10<\/li>\n<p>&#13;<\/p>\n<li><strong>Ligne T3 de Villers Campus Sciences<\/strong>\u00a0: 9h58, 13h04, 14h34, 15h14, 15h22, 15h42, 17h01, 18h07, 20h30<\/li>\n<p>&#13;<\/p>\n<li><strong>Ligne T4 de Houdemont Porte Sud<\/strong>\u00a0: 6h40, 7h00, 8h00, 8h50, 9h01, 9h20, 11h00, 11h10, 11h20, 11h30, 12h00, 13h20, 13h50, 14h20, 14h30, 15h40, 16h40, 16h50, 17h11, 17h21, 19h30, 19h45<\/li>\n<p>&#13;<\/p>\n<li><strong>Ligne T4 de Laxou Champ-le-B\u0153uf<\/strong>\u00a0: 7h00, 7h40, 8h10, 9h10, 9h50, 10h00, 10h10, 10h30, 12h10, 12h20, 12h40, 13h10, 13h20, 14h30, 15h30, 15h40, 18h22, 18h32, 20h40<\/li>\n<p>&#13;<\/p>\n<li><strong>Ligne T5 de Max\u00e9ville Meurthe-Canal<\/strong>\u00a0: 6h47, 8h09, 8h47, 9h48, 11h24, 11h36, 11h48, 12h23, 13h23, 13h47, 14h24, 15h44, 16h08, 16h20, 18h23, 18h48, 21h00<\/li>\n<p>&#13;<\/p>\n<li><strong>Ligne T5 de Vandoeuvre Roberval<\/strong>\u00a0: 7h08, 7h43, 9h12, 9h48, 10h12, 10h48, 12h21, 12h33, 12h45, 13h21, 14h24, 14h48, 15h22, 16h43, 17h08, 17h20, 19h45, 22h00<\/li>\n<p>&#13;<\/p>\n<li><strong>Ligne Corol (C1) de Laxou Plateau de Haye<\/strong>\u00a0: 12h10, 14h10, 15h10, 17h15<\/li>\n<p>&#13;<\/p>\n<li><strong>Ligne Corol (C2) de Laxou Plateau de Haye\u00a0<\/strong>: 7h30, 9h20, 11h20, 12h20, 14h20<\/li>\n<p>&#13;<\/p>\n<li><strong>Ligne 11 de Tomblaine Maria Deraismes<\/strong>\u00a0: 6h26<\/li>\n<p>&#13;<\/p>\n<li><strong>Ligne 11 de Saulxures Jardins Fleuris<\/strong>\u00a0: 9h06, 12h37<\/li>\n<p>&#13;<\/p>\n<li><strong>Ligne 11 de Heillecourt La Rotonde<\/strong>\u00a0: 7h34, 10h23, 11h08<\/li>\n<p>&#13;<\/p>\n<li><strong>Ligne 17 de Villers Campus Sciences<\/strong>\u00a0: 17h00, 18h40<\/li>\n<p>&#13;<\/p>\n<li><strong>Ligne 17 de Ludres Marvingt<\/strong>\u00a0: 17h50<\/li>\n<p>&#13;<\/p>\n<li><strong>Ligne 30 de Villers Campus Sciences<\/strong>\u00a0: 15h20, 17h20<\/li>\n<p>&#13;<\/p>\n<li><strong>Ligne Citadine Vandoeuvre<\/strong>\u00a0: ne circulera pas \u00e0 partir de 14h37<\/li>\n<p>&#13;<\/p>\n<li><strong>Ligne Citadine Nancy\u00a0<\/strong>: \u00a0ne circulera pas \u00e0 partir de 11h40<\/li>\n<p>&#13;\n<\/ul>\n<p>\u00a0<\/p>\n<p>\t\t\t\t\t\t<a href=\"https:\/\/www.pinterest.com\/pin\/create\/button\/\" data-pin-do=\"buttonBookmark\" data-pin-color=\"red\" rel=\"nofollow noopener\" target=\"_blank\"><img decoding=\"async\" src=\"https:\/\/www.europesays.com\/fr\/wp-content\/uploads\/2025\/04\/pinit_fg_en_rect_red_20.png\" alt=\"Pin It\"\/><\/a><\/p>\n","protected":false},"excerpt":{"rendered":"Le mouvement de gr\u00e8ve attendu ce mercredi perturbera fortement le r\u00e9seau Stan \u00e0 Nancy et dans la m\u00e9tropole.&hellip;\n","protected":false},"author":2,"featured_media":378537,"comment_status":"","ping_status":"","sticky":false,"template":"","format":"standard","meta":{"footnotes":""},"categories":[9635],"tags":[1111,11,1777,674,1011,27,775,1702,12,25],"class_list":{"0":"post-378536","1":"post","2":"type-post","3":"status-publish","4":"format-standard","5":"has-post-thumbnail","7":"category-nancy","8":"tag-actu","9":"tag-actualites","10":"tag-eu","11":"tag-europe","12":"tag-fr","13":"tag-france","14":"tag-grand-est","15":"tag-nancy","16":"tag-news","17":"tag-republique-francaise"},"share_on_mastodon":{"url":"https:\/\/pubeurope.com\/@fr\/115176143898351942","error":""},"_links":{"self":[{"href":"https:\/\/www.europesays.com\/fr\/wp-json\/wp\/v2\/posts\/378536","targetHints":{"allow":["GET"]}}],"collection":[{"href":"https:\/\/www.europesays.com\/fr\/wp-json\/wp\/v2\/posts"}],"about":[{"href":"https:\/\/www.europesays.com\/fr\/wp-json\/wp\/v2\/types\/post"}],"author":[{"embeddable":true,"href":"https:\/\/www.europesays.com\/fr\/wp-json\/wp\/v2\/users\/2"}],"replies":[{"embeddable":true,"href":"https:\/\/www.europesays.com\/fr\/wp-json\/wp\/v2\/comments?post=378536"}],"version-history":[{"count":0,"href":"https:\/\/www.europesays.com\/fr\/wp-json\/wp\/v2\/posts\/378536\/revisions"}],"wp:featuredmedia":[{"embeddable":true,"href":"https:\/\/www.europesays.com\/fr\/wp-json\/wp\/v2\/media\/378537"}],"wp:attachment":[{"href":"https:\/\/www.europesays.com\/fr\/wp-json\/wp\/v2\/media?parent=378536"}],"wp:term":[{"taxonomy":"category","embeddable":true,"href":"https:\/\/www.europesays.com\/fr\/wp-json\/wp\/v2\/categories?post=378536"},{"taxonomy":"post_tag","embeddable":true,"href":"https:\/\/www.europesays.com\/fr\/wp-json\/wp\/v2\/tags?post=378536"}],"curies":[{"name":"wp","href":"https:\/\/api.w.org\/{rel}","templated":true}]}}