{"id":378538,"date":"2025-09-09T20:07:38","date_gmt":"2025-09-09T20:07:38","guid":{"rendered":"https:\/\/www.europesays.com\/fr\/378538\/"},"modified":"2025-09-09T20:07:38","modified_gmt":"2025-09-09T20:07:38","slug":"le-president-de-la-cour-dappel-lance-quatre-sos","status":"publish","type":"post","link":"https:\/\/www.europesays.com\/fr\/378538\/","title":{"rendered":"le pr\u00e9sident de la cour d\u2019appel lance quatre SOS"},"content":{"rendered":"<p>Robes rouges, hermines et lambris, l\u2019audience de rentr\u00e9e de la cour d\u2019appel de Nancy s\u2019est d\u00e9roul\u00e9e, ce vendredi, dans l\u2019habituelle ambiance feutr\u00e9e et vieillotte des rendez\ufeff-vous judiciaires institutionnels. Pas mal d\u2019entre-soi, beaucoup de formalisme et quelques petits fours.<\/p>\n<p>Si les patrons des gendarmes et de la police, deux d\u00e9put\u00e9s et un s\u00e9nateur ont r\u00e9pondu pr\u00e9sent, d\u2019autres institutionnels ont d\u00e9sert\u00e9 l\u2019\u00e9v\u00e8nement. Pas de pr\u00e9fet, pas de maire de Nancy, pas de pr\u00e9sidente du conseil d\u00e9partemental. Dommage car, m\u00eame si l\u2019audience de rentr\u00e9e de la cour d\u2019appel n\u2019est pas le moment le plus fun de la vie publique locale, ils auraient pu entendre le cri d\u2019alarme de son pr\u00e9sident, Marc Jean-Talon, et prendre la pleine mesure du naufrage en cours de la Justice.<\/p>\n<p>Le magistrat a lanc\u00e9 quatre SOS qui vaudrait le coup d\u2019\u00eatre pris en compte par le pouvoir politique. Il y a d\u2019abord l\u2019audiencement des dossiers criminels qui est consid\u00e9r\u00e9 comme \u00ab\u00a0hors de contr\u00f4le\u00a0\u00bb tant au niveau national que local. Ce qui signifie que les cours d\u2019assises ou les cours criminelles d\u00e9partementales sont tellement engorg\u00e9es que la Justice n\u2019est plus s\u00fbre d\u2019arriver \u00e0 juger tous les criminels.<\/p>\n<p>Autres probl\u00e8mes qui ont pris des proportions bibliques \u00e0 Nancy et dans le reste de la France\u00a0: la surpopulation carc\u00e9rale et le manque de juges et de greffiers.<\/p>\n<p>A cela s\u2019ajoute un dernier point noir, purement local, avec le gel du projet de construction d\u2019une nouvelle cit\u00e9 judiciaire \u00e0 Nancy : \u00ab Nous sommes, \u00e0 ce jour, en attente d\u2019une d\u00e9cision d\u00e9finitive sur la poursuite du projet alors que l\u2019\u00e9tat de d\u00e9labrement de la cit\u00e9 judiciaire actuelle soul\u00e8ve de nombreuses inqui\u00e9tudes. \u00bb<\/p>\n","protected":false},"excerpt":{"rendered":"Robes rouges, hermines et lambris, l\u2019audience de rentr\u00e9e de la cour d\u2019appel de Nancy s\u2019est d\u00e9roul\u00e9e, ce vendredi,&hellip;\n","protected":false},"author":2,"featured_media":378539,"comment_status":"","ping_status":"","sticky":false,"template":"","format":"standard","meta":{"footnotes":""},"categories":[9635],"tags":[1111,11,1704,1777,674,274,1011,27,775,3457,1702,1703,12,3456,25],"class_list":{"0":"post-378538","1":"post","2":"type-post","3":"status-publish","4":"format-standard","5":"has-post-thumbnail","7":"category-nancy","8":"tag-actu","9":"tag-actualites","10":"tag-edition-nancy-et-agglomeration","11":"tag-eu","12":"tag-europe","13":"tag-faits-divers-justice","14":"tag-fr","15":"tag-france","16":"tag-grand-est","17":"tag-meurthe-et-moselle","18":"tag-nancy","19":"tag-nancy-ville-54b","20":"tag-news","21":"tag-region-lorraine","22":"tag-republique-francaise"},"share_on_mastodon":{"url":"https:\/\/pubeurope.com\/@fr\/115176147815514836","error":""},"_links":{"self":[{"href":"https:\/\/www.europesays.com\/fr\/wp-json\/wp\/v2\/posts\/378538","targetHints":{"allow":["GET"]}}],"collection":[{"href":"https:\/\/www.europesays.com\/fr\/wp-json\/wp\/v2\/posts"}],"about":[{"href":"https:\/\/www.europesays.com\/fr\/wp-json\/wp\/v2\/types\/post"}],"author":[{"embeddable":true,"href":"https:\/\/www.europesays.com\/fr\/wp-json\/wp\/v2\/users\/2"}],"replies":[{"embeddable":true,"href":"https:\/\/www.europesays.com\/fr\/wp-json\/wp\/v2\/comments?post=378538"}],"version-history":[{"count":0,"href":"https:\/\/www.europesays.com\/fr\/wp-json\/wp\/v2\/posts\/378538\/revisions"}],"wp:featuredmedia":[{"embeddable":true,"href":"https:\/\/www.europesays.com\/fr\/wp-json\/wp\/v2\/media\/378539"}],"wp:attachment":[{"href":"https:\/\/www.europesays.com\/fr\/wp-json\/wp\/v2\/media?parent=378538"}],"wp:term":[{"taxonomy":"category","embeddable":true,"href":"https:\/\/www.europesays.com\/fr\/wp-json\/wp\/v2\/categories?post=378538"},{"taxonomy":"post_tag","embeddable":true,"href":"https:\/\/www.europesays.com\/fr\/wp-json\/wp\/v2\/tags?post=378538"}],"curies":[{"name":"wp","href":"https:\/\/api.w.org\/{rel}","templated":true}]}}