{"id":378542,"date":"2025-09-09T20:09:14","date_gmt":"2025-09-09T20:09:14","guid":{"rendered":"https:\/\/www.europesays.com\/fr\/378542\/"},"modified":"2025-09-09T20:09:14","modified_gmt":"2025-09-09T20:09:14","slug":"rassemblement-perturbations-a-quoi-sattendre-dans-le-var","status":"publish","type":"post","link":"https:\/\/www.europesays.com\/fr\/378542\/","title":{"rendered":"rassemblement, perturbations&#8230; A quoi s&rsquo;attendre dans le Var\u00a0?"},"content":{"rendered":"<p>            Par<br \/>\n        <strong><br \/>\n            <a href=\"https:\/\/actu.fr\/auteur\/redaction-apei\" title=\"Consulter tous les articles de Agence de Presse APEI\" rel=\"nofollow noopener\" target=\"_blank\">Agence de Presse APEI<\/a><br \/>\n        <\/strong><\/p>\n<p>        Publi\u00e9 le<\/p>\n<p>            9 sept. 2025 \u00e0 18h16        <\/p>\n<p>Blocages, manifestations, gr\u00e8ves.. Dans le <a href=\"https:\/\/actu.fr\/provence-alpes-cote-d-azur\/var_83\" rel=\"nofollow noopener\" target=\"_blank\">Var,<\/a> plusieurs actions sont annonc\u00e9es dans le cadre le cadre du mouvement Bloquons tout mercredi 10\u00a0septembre 2025. N\u00e9 sur les r\u00e9seaux sociaux, le mouvement veut faire entendre son sentiment de ras-le-bol g\u00e9n\u00e9ralis\u00e9.<\/p>\n<p>Rassemblement \u00e0 Toulon<\/p>\n<p class=\" wall-content\">La CGT annonce par exemple un rassemblement dans la zone commerciale \u00ab\u2009Avenue 83\u2009\u00bb \u00e0 La Valette-du-Var. M\u00eame chose sur le\u00a0parking d\u2019Hyper U aux Arcs-sur-Argens.<\/p>\n<p class=\" wall-content\">Un rassemblem<strong>e<\/strong>nt est organis\u00e9 \u00e0 7\u2009h\u200915 \u00e0 <strong>Toulon<\/strong> devant le<strong> lyc\u00e9e Dumont d\u2019Urville<\/strong> \u00e0 l\u2019appel de personnels syndiqu\u00e9s et non syndiqu\u00e9s de l\u2019\u00e9tablissement.<\/p>\n<p class=\" wall-content\">Du c\u00f4t\u00e9 des transports en commun, le<strong> r\u00e9seau Mistral de l\u2019agglom\u00e9ration de Toulon<\/strong> circulera normalement ce mercredi 10\u00a0septembre.<\/p>\n<p>Barrage filtrant \u00e0 Bandol<\/p>\n<p class=\" wall-content\">Un <strong>\u00ab\u2009pique-nique militant\u2009\u00bb<\/strong> est \u00e9galement annonc\u00e9 \u00e0 11\u00a0heures\u00a0sur les berges du Caramy, \u00e0 <strong>Brignoles.<\/strong><\/p>\n<p class=\" wall-content\">Les automobilistes devront prendre des itin\u00e9raires alternatifs autour de <strong>Bandol.<\/strong> Le <strong>rond-point du p\u00e9age<\/strong> subira des barrages filtrants organis\u00e9s par les militants.<\/p>\n<p class=\" wall-content\">Dans les airs, le syndicat Sud A\u00e9rien appelle \u00e0 la gr\u00e8ve et au blocage des a\u00e9roports. Le gros du mouvement dans ce secteur devrait surtout \u00eatre pour le 18\u00a0septembre\u2009: une intersyndicale organise une journ\u00e9e de gr\u00e8ve \u00e0 cette date.<\/p>\n<p class=\" wall-content\">Personnalisez votre actualit\u00e9 en ajoutant vos villes et m\u00e9dias en favori avec <a href=\"https:\/\/moncompte.actu.fr\" title=\"D\u00e9couvez Mon Actu\" rel=\"nofollow noopener\" data-trk=\"{&quot;cta&quot;:{&quot;action&quot;:&quot;https:\\\/\\\/moncompte.actu.fr&quot;,&quot;category&quot;:&quot;mon compte&quot;,&quot;from&quot;:&quot;article footer&quot;,&quot;name&quot;:&quot;Mon actu&quot;,&quot;type&quot;:&quot;cta&quot;}}\" target=\"_blank\">Mon Actu<\/a>.<\/p>\n","protected":false},"excerpt":{"rendered":"Par Agence de Presse APEI Publi\u00e9 le 9 sept. 2025 \u00e0 18h16 Blocages, manifestations, gr\u00e8ves.. Dans le Var,&hellip;\n","protected":false},"author":2,"featured_media":378186,"comment_status":"","ping_status":"","sticky":false,"template":"","format":"standard","meta":{"footnotes":""},"categories":[9619],"tags":[1111,11,47212,1777,674,1011,27,12,882,25,104,2310],"class_list":{"0":"post-378542","1":"post","2":"type-post","3":"status-publish","4":"format-standard","5":"has-post-thumbnail","7":"category-toulon","8":"tag-actu","9":"tag-actualites","10":"tag-bloquons-tout","11":"tag-eu","12":"tag-europe","13":"tag-fr","14":"tag-france","15":"tag-news","16":"tag-provence-alpes-cote-dazur","17":"tag-republique-francaise","18":"tag-societe","19":"tag-toulon"},"share_on_mastodon":{"url":"https:\/\/pubeurope.com\/@fr\/115176155700177059","error":""},"_links":{"self":[{"href":"https:\/\/www.europesays.com\/fr\/wp-json\/wp\/v2\/posts\/378542","targetHints":{"allow":["GET"]}}],"collection":[{"href":"https:\/\/www.europesays.com\/fr\/wp-json\/wp\/v2\/posts"}],"about":[{"href":"https:\/\/www.europesays.com\/fr\/wp-json\/wp\/v2\/types\/post"}],"author":[{"embeddable":true,"href":"https:\/\/www.europesays.com\/fr\/wp-json\/wp\/v2\/users\/2"}],"replies":[{"embeddable":true,"href":"https:\/\/www.europesays.com\/fr\/wp-json\/wp\/v2\/comments?post=378542"}],"version-history":[{"count":0,"href":"https:\/\/www.europesays.com\/fr\/wp-json\/wp\/v2\/posts\/378542\/revisions"}],"wp:featuredmedia":[{"embeddable":true,"href":"https:\/\/www.europesays.com\/fr\/wp-json\/wp\/v2\/media\/378186"}],"wp:attachment":[{"href":"https:\/\/www.europesays.com\/fr\/wp-json\/wp\/v2\/media?parent=378542"}],"wp:term":[{"taxonomy":"category","embeddable":true,"href":"https:\/\/www.europesays.com\/fr\/wp-json\/wp\/v2\/categories?post=378542"},{"taxonomy":"post_tag","embeddable":true,"href":"https:\/\/www.europesays.com\/fr\/wp-json\/wp\/v2\/tags?post=378542"}],"curies":[{"name":"wp","href":"https:\/\/api.w.org\/{rel}","templated":true}]}}