{"id":378547,"date":"2025-09-09T20:12:11","date_gmt":"2025-09-09T20:12:11","guid":{"rendered":"https:\/\/www.europesays.com\/fr\/378547\/"},"modified":"2025-09-09T20:12:11","modified_gmt":"2025-09-09T20:12:11","slug":"un-panorama-des-bancs-solaires-ou-des-miroirs-deformants-retrouvez-les-projets-du-budget-participatif-2025-a-rouen","status":"publish","type":"post","link":"https:\/\/www.europesays.com\/fr\/378547\/","title":{"rendered":"Un panorama, des bancs solaires ou des miroirs d\u00e9formants\u00a0: retrouvez les projets du budget participatif 2025 \u00e0 Rouen"},"content":{"rendered":"<p>La ville de Rouen d\u00e9voile les projets s\u00e9lectionn\u00e9s pour int\u00e9grer les propositions du budget participatif citoyen 2025. 21 projets sont soumis au vote des habitants.<\/p>\n<p>Cr\u00e9er un nouveau panorama \u00e0 Rouen, un verger public, sur\u00e9lever les bancs, installer des miroirs d\u00e9formants ou revitaliser un square&#8230; La ville de Rouen propose 21 projets d&rsquo;habitants au budget participatif citoyen 2025. Les habitants sont maintenant invit\u00e9s \u00e0 voter pour leurs projets favoris, en ligne, jusqu&rsquo;au 19 octobre prochain. 330.000 euros par an environ sont consacr\u00e9s \u00e0 ce budget participatif. L&rsquo;an dernier, parmi 20 projets, 11 ont \u00e9t\u00e9 retenus. Pour en discuter, plusieurs r\u00e9unions sont organis\u00e9es\u00a0: le 11 septembre entre 9h30 et midi au march\u00e9 du Chatelet, le 12 septembre entre 11h et 12h30 au march\u00e9 Saint-Marc et le 30 septembre, entre 11h30 et 12h30 sur l&rsquo;esplanade Pasteur.<\/p>\n<p>Les projets s\u00e9lectionn\u00e9s<\/p>\n<ul>\n<li><strong>Des bancs solaires connect\u00e9s\u00a0:<\/strong> installer des \u00e9quipements qui permettent la recharge gratuite des t\u00e9l\u00e9phones portables, offrent un acc\u00e8s Wifi et fonctionnent de mani\u00e8re autonome gr\u00e2ce \u00e0 l&rsquo;\u00e9nergie solaire. Un pas en faveur de la transition \u00e9cologique, la lutte contre la pr\u00e9carit\u00e9 num\u00e9rique et l&rsquo;inclusion de tous les publics.<\/li>\n<li><strong>Des composteurs dans les cimeti\u00e8res<\/strong>\u00a0: mettre \u00e0 disposition des composteurs dans les cinq cimeti\u00e8res de la ville pour faciliter l&rsquo;\u00e9vacuation des d\u00e9chets verts et leur valorisation.<\/li>\n<li><strong>Des plantes \u00e0 la place du b\u00e9ton<\/strong> : d\u00e9min\u00e9raliser et v\u00e9g\u00e9taliser le plus possible la dalle de la Grand&rsquo;Mare pour profiter du fleurissement et de la v\u00e9g\u00e9tation tout au long de l&rsquo;ann\u00e9e.<\/li>\n<li><strong>Une piste de pumptrack<\/strong>\u00a0: cr\u00e9er une piste en boucle, constitu\u00e9e de bosses et de virages pour les v\u00e9los, BMX, trottinettes&#8230; Ce pumptrack pourrait \u00eatre install\u00e9 \u00e0 la Grand&rsquo;Mare, en acc\u00e8s libre pour toutes et tous, du plus petit au plus grand.<\/li>\n<li><strong>Mise en valeur des halles du Vieux-March\u00e9<\/strong> : mise en valeur des halles du Vieux-March\u00e9, notamment par la pose d&rsquo;une d\u00e9coration contemporaine afin d&rsquo;am\u00e9liorer la luminosit\u00e9, l&rsquo;esth\u00e9tique et la propret\u00e9.<\/li>\n<li><strong>V\u00e9g\u00e9taliser le rond-point Joffre-Mutualit\u00e9<\/strong>\u00a0: le projet propose de v\u00e9g\u00e9taliser le rond-point en cr\u00e9ant une \u0153uvre d&rsquo;art v\u00e9g\u00e9talis\u00e9e \u00e0 partir de la fontaine, aujourd&rsquo;hui inaccessible aux pi\u00e9tons et assez bruyante.<\/li>\n<li><strong>Un verger public rive gauche<\/strong>\u00a0: am\u00e9nager un verger accessible \u00e0 toutes et tous dans le Parc de Lattre de Tassigny, \u00e0 la sortie sud du pont Guillaume le Conqu\u00e9rant.<\/li>\n<li><strong>Sur\u00e9lever les bancs des quais bas rive gauche<\/strong>\u00a0: adapter une partie du mobilier urbain des quais bas rive gauche et de la presqu&rsquo;\u00eele Rollet, notamment les assises, pour faciliter le confort des seniors et des personnes \u00e0 mobilit\u00e9 r\u00e9duite.<\/li>\n<li><strong>Embellir le quartier des Augustins\u00a0:<\/strong> rendre le quartier autour de la rue des Augustins plus verdoyant, color\u00e9 et accueillant, gr\u00e2ce \u00e0 des plantations, des fresques murales, des marquages artistiques au sol, une mise en couleur du mobilier urbain&#8230;<\/li>\n<li><strong>Un nouveau panorama sur la ville<\/strong> : faire d\u00e9couvrir la vue sur la cath\u00e9drale de Rouen depuis le haut de la rue d&rsquo;Ernemont en y cr\u00e9ant un panorama comprenant table d&rsquo;orientation et bancs\u00a0: premi\u00e8re \u00e9tape pour un parcours des peintres dans le quartier Jouvenet.<\/li>\n<li><strong>Des miroirs d\u00e9formants et \u00e0 grimace<\/strong> : installer des miroirs d\u00e9formants dans le quartier Ouest notamment au square La Divine, pour y faire des grimaces et observer son reflet. A la cl\u00e9, beaucoup de joie et de bonne humeur.<\/li>\n<li><strong>Revitaliser le square de la Croix d&rsquo;Yonville<\/strong> : repenser les espaces de jeux et le terrain de basket, en cr\u00e9ant des aires de pique-nique et de d\u00e9tente pour les tous-petits&#8230; pour le bien-\u00eatre du plus grand nombre et notamment des familles du quartier Ouest.<\/li>\n<li><strong>Un jardin d&rsquo;anniversaire<\/strong> : cr\u00e9er au Jardin des Plantes un espace clos permettant d&rsquo;organiser un gouter d&rsquo;anniversaire pour les enfants, comprenant des petites tables et chaises, une voile d&rsquo;ombrage&#8230;<\/li>\n<li><strong>Un itin\u00e9raire patrimonial et culturel de la rive gauche<\/strong> : de la Seine au Jardin des Plantes, Rouen abrite de nombreux \u00e9l\u00e9ments du patrimoine historique et culturel, des espaces verts remarquables et des lieux insolites. Le projet propose de cr\u00e9er un parcours reliant ces diff\u00e9rents \u00e9l\u00e9ments valorisant ainsi le sud de la ville.<\/li>\n<li><strong>Des plaques de rue en LSF<\/strong> : les noms de certaines rues soulignent l&rsquo;existence de personnalit\u00e9s qui ont marqu\u00e9 notre histoire. Pour une meilleure inclusion, certaines plaques de rue seront compl\u00e9t\u00e9es de leur signe (nom) en LSF.<\/li>\n<li><strong>Adapter les aires de jeux au changement climatique<\/strong>\u00a0: couvrir d&rsquo;une toile d&rsquo;ombrage une ou plusieurs aires de jeux d&rsquo;ext\u00e9rieur, par exemple celles du quartier Saint-Hilaire et du jardin de l&rsquo;H\u00f4tel de Ville, pour prot\u00e9ger les enfants des rayons du soleil.<\/li>\n<li><strong>Un parcours f\u00e9ministe<\/strong> : la \u00ab\u00a0ligne violette\u00a0\u00bb est un projet de parcours urbain f\u00e9ministe, trac\u00e9 au sol et qui guidera le public vers les lieux marquants de la ville li\u00e9s \u00e0 l&rsquo;histoire et aux figures des luttes f\u00e9ministes locales.<\/li>\n<li><strong>Un grand mur v\u00e9g\u00e9tal<\/strong>\u00a0: cr\u00e9er une \u0153uvre v\u00e9g\u00e9tale sur un mur du centre-ville. Il s&rsquo;agit d&rsquo;offrir \u00e0 Rouen un nouveau symbole, \u00e0 la fois \u00e9cologique, esth\u00e9tique et inspirant.<\/li>\n<li><strong>Des petites mares \u00e0 la Grand&rsquo;Mare<\/strong>\u00a0: am\u00e9nager des petites mares \u00e0 diff\u00e9rents endroits de la Grand&rsquo;Mare, pour cr\u00e9er des r\u00e9servoirs de biodiversit\u00e9 essentiels \u00e0 la faune, notamment les oiseaux, amphibiens&#8230; Un clin d&rsquo;\u0153il \u00e0 l&rsquo;histoire pass\u00e9e et \u00e0 venir du quartier.<\/li>\n<li><strong>Des bancs au parc Saint-Exup\u00e9ry<\/strong> : installer des bancs devant la &lsquo;halle&rsquo; Saint-Exup\u00e9ry (centre sportif) et proche des terrains de basket, \u00e0 l&rsquo;est de la ville. Pour se poser pendant une balade, regarder un entra\u00eenement, lire au soleil&#8230;<\/li>\n<li><strong>Des jeux d&rsquo;eau pour enfants<\/strong>\u00a0: introduire des jeux d&rsquo;eau dans plusieurs aires de jeux pour offrir des espaces ludiques plus adapt\u00e9s au r\u00e9chauffement climatique.<\/li>\n<\/ul>\n<p>Toutes les informations pour pouvoir voter sont\u00a0<a target=\"_blank\" rel=\"nofollow noopener noreferrer\" class=\"IciLink ici-link IciArticleLink g-ici-body-regular-1 underline brand svelte-lu7k6w\" href=\"https:\/\/www.rouencitoyenne.fr\">disponibles ici<\/a>.<\/p>\n","protected":false},"excerpt":{"rendered":"La ville de Rouen d\u00e9voile les projets s\u00e9lectionn\u00e9s pour int\u00e9grer les propositions du budget participatif citoyen 2025. 21&hellip;\n","protected":false},"author":2,"featured_media":378548,"comment_status":"","ping_status":"","sticky":false,"template":"","format":"standard","meta":{"footnotes":""},"categories":[9587],"tags":[1111,11,1777,674,1011,27,12,5161,25,9590],"class_list":{"0":"post-378547","1":"post","2":"type-post","3":"status-publish","4":"format-standard","5":"has-post-thumbnail","7":"category-rouen","8":"tag-actu","9":"tag-actualites","10":"tag-eu","11":"tag-europe","12":"tag-fr","13":"tag-france","14":"tag-news","15":"tag-normandie","16":"tag-republique-francaise","17":"tag-rouen"},"share_on_mastodon":{"url":"https:\/\/pubeurope.com\/@fr\/115176167505970731","error":""},"_links":{"self":[{"href":"https:\/\/www.europesays.com\/fr\/wp-json\/wp\/v2\/posts\/378547","targetHints":{"allow":["GET"]}}],"collection":[{"href":"https:\/\/www.europesays.com\/fr\/wp-json\/wp\/v2\/posts"}],"about":[{"href":"https:\/\/www.europesays.com\/fr\/wp-json\/wp\/v2\/types\/post"}],"author":[{"embeddable":true,"href":"https:\/\/www.europesays.com\/fr\/wp-json\/wp\/v2\/users\/2"}],"replies":[{"embeddable":true,"href":"https:\/\/www.europesays.com\/fr\/wp-json\/wp\/v2\/comments?post=378547"}],"version-history":[{"count":0,"href":"https:\/\/www.europesays.com\/fr\/wp-json\/wp\/v2\/posts\/378547\/revisions"}],"wp:featuredmedia":[{"embeddable":true,"href":"https:\/\/www.europesays.com\/fr\/wp-json\/wp\/v2\/media\/378548"}],"wp:attachment":[{"href":"https:\/\/www.europesays.com\/fr\/wp-json\/wp\/v2\/media?parent=378547"}],"wp:term":[{"taxonomy":"category","embeddable":true,"href":"https:\/\/www.europesays.com\/fr\/wp-json\/wp\/v2\/categories?post=378547"},{"taxonomy":"post_tag","embeddable":true,"href":"https:\/\/www.europesays.com\/fr\/wp-json\/wp\/v2\/tags?post=378547"}],"curies":[{"name":"wp","href":"https:\/\/api.w.org\/{rel}","templated":true}]}}