{"id":378549,"date":"2025-09-09T20:13:10","date_gmt":"2025-09-09T20:13:10","guid":{"rendered":"https:\/\/www.europesays.com\/fr\/378549\/"},"modified":"2025-09-09T20:13:10","modified_gmt":"2025-09-09T20:13:10","slug":"centres-marges-relegation-aux-xviie-et-xviiie-siecles-dans-les-iles-britanniques-en-amerique-du-nord-et-en-france-jdjc-seaa-xvii-xviii-sfeds-rouen","status":"publish","type":"post","link":"https:\/\/www.europesays.com\/fr\/378549\/","title":{"rendered":"Centre(s), marges, rel\u00e9gation aux XVIIe et XVIIIe si\u00e8cles dans les \u00eeles britanniques, en Am\u00e9rique du Nord et en France (JDJC SEAA XVII-XVIII &#038; SFEDS, Rouen)"},"content":{"rendered":"<p><strong>17e\u00a0Journ\u00e9es Doctorant.e.s et Jeunes Chercheur.euse.s<\/strong>\u00a0<\/p>\n<p>de la <a href=\"http:\/\/1718.fr\/\" rel=\"nofollow noopener\" target=\"_blank\">Soci\u00e9t\u00e9 d\u2019\u00c9tudes Anglo-Am\u00e9ricaines des XVIIe\u00a0et XVIIIe\u00a0si\u00e8cles<\/a>\u00a0(SEAA 17-18) et de la\u00a0<a href=\"https:\/\/sfeds.fr\/\" rel=\"nofollow noopener\" target=\"_blank\">Soci\u00e9t\u00e9 Fran\u00e7aise d\u2019\u00c9tude du Dix-huiti\u00e8me\u00a0si\u00e8cle<\/a>\u00a0(SFEDS)<\/p>\n<p>avec le soutien de la <a href=\"https:\/\/www.17esiecle.fr\/\" rel=\"nofollow noopener\" target=\"_blank\">Soci\u00e9t\u00e9 d\u2019\u00c9tude du XVIIe\u00a0Si\u00e8cle<\/a>,<\/p>\n<p>en partenariat et avec l\u2019appui de l\u2019<a href=\"https:\/\/eriac.univ-rouen.fr\/\" rel=\"nofollow noopener\" target=\"_blank\">\u00c9quipe de Recherche Interdisciplinaire sur les Aires Culturelles (ERIAC<\/a>),<\/p>\n<p>du <a href=\"https:\/\/ceredi.hypotheses.org\/\" rel=\"nofollow noopener\" target=\"_blank\">Centre d\u2019\u00c9tudes et de Recherche \u00c9diter\/Interpr\u00e9ter (C\u00c9R\u00c9dI)<\/a>,<\/p>\n<p>et du <a href=\"https:\/\/grhis.univ-rouen.fr\/grhis\/\" rel=\"nofollow noopener\" target=\"_blank\">Groupe de Recherche d\u2019Histoire (GRHis)<\/a><\/p>\n<p>\u2014<\/p>\n<p><strong>Programme<\/strong><\/p>\n<p><strong>Jeudi 25 septembre<\/strong><\/p>\n<p>Salle de conf\u00e9rences de la Maison de l\u2019universit\u00e9<\/p>\n<p>9h00 \u2014 Accueil des participant\u00b7e\u00b7s<\/p>\n<p>9h30 \u2014 Ouverture &amp; Introduction, par Claire Gheeraert-Graffeuille, Carine Lounissi &amp; Floriane Daguis\u00e9 (Universit\u00e9 de Rouen Normandie), Pierre Lurbe (pr\u00e9sident de la SEEA 17-18) et Alice de Nanteuil (Universit\u00e9 de Rouen Normandie) &amp; Alice Marion-Ferrand (Universit\u00e9 de Montpellier Paul-Val\u00e9ry)<\/p>\n<p>10h15 \u2014 Panel 1\u00a0: Alt\u00e9rit\u00e9 et valeur\u00a0: circonscription imp\u00e9riale<\/p>\n<p>Vanille Reintjes (Universit\u00e9 de Strasbourg), \u00ab\u00a0La laideur orientale dans The Faerie Queene d\u2019Edmund Spenser\u00a0: effondrement d\u2019un imaginaire po\u00e9tique et exotique\u00a0\u00bb<br \/>Lauriane Cherki (Sorbonne Universit\u00e9), \u00ab\u00a0Rele\u0301gation des individus et hie\u0301rarchisation des territoires\u00a0: l\u2019empire britannique au prisme de la de\u0301portation pe\u0301nale en Ame\u0301rique du Nord au XVIIIe sie\u0300cle\u00a0\u00bb<\/p>\n<p>11h30 \u2014 Panel 2\u00a0: Savoir et ind\u00e9pendance\u00a0: d\u00e9centrements \u00e9pist\u00e9mologiques<\/p>\n<p>Jean-Antoine Engel (Universit\u00e9 Sorbonne Nouvelle), \u00ab\u00a0L\u2019\u00e9ducation anglaise de Stanihurst dans le Foras Feasa ar \u00c9irinn de Geoffrey Keating (c. 1634)\u00a0\u00bb<br \/>Louis Pichot (Nantes Universit\u00e9), \u00ab\u00a0Edinburgh from Margin to Center: Anxiety of Peripherisation and the Struggle for Intellectual Recognition (1745-1765)\u00a0\u00bb<\/p>\n<p>Salle des th\u00e8ses de l\u2019IRIHS<\/p>\n<p>14h00 \u2014 Panel 3\u00a0: Pouvoir et contre-pouvoir\u00a0: marginalit\u00e9 et centralit\u00e9 f\u00e9minines<\/p>\n<p>Mathilde Alazraki (Universit\u00e9 Sorbonne Nouvelle), \u00ab\u00a0La place du harem musulman dans la diplomatie anglaise en Orient\u00a0: d\u2019acteur marginal \u00e0 lieu d\u2019\u00e9changes central\u00a0\u00bb<br \/>Jeanne Baudon (Universit\u00e9 Paris 8 Vincennes \u2013 Saint-Denis), \u00ab\u00a0Dans l\u2019ombre des affaires publiques. Les femmes et la politique \u00e0 travers la correspondance r\u00e9volutionnaire aux \u00c9tats-Unis (1775-1783)\u00a0\u00bb<br \/>Orlane Drux (Universit\u00e9 de Rouen Normandie), \u00ab\u00a0L\u2019\u00e9loignement \u00e9ducatif\u00a0: les expressions et repr\u00e9sentations d\u2019une p\u00e9dagogie de l\u2019affranchissement ou l\u2019\u00e9mergence d\u2019un contre-pouvoir f\u00e9minin dans les \u00e9crits de Mary Wollstonecraft et Mary Pilkington\u00a0\u00bb<\/p>\n<p>15h45 \u2014 Panel 4\u00a0: Autorit\u00e9 et notori\u00e9t\u00e9\u00a0: le(s) genre(s) en question<\/p>\n<p>Nolwenn Pamart (Universit\u00e9 de Rouen Normandie &amp; Universit\u00e9 de Montr\u00e9al), \u00ab\u00a0Ninon de Lenclos ou la fabrique d\u2019une femme illustre\u00a0: circulation et traduction des e\u0301ditions entre 1750 et 1790\u00a0\u00bb<br \/>Mathilde-\u00c9l\u00e9onore Duhot-Dacquin (Universit\u00e9 de Lille &amp; Universit\u00e4t Duisburg-Essen), \u00ab\u00a0\u201cHow Can We Know What Comedy Shou\u2019d Be\u201d: Dramatic Genre as Constraint and Opportunity in the Careers of Siddons and Jordan\u00a0\u00bb<\/p>\n<p>17h00 \u2014 Table ronde m\u00e9thodologique\u00a0: le post-doctorat<\/p>\n<p>Claire Schiano-Locurcio (Aix-Marseille Universit\u00e9)<br \/>Mathilde Mougin (Universit\u00e9 de Lyon, Universit\u00e9 Libre De Bruxelles &amp; Universit\u00e9 de Li\u00e8ge)<br \/>18h00 \u2014 R\u00e9union du Coll\u00e8ge des doctorant\u00b7e\u00b7s de la SEAA et de la SFEDS.<\/p>\n<p>\u2014<\/p>\n<p><strong>Vendredi 26 septembre<\/strong><\/p>\n<p>Atelier de la Maison de l\u2019universit\u00e9<\/p>\n<p>9h00 \u2014 Petit-d\u00e9jeuner des doctorant.e.s<\/p>\n<p>Salle de conf\u00e9rences de la Maison de l\u2019universit\u00e9<br \/>10h00 \u2014 Panel 5\u00a0: Religion et domination\u00a0: centralisation ou marginalisation spirituelles<\/p>\n<p>Lucien Grillet (Universit\u00e9 de Rouen Normandie), \u00ab\u00a0John Livingstone (1603-1672) et la communaut\u00e9 presbyt\u00e9rienne \u00e9cossaise, des marges au centre du jeu politique dans la premi\u00e8re moiti\u00e9 du XVIIe si\u00e8cle\u00a0\u00bb<br \/>Claire Schiano-Locurcio (Aix-Marseille Universit\u00e9), \u00ab\u00a0\u201cExiled pilgrims &amp; true strangers\u201d\u00a0: l\u2019exil des religieuses anglaises de l\u2019ordre de sainte Claire a\u0300 l\u2019\u00e9poque moderne\u00a0\u00bb<br \/>Ma\u00efann Stachnik (Sorbonne Universit\u00e9), \u00ab\u00a0Raconter une exp\u00e9rience de conversion marginale\u00a0: la vie d\u2019un jeune serviteur autochtone christianis\u00e9 de Martha\u2019s Vineyard\u00a0\u00bb<\/p>\n<p>11h45 \u2014 Panel 6\u00a0: Libert\u00e9 et contr\u00f4le\u00a0: politique du divertissement<\/p>\n<p>Am\u00e9lie Briard (Universit\u00e9 de Rouen Normandie), \u00ab\u00a0La parole du fou au service du pouvoir\u00a0: enjeux politiques et dramaturgiques du personnage de Moron dans La Princesse d\u2019E\u0301lide de Molie\u0300re\u00a0\u00bb<br \/>F\u00e9lix Br\u00eateau &amp; Pierre-Alexandre Delorme (Universit\u00e9 de Caen Normandie), \u00ab\u00a0Policer Caen en p\u00e9riode de carnaval\u00a0: contr\u00f4ler le centre-ville, disperser la f\u00eate\u00a0\u00bb<\/p>\n<p>14h15 \u2014 Panel 7\u00a0: Normes et canons\u00a0: th\u00e9\u00e2tre, l\u2019envers du d\u00e9cor<\/p>\n<p>M\u00e9line Dumot (Universit\u00e9 Clermont-Auvergne), \u00ab\u00a0Henry VIII\u00a0: une pi\u00e8ce shakespearienne marginalis\u00e9e\u00a0?\u00a0\u00bb<br \/>Federico Siragusa (Universit\u00e9 de Rouen Normandie &amp; Universit\u00e9 de Montr\u00e9al), \u00ab\u00a0The\u0301a\u0302tre et marginalisation au XVIIe sie\u0300cle\u00a0: le cas de Denis Clerselier de Nanteuil, le Molie\u0300re des marges\u00a0\u00bb<\/p>\n<p>15h15 \u2014 Conclusion<\/p>\n<p>16h00 \u2014 Visite guid\u00e9e de Rouen<\/p>\n<p>\u2014<\/p>\n<p><strong>Comit\u00e9 d\u2019organisation<\/strong><\/p>\n<p>Claire Gheeraert-Graffeuille (Universit\u00e9 de Rouen Normandie, ERIAC)<br \/>Carine Lounissi (Universit\u00e9 de Rouen Normandie, ERIAC)<br \/>Floriane Daguis\u00e9 (Universit\u00e9 de Rouen Normandie, C\u00c9R\u00c9dI)<br \/>Alice de Nanteuil (Universit\u00e9 de Rouen Normandie, ERIAC)<br \/>Am\u00e9lie Briard (Universit\u00e9 de Rouen Normandie, C\u00c9R\u00c9dI)<br \/>Orlane Drux (Universit\u00e9 de Rouen Normandie, C\u00c9R\u00c9dI)<br \/>Lucien Grillet (Universit\u00e9 de Rouen Normandie, GRHis)<br \/>Alice Marion-Ferrand (Universit\u00e9 de Montpellier Paul-Val\u00e9ry, IRCL)<\/p>\n<p><strong>Comit\u00e9 scientifique<\/strong><\/p>\n<p>Sylvaine Bataille (Universit\u00e9 de Rouen Normandie, ERIAC)<br \/>Marc Martinez (Universit\u00e9 de Rouen Normandie, ERIAC)<br \/>Christopher Hamel (Universit\u00e9 de Rouen Normandie, ERIAC)<br \/>Tony Gheeraert (Universit\u00e9 de Rouen Normandie, C\u00c9R\u00c9dI)<br \/>Laurence Mac\u00e9 (Universit\u00e9 de Rouen Normandie, C\u00c9R\u00c9dI)<br \/>St\u00e9phane Haffemayer (Universit\u00e9 de Rouen Normandie, GRHis).<\/p>\n","protected":false},"excerpt":{"rendered":"17e\u00a0Journ\u00e9es Doctorant.e.s et Jeunes Chercheur.euse.s\u00a0 de la Soci\u00e9t\u00e9 d\u2019\u00c9tudes Anglo-Am\u00e9ricaines des XVIIe\u00a0et XVIIIe\u00a0si\u00e8cles\u00a0(SEAA 17-18) et de la\u00a0Soci\u00e9t\u00e9 Fran\u00e7aise&hellip;\n","protected":false},"author":2,"featured_media":378550,"comment_status":"","ping_status":"","sticky":false,"template":"","format":"standard","meta":{"footnotes":""},"categories":[9587],"tags":[1111,11,1777,674,1011,27,12,5161,25,9590],"class_list":{"0":"post-378549","1":"post","2":"type-post","3":"status-publish","4":"format-standard","5":"has-post-thumbnail","7":"category-rouen","8":"tag-actu","9":"tag-actualites","10":"tag-eu","11":"tag-europe","12":"tag-fr","13":"tag-france","14":"tag-news","15":"tag-normandie","16":"tag-republique-francaise","17":"tag-rouen"},"share_on_mastodon":{"url":"https:\/\/pubeurope.com\/@fr\/115176171599556572","error":""},"_links":{"self":[{"href":"https:\/\/www.europesays.com\/fr\/wp-json\/wp\/v2\/posts\/378549","targetHints":{"allow":["GET"]}}],"collection":[{"href":"https:\/\/www.europesays.com\/fr\/wp-json\/wp\/v2\/posts"}],"about":[{"href":"https:\/\/www.europesays.com\/fr\/wp-json\/wp\/v2\/types\/post"}],"author":[{"embeddable":true,"href":"https:\/\/www.europesays.com\/fr\/wp-json\/wp\/v2\/users\/2"}],"replies":[{"embeddable":true,"href":"https:\/\/www.europesays.com\/fr\/wp-json\/wp\/v2\/comments?post=378549"}],"version-history":[{"count":0,"href":"https:\/\/www.europesays.com\/fr\/wp-json\/wp\/v2\/posts\/378549\/revisions"}],"wp:featuredmedia":[{"embeddable":true,"href":"https:\/\/www.europesays.com\/fr\/wp-json\/wp\/v2\/media\/378550"}],"wp:attachment":[{"href":"https:\/\/www.europesays.com\/fr\/wp-json\/wp\/v2\/media?parent=378549"}],"wp:term":[{"taxonomy":"category","embeddable":true,"href":"https:\/\/www.europesays.com\/fr\/wp-json\/wp\/v2\/categories?post=378549"},{"taxonomy":"post_tag","embeddable":true,"href":"https:\/\/www.europesays.com\/fr\/wp-json\/wp\/v2\/tags?post=378549"}],"curies":[{"name":"wp","href":"https:\/\/api.w.org\/{rel}","templated":true}]}}