{"id":378551,"date":"2025-09-09T20:14:35","date_gmt":"2025-09-09T20:14:35","guid":{"rendered":"https:\/\/www.europesays.com\/fr\/378551\/"},"modified":"2025-09-09T20:14:35","modified_gmt":"2025-09-09T20:14:35","slug":"entreprises-grenoble-capitale-europeenne-de-linnovation-2026-bientot-le-colloque-annuel-de-mobilis-leur-actu-en-bref","status":"publish","type":"post","link":"https:\/\/www.europesays.com\/fr\/378551\/","title":{"rendered":"Entreprises. Grenoble, capitale europ\u00e9enne de l&rsquo;innovation 2026 ? Bient\u00f4t le colloque annuel de Mobil&rsquo;Is&#8230; Leur actu en bref"},"content":{"rendered":"<p>  Is\u00e8re\u00a0:\u00a0Grenoble, capitale europ\u00e9enne de l&rsquo;innovation 2026 ?\u00a0<\/p>\n<p>Grenoble sera-t-elle la capitale europ\u00e9enne de l&rsquo;innovation 2026 ? La ville is\u00e9roise figure en tout cas parmi les six derni\u00e8res en lice dans le cadre d&rsquo;une op\u00e9ration\u00a0soutenue par le Conseil europ\u00e9en de l&rsquo;innovation (CEI) qui r\u00e9compense les villes qui ouvrent leurs pratiques de gouvernance \u00e0 l&rsquo;exp\u00e9rimentation et visent \u00e0 servir de mod\u00e8les pour les autres villes, en repoussant les limites de l&rsquo;innovation au b\u00e9n\u00e9fice de leurs citoyens.<\/p>\n<p>En plus de Grenoble, les autres villes en lice sont\u00a0Alicante (Espagne),\u00a0Liverpool (Royaume-Uni),\u00a0Riga (Lettonie),\u00a0Rotterdam (Pays-Bas)\u00a0et La Haye (Pays-Bas).<\/p>\n<p>Le jury doit d\u00e9sormais s\u00e9lectionner les trois villes finalistes. Les 3 et 4 d\u00e9cembre 2025, le laur\u00e9at sera annonc\u00e9 lors de la c\u00e9r\u00e9monie de remise des prix qui se tiendra \u00e0 Turin, en Italie, Capitale europ\u00e9enne de l&rsquo;innovation 2025.<\/p>\n<p>  Is\u00e8re : le colloque annuel de Mobil&rsquo;Is aura lieu le 14 octobre<\/p>\n<p>Le colloque annuel de Mobil&rsquo;Is,\u00a0association pour la promotion des mobilit\u00e9s innovantes, durables et inclusives, aura lieu\u00a0le 14 octobre 2025 (15 h \u00e0 21 h) \u00e0 la CCI de Grenoble.<\/p>\n<p>L\u2019apr\u00e8s-midi sera d\u00e9di\u00e9 \u00e0 des ateliers collaboratifs en petits groupes suivis d\u2019une s\u00e9ance pl\u00e9ni\u00e8re de restitution et d\u2019\u00e9changes.<\/p>\n<p>Parmi les principaux intervenants\u00a0: Pierre Streiff\u00a0(pr\u00e9sident de la CCI),\u00a0Sylvain Laval (pr\u00e9sident du SMMAG),\u00a0Bernard Perazio\u00a0(vice-Pr\u00e9sident du Conseil d\u00e9partemental de l\u2019Is\u00e8re) et\u00a0Jean-Beno\u00eet Carreau\u00a0(Pr\u00e9sident de Mobil\u2019Is).<\/p>\n<p>  &#13;<br \/>\n      <a href=\"https:\/\/cdn-s-www.ledauphine.com\/images\/ca61c4e0-456a-470a-aa6b-422d39ba7727\/NW_raw\/modelisation-de-la-plateforme-logistique-de-la-boisse-du-groupe-samse-photo-samse-1757344745.jpg\" title=\"Mod\u00e9lisation\u00a0de la plateforme logistique de la Boisse du Groupe Samse.\u00a0Photo Samse\" class=\"chocolat-image GA-tracking\" data-ga_type=\"click\" data-ga_category=\"D\u00e9tail\" data-ga_action=\"zoomer\" data-ga_label=\"agrandir image\" target=\"_blank\" rel=\"noopener\">&#13;<br \/>\n          <img loading=\"lazy\" decoding=\"async\" src=\"https:\/\/www.europesays.com\/fr\/wp-content\/uploads\/2025\/09\/modelisation-de-la-plateforme-logistique-de-la-boisse-du-groupe-samse-photo-samse-1757344745.jpg\" data-mobile=\"NW_listC_M|1757344745\" data-base=\"NW_listC|1757344745\" alt=\"Mod\u00e9lisation\u00a0de la plateforme logistique de la Boisse du Groupe Samse.\u00a0Photo Samse\"\/>&#13;<br \/>\n      <\/a>&#13;<\/p>\n<p>Mod\u00e9lisation\u00a0de la plateforme logistique de la Boisse du Groupe Samse.\u00a0Photo Samse<\/p>\n<p>&#13;<\/p>\n<p>  Is\u00e8re\u00a0: Hopium va rembourser ceux qui avaient pr\u00e9-command\u00e9 la Machina<\/p>\n<p>Hopium,\u00a0cleantech qui\u00a0souhaite \u00ab\u00a0d\u00e9carboner les transports lourds\u00a0\u00bb\u00a0a\u00a0entam\u00e9 le processus de remboursement des clients ayant proc\u00e9d\u00e9 \u00e0 des pr\u00e9-commandes du mod\u00e8le Machina,\u00a0berline fran\u00e7aise fonctionnant \u00e0 l&rsquo;hydrog\u00e8ne qui <a href=\"https:\/\/www.ledauphine.com\/magazine-automobile\/2020\/10\/07\/1000-km-d-autonomie-500-ch-et-3-min-pour-recharger-voici-l-hopium\" target=\"_blank\" rel=\"noopener\">ne verra finalement jamais le jour<\/a>.<\/p>\n<p>Une suite logique pour Hopium\u00a0: <a href=\"https:\/\/www.ledauphine.com\/economie\/2024\/07\/23\/hydrogene-la-start-up-hopium-debarque-dans-l-est-lyonnais\" target=\"_blank\" rel=\"noopener\">la start-up\u00a0du Rh\u00f4ne<\/a>\u00a0est en redressement judiciaire depuis le d\u00e9but d&rsquo;ann\u00e9e, sans grand espoir de s&rsquo;en sortir car en manque de liquidit\u00e9s.<\/p>\n<p>Cette d\u00e9cision intervient dans le cadre de l\u2019ex\u00e9cution du plan de redressement arr\u00eat\u00e9 par le Tribunal des activit\u00e9s \u00e9conomiques de Paris, le 21 mars 2025.<\/p>\n<p>  Haute-Savoie\u00a0:\u00a0la Nuit de la R\u00e9silience\u00a0revient \u00e0 Annecy le 9 octobre<\/p>\n<p>La Nuit de la R\u00e9silience, organis\u00e9e par l\u2019association 60 000 rebonds Auvergne Rh\u00f4ne-Alpes,\u00a0 se tiendra le\u00a0jeudi 9 octobre \u00e0 18h30\u00a0au\u00a0Cr\u00e9dit Agricole des Savoie \u00e0 Annecy-le-Vieux.<\/p>\n<p style=\"text-align: start;\">Cette soir\u00e9e, ouverte \u00e0 tous et particuli\u00e8rement destin\u00e9e aux\u00a0d\u00e9cideurs, entrepreneurs et \u00e9tudiants, mettra en lumi\u00e8re les parcours de rebond apr\u00e8s l\u2019\u00e9chec entrepreneurial, avec des t\u00e9moignages forts et une intervention exceptionnelle du philosophe\u00a0Charles P\u00e9pin, sur le th\u00e8me : \u00ab Comment rebondir dans le chaos ? \u00bb<\/p>\n<p style=\"text-align: start;\">L\u2019association 60 000 rebonds Auvergne Rh\u00f4ne-Alpes accompagne les chefs d\u2019entreprise apr\u00e8s une cessation d\u2019activit\u00e9 pour les aider \u00e0 se reconstruire personnellement et rebondir vers un nouveau projet professionnel<\/p>\n","protected":false},"excerpt":{"rendered":"Is\u00e8re\u00a0:\u00a0Grenoble, capitale europ\u00e9enne de l&rsquo;innovation 2026 ?\u00a0 Grenoble sera-t-elle la capitale europ\u00e9enne de l&rsquo;innovation 2026 ? La ville&hellip;\n","protected":false},"author":2,"featured_media":378552,"comment_status":"","ping_status":"","sticky":false,"template":"","format":"standard","meta":{"footnotes":""},"categories":[9566],"tags":[1111,11,2738,4646,2430,9810,2730,33,1777,674,1011,27,2731,4638,693,5015,108,3367,12,25,2429,5508,216],"class_list":{"0":"post-378551","1":"post","2":"type-post","3":"status-publish","4":"format-standard","5":"has-post-thumbnail","7":"category-grenoble","8":"tag-actu","9":"tag-actualites","10":"tag-ain","11":"tag-ardeche","12":"tag-auvergne-rhone-alpes","13":"tag-direct-entreprises","14":"tag-drome","15":"tag-economie","16":"tag-eu","17":"tag-europe","18":"tag-fr","19":"tag-france","20":"tag-grenoble","21":"tag-haute-savoie","22":"tag-industrie","23":"tag-innovation-et-start-up","24":"tag-isere","25":"tag-loire","26":"tag-news","27":"tag-republique-francaise","28":"tag-rhone","29":"tag-savoie","30":"tag-vie-des-entreprises"},"share_on_mastodon":{"url":"https:\/\/pubeurope.com\/@fr\/115176175720755654","error":""},"_links":{"self":[{"href":"https:\/\/www.europesays.com\/fr\/wp-json\/wp\/v2\/posts\/378551","targetHints":{"allow":["GET"]}}],"collection":[{"href":"https:\/\/www.europesays.com\/fr\/wp-json\/wp\/v2\/posts"}],"about":[{"href":"https:\/\/www.europesays.com\/fr\/wp-json\/wp\/v2\/types\/post"}],"author":[{"embeddable":true,"href":"https:\/\/www.europesays.com\/fr\/wp-json\/wp\/v2\/users\/2"}],"replies":[{"embeddable":true,"href":"https:\/\/www.europesays.com\/fr\/wp-json\/wp\/v2\/comments?post=378551"}],"version-history":[{"count":0,"href":"https:\/\/www.europesays.com\/fr\/wp-json\/wp\/v2\/posts\/378551\/revisions"}],"wp:featuredmedia":[{"embeddable":true,"href":"https:\/\/www.europesays.com\/fr\/wp-json\/wp\/v2\/media\/378552"}],"wp:attachment":[{"href":"https:\/\/www.europesays.com\/fr\/wp-json\/wp\/v2\/media?parent=378551"}],"wp:term":[{"taxonomy":"category","embeddable":true,"href":"https:\/\/www.europesays.com\/fr\/wp-json\/wp\/v2\/categories?post=378551"},{"taxonomy":"post_tag","embeddable":true,"href":"https:\/\/www.europesays.com\/fr\/wp-json\/wp\/v2\/tags?post=378551"}],"curies":[{"name":"wp","href":"https:\/\/api.w.org\/{rel}","templated":true}]}}