{"id":378553,"date":"2025-09-09T20:15:10","date_gmt":"2025-09-09T20:15:10","guid":{"rendered":"https:\/\/www.europesays.com\/fr\/378553\/"},"modified":"2025-09-09T20:15:10","modified_gmt":"2025-09-09T20:15:10","slug":"conference-afis-grenoble-alpes-la-casemate-quels-vegetaux-dans-nos-assiettes-dans-le-monde-de-demain-echosciences","status":"publish","type":"post","link":"https:\/\/www.europesays.com\/fr\/378553\/","title":{"rendered":"Conf\u00e9rence AFIS Grenoble-Alpes \/ La Casemate : \u00ab\u00a0Quels v\u00e9g\u00e9taux dans nos assiettes dans le monde de demain ?\u00a0\u00bb | ECHOSCIENCES"},"content":{"rendered":"<p>OGM, nouveaux OGM, modifications g\u00e9n\u00e9tiques\u2026 Ces termes suscitent de &#13;<br \/>\nnombreuses questions : dangers ou opportunit\u00e9s ? Nouveaut\u00e9s ou suite &#13;<br \/>\nlogique ? A bannir ou \u00e0 saisir ? Cette conf\u00e9rence apportera des \u00e9l\u00e9ments&#13;<br \/>\n de compr\u00e9hension pour mieux appr\u00e9hender ces enjeux.<\/p>\n<p>Depuis 10 000 ans, les humains s\u00e9lectionnent les plantes pour les &#13;<br \/>\nadapter \u00e0 leurs besoins de consommateurs et de cultivateurs. La totalit\u00e9&#13;<br \/>\n de nos graines, fruits et l\u00e9gumes sont tr\u00e8s diff\u00e9rents g\u00e9n\u00e9tiquement de&#13;<br \/>\n leurs parents naturels. Au cours des si\u00e8cles, les techniques de &#13;<br \/>\ns\u00e9lection, voire de cr\u00e9ation vari\u00e9tale, sont devenues sophistiqu\u00e9es &#13;<br \/>\n(hybrides, mutag\u00e9n\u00e8se, OGM, nouveaux OGM). Les plantes produites &#13;<br \/>\npr\u00e9sentent de nombreux avantages mais aussi des faiblesses. Aujourd\u2019hui,&#13;<br \/>\n le d\u00e9r\u00e8glement climatique impacte de plein fouet l\u2019agriculture, les &#13;<br \/>\nexigences sur l\u2019utilisation des ressources et sur la sant\u00e9 publique &#13;<br \/>\nremettent en question les modes de production jusque l\u00e0 utilis\u00e9s. Les &#13;<br \/>\nnouvelles technologies peuvent-elles nous aider \u00e0 faire face \u00e0 ces d\u00e9fis&#13;<br \/>\n et comment ? La conf\u00e9rence vise \u00e0 donner des bases scientifiques pour &#13;<br \/>\ntenter de r\u00e9pondre \u00e0 cette question.<\/p>\n<p>Une conf\u00e9rence de Fran\u00e7ois Parcy, Directeur de recherche au CNRS au\u00a0 Laboratoire de physiologie cellulaire et v\u00e9g\u00e9tale et auteur de \u201cLes cl\u00e9s&#13;<br \/>\n du champ : comment domestiquer les plantes\u201d aux \u00e9ditions humenSciences,&#13;<br \/>\n 2024.<\/p>\n<p>Fran\u00e7ois Parcy a re\u00e7u la m\u00e9daille d\u2019argent du CNRS en 2022.<\/p>\n","protected":false},"excerpt":{"rendered":"OGM, nouveaux OGM, modifications g\u00e9n\u00e9tiques\u2026 Ces termes suscitent de &#13; nombreuses questions : dangers ou opportunit\u00e9s ? Nouveaut\u00e9s&hellip;\n","protected":false},"author":2,"featured_media":378554,"comment_status":"","ping_status":"","sticky":false,"template":"","format":"standard","meta":{"footnotes":""},"categories":[9566],"tags":[1111,11,2430,1777,674,1011,27,2731,12,25],"class_list":{"0":"post-378553","1":"post","2":"type-post","3":"status-publish","4":"format-standard","5":"has-post-thumbnail","7":"category-grenoble","8":"tag-actu","9":"tag-actualites","10":"tag-auvergne-rhone-alpes","11":"tag-eu","12":"tag-europe","13":"tag-fr","14":"tag-france","15":"tag-grenoble","16":"tag-news","17":"tag-republique-francaise"},"share_on_mastodon":{"url":"https:\/\/pubeurope.com\/@fr\/115176179317635607","error":""},"_links":{"self":[{"href":"https:\/\/www.europesays.com\/fr\/wp-json\/wp\/v2\/posts\/378553","targetHints":{"allow":["GET"]}}],"collection":[{"href":"https:\/\/www.europesays.com\/fr\/wp-json\/wp\/v2\/posts"}],"about":[{"href":"https:\/\/www.europesays.com\/fr\/wp-json\/wp\/v2\/types\/post"}],"author":[{"embeddable":true,"href":"https:\/\/www.europesays.com\/fr\/wp-json\/wp\/v2\/users\/2"}],"replies":[{"embeddable":true,"href":"https:\/\/www.europesays.com\/fr\/wp-json\/wp\/v2\/comments?post=378553"}],"version-history":[{"count":0,"href":"https:\/\/www.europesays.com\/fr\/wp-json\/wp\/v2\/posts\/378553\/revisions"}],"wp:featuredmedia":[{"embeddable":true,"href":"https:\/\/www.europesays.com\/fr\/wp-json\/wp\/v2\/media\/378554"}],"wp:attachment":[{"href":"https:\/\/www.europesays.com\/fr\/wp-json\/wp\/v2\/media?parent=378553"}],"wp:term":[{"taxonomy":"category","embeddable":true,"href":"https:\/\/www.europesays.com\/fr\/wp-json\/wp\/v2\/categories?post=378553"},{"taxonomy":"post_tag","embeddable":true,"href":"https:\/\/www.europesays.com\/fr\/wp-json\/wp\/v2\/tags?post=378553"}],"curies":[{"name":"wp","href":"https:\/\/api.w.org\/{rel}","templated":true}]}}