{"id":378555,"date":"2025-09-09T20:16:14","date_gmt":"2025-09-09T20:16:14","guid":{"rendered":"https:\/\/www.europesays.com\/fr\/378555\/"},"modified":"2025-09-09T20:16:14","modified_gmt":"2025-09-09T20:16:14","slug":"sur-le-campus-beaulieu-de-rennes-le-public-est-invite-pour-un-inventaire-de-la-biodiversite","status":"publish","type":"post","link":"https:\/\/www.europesays.com\/fr\/378555\/","title":{"rendered":"Sur le campus Beaulieu de Rennes, le public est invit\u00e9 pour un inventaire de la biodiversit\u00e9"},"content":{"rendered":"<p>Le public est invit\u00e9 \u00e0 participer \u00e0 un inventaire de la biodiversit\u00e9 sur le campus de Beaulieu, vendredi\u00a012 et samedi 13\u00a0septembre.\u00a0Cette op\u00e9ration est pilot\u00e9e par trois \u00e9tablissements de l\u2019enseignement sup\u00e9rieur\u00a0: l\u2019Universit\u00e9 de Rennes, l\u2019Institut national des sciences appliqu\u00e9es (Insa) et l\u2019\u00c9cole nationale sup\u00e9rieure de chimie (ENSCR).<\/p>\n<p>Curieux ou passionn\u00e9s peuvent s\u2019inscrire<\/p>\n<p>Cet inventaire participatif, baptis\u00e9 Bioblitz, est ouvert \u00e0 tous, curieux ou passionn\u00e9s, pour un moment de convivialit\u00e9 autour du vivant. Il suffit de <a href=\"https:\/\/openagenda.com\/fr\/rennesuniv\/events\/bioblitz-beaulieu-inventaire-de-biodiversite\" target=\"_blank\" rel=\"nofollow noopener\">s\u2019inscrire sur internet.<\/a> On peut venir, y compris en famille. <strong>\u00ab\u00a0L\u2019objectif est d\u2019identifier et de r\u00e9pertorier toutes les esp\u00e8ces d\u2019organismes vivants pr\u00e9sents dans une zone d\u00e9termin\u00e9e en moins de 48\u00a0heures\u00a0\u00bb<\/strong>, expliquent les responsables. C\u2019est pour cette raison que l\u2019on parle de Bioblitz, car l\u2019op\u00e9ration est r\u00e9alis\u00e9e en un temps \u00e9clair.<\/p>\n<p>Vendredi\u00a012, de 10\u00a0h \u00e0 22\u00a0h\u00a030, et samedi 13\u00a0septembre, de 10\u00a0h \u00e0 17\u00a0h. Rendez-vous sur le campus de Beaulieu, parvis du hall des associations, b\u00e2timent 43.<\/p>\n<p>\u00a0<\/p>\n","protected":false},"excerpt":{"rendered":"Le public est invit\u00e9 \u00e0 participer \u00e0 un inventaire de la biodiversit\u00e9 sur le campus de Beaulieu, vendredi\u00a012&hellip;\n","protected":false},"author":2,"featured_media":378556,"comment_status":"","ping_status":"","sticky":false,"template":"","format":"standard","meta":{"footnotes":""},"categories":[2821],"tags":[1111,11,17176,1130,829,13701,1777,674,1011,27,46512,508,12,3532,3086,584,25],"class_list":{"0":"post-378555","1":"post","2":"type-post","3":"status-publish","4":"format-standard","5":"has-post-thumbnail","7":"category-rennes","8":"tag-actu","9":"tag-actualites","10":"tag-beaulieu","11":"tag-biodiversite","12":"tag-bretagne","13":"tag-campus","14":"tag-eu","15":"tag-europe","16":"tag-fr","17":"tag-france","18":"tag-inventaire","19":"tag-invite","20":"tag-news","21":"tag-public","22":"tag-redon","23":"tag-rennes","24":"tag-republique-francaise"},"share_on_mastodon":{"url":"https:\/\/pubeurope.com\/@fr\/115176183117200901","error":""},"_links":{"self":[{"href":"https:\/\/www.europesays.com\/fr\/wp-json\/wp\/v2\/posts\/378555","targetHints":{"allow":["GET"]}}],"collection":[{"href":"https:\/\/www.europesays.com\/fr\/wp-json\/wp\/v2\/posts"}],"about":[{"href":"https:\/\/www.europesays.com\/fr\/wp-json\/wp\/v2\/types\/post"}],"author":[{"embeddable":true,"href":"https:\/\/www.europesays.com\/fr\/wp-json\/wp\/v2\/users\/2"}],"replies":[{"embeddable":true,"href":"https:\/\/www.europesays.com\/fr\/wp-json\/wp\/v2\/comments?post=378555"}],"version-history":[{"count":0,"href":"https:\/\/www.europesays.com\/fr\/wp-json\/wp\/v2\/posts\/378555\/revisions"}],"wp:featuredmedia":[{"embeddable":true,"href":"https:\/\/www.europesays.com\/fr\/wp-json\/wp\/v2\/media\/378556"}],"wp:attachment":[{"href":"https:\/\/www.europesays.com\/fr\/wp-json\/wp\/v2\/media?parent=378555"}],"wp:term":[{"taxonomy":"category","embeddable":true,"href":"https:\/\/www.europesays.com\/fr\/wp-json\/wp\/v2\/categories?post=378555"},{"taxonomy":"post_tag","embeddable":true,"href":"https:\/\/www.europesays.com\/fr\/wp-json\/wp\/v2\/tags?post=378555"}],"curies":[{"name":"wp","href":"https:\/\/api.w.org\/{rel}","templated":true}]}}