{"id":378557,"date":"2025-09-09T20:17:11","date_gmt":"2025-09-09T20:17:11","guid":{"rendered":"https:\/\/www.europesays.com\/fr\/378557\/"},"modified":"2025-09-09T20:17:11","modified_gmt":"2025-09-09T20:17:11","slug":"rennes-se-separe-de-ses-28eme-et-29eme-joueurs","status":"publish","type":"post","link":"https:\/\/www.europesays.com\/fr\/378557\/","title":{"rendered":"Rennes se s\u00e9pare de ses 28\u00e8me et 29\u00e8me joueurs !"},"content":{"rendered":"<p><strong>Dans le sens des d\u00e9parts, c\u2019est un mercato estival historique pour le Stade Rennais, qui s\u2019est s\u00e9par\u00e9 de 29 joueurs !<\/strong><\/p>\n<p>M\u00eame Chelsea ne l\u2019a pas fait. Selon Ouest-France, le Stade Rennais est en passe de se s\u00e9parer de ses 28\u00e8me et 29\u00e8me joueurs durant le mercato. Le gardien de but Dogan Alemdar, doublure de Brice Samba et l\u2019attaquant Bertug Yildirim, tous les deux de nationalit\u00e9 turque, vont rejoindre le club de Goztepe, actuel troisi\u00e8me en SuperLig.\u00a0<\/p>\n<p>Ils sont arriv\u00e9s de Turquie, ils repartent en Turquie<\/p>\n<p>Le premier, \u00e2g\u00e9 de 22 ans, est arriv\u00e9 en Bretagne en 2021, en provenance de Kayserispor (Turquie), contre la somme de 3,5 millions d\u2019euros. Pr\u00eat\u00e9 \u00e0 Troyes durant la saison 2023\/2024, il n\u2019a jamais r\u00e9ussi \u00e0 s\u2019imposer en Bretagne o\u00f9 il a jou\u00e9 23 matchs en quatre ans, toutes comp\u00e9titions confondues.\u00a0<\/p>\n<p>Le second, \u00e2g\u00e9 de 23 ans, est arriv\u00e9 en 2023, en provenance d\u2019Hatayspor (Turquie) contre 5,4 millions d\u2019euros. Il a pass\u00e9 la saison 2024\/2025 en pr\u00eat \u00e0 Getafe (26 matchs, 3 buts, toutes comp\u00e9titions confondues). Lors de la saison 2023\/2024, il avait particip\u00e9 \u00e0 29 matchs, toutes comp\u00e9titions confondues, pour 1 but et 2 passes d\u00e9cisives. \u00a0<\/p>\n","protected":false},"excerpt":{"rendered":"Dans le sens des d\u00e9parts, c\u2019est un mercato estival historique pour le Stade Rennais, qui s\u2019est s\u00e9par\u00e9 de&hellip;\n","protected":false},"author":2,"featured_media":312691,"comment_status":"","ping_status":"","sticky":false,"template":"","format":"standard","meta":{"footnotes":""},"categories":[2821],"tags":[1111,11,829,1777,674,1011,27,12,584,25],"class_list":{"0":"post-378557","1":"post","2":"type-post","3":"status-publish","4":"format-standard","5":"has-post-thumbnail","7":"category-rennes","8":"tag-actu","9":"tag-actualites","10":"tag-bretagne","11":"tag-eu","12":"tag-europe","13":"tag-fr","14":"tag-france","15":"tag-news","16":"tag-rennes","17":"tag-republique-francaise"},"share_on_mastodon":{"url":"https:\/\/pubeurope.com\/@fr\/115176187296154355","error":""},"_links":{"self":[{"href":"https:\/\/www.europesays.com\/fr\/wp-json\/wp\/v2\/posts\/378557","targetHints":{"allow":["GET"]}}],"collection":[{"href":"https:\/\/www.europesays.com\/fr\/wp-json\/wp\/v2\/posts"}],"about":[{"href":"https:\/\/www.europesays.com\/fr\/wp-json\/wp\/v2\/types\/post"}],"author":[{"embeddable":true,"href":"https:\/\/www.europesays.com\/fr\/wp-json\/wp\/v2\/users\/2"}],"replies":[{"embeddable":true,"href":"https:\/\/www.europesays.com\/fr\/wp-json\/wp\/v2\/comments?post=378557"}],"version-history":[{"count":0,"href":"https:\/\/www.europesays.com\/fr\/wp-json\/wp\/v2\/posts\/378557\/revisions"}],"wp:featuredmedia":[{"embeddable":true,"href":"https:\/\/www.europesays.com\/fr\/wp-json\/wp\/v2\/media\/312691"}],"wp:attachment":[{"href":"https:\/\/www.europesays.com\/fr\/wp-json\/wp\/v2\/media?parent=378557"}],"wp:term":[{"taxonomy":"category","embeddable":true,"href":"https:\/\/www.europesays.com\/fr\/wp-json\/wp\/v2\/categories?post=378557"},{"taxonomy":"post_tag","embeddable":true,"href":"https:\/\/www.europesays.com\/fr\/wp-json\/wp\/v2\/tags?post=378557"}],"curies":[{"name":"wp","href":"https:\/\/api.w.org\/{rel}","templated":true}]}}