{"id":378558,"date":"2025-09-09T20:18:14","date_gmt":"2025-09-09T20:18:14","guid":{"rendered":"https:\/\/www.europesays.com\/fr\/378558\/"},"modified":"2025-09-09T20:18:14","modified_gmt":"2025-09-09T20:18:14","slug":"strasbourg-deux-jeunes-alsaciens-vont-courir-48-heures-pour-sensibiliser-aux-cancers-du-sang","status":"publish","type":"post","link":"https:\/\/www.europesays.com\/fr\/378558\/","title":{"rendered":"Strasbourg. Deux jeunes Alsaciens vont courir 48 heures pour sensibiliser aux cancers du sang"},"content":{"rendered":"<p>Les deux jeunes alsaciens et amis d\u2019enfance, Paul-\u00c9mile Ehret et Hugo Undreiner, 23 ans, <a href=\"https:\/\/www.dna.fr\/insolite\/2024\/05\/14\/courir-48-heures-pour-la-recherche-contre-le-cancer\" target=\"_blank\" rel=\"nofollow noopener\">ont d\u00e9j\u00e0 r\u00e9alis\u00e9 ce petit exploit l\u2019ann\u00e9e derni\u00e8re<\/a> \u00a0: courir 48 heures en se relayant toutes les heures dans le centre de Strasbourg afin de lever des fonds pour la recherche contre le cancer. Ils avaient ainsi parcouru plus de 320\u00a0km et r\u00e9colt\u00e9 10\u00a0000\u00a0euros au profit de l\u2019Institut de canc\u00e9rologie de Strasbourg (Icans).<\/p>\n<p>  De vendredi\u00a017 h \u00e0 dimanche\u00a017 h<\/p>\n<p>V\u00eatus de leurs inratables tee-shirts jaune fluo, ils remettent le couvert ce week-end en courant du vendredi 12\u00a0septembre, 17\u00a0h, jusqu\u2019au dimanche 14\u00a0septembre, m\u00eame heure. Cette deuxi\u00e8me \u00e9dition est l\u2019occasion de d\u00e9velopper l\u2019\u00e9v\u00e9nement. \u00ab\u00a0Nous reprenons le concept initial, mais nous voulons renforcer l\u2019aspect pr\u00e9vention\u00a0\u00bb, expose Paul-\u00c9mile Ehret.<\/p>\n<p>  Informations et activit\u00e9s au village quai des Bateliers<\/p>\n<p>Cette ann\u00e9e, un petit village sera install\u00e9 pour l\u2019occasion sur le quai des Bateliers, \u00e0 la hauteur du pont du Corbeau. Il sera constitu\u00e9 de deux tonnelles logistiques, mais surtout d\u2019un espace d\u2019information sur les cancers du sang tenu par des m\u00e9decins et des infirmiers de l\u2019Icans. \u00ab\u00a0Ils seront pr\u00e9sents samedis de 10\u00a0h \u00e0 20\u00a0h et dimanche de 10\u00a0h \u00e0 18\u00a0h pour faire de la sensibilisation sur le sujet.\u00a0\u00bb<\/p>\n<p>Ce contenu est bloqu\u00e9 car vous n&rsquo;avez pas accept\u00e9 les cookies et autres traceurs.<\/p>\n<p>En cliquant sur \u00ab J\u2019accepte \u00bb, les cookies et autres traceurs seront d\u00e9pos\u00e9s et vous pourrez visualiser les contenus  (<a href=\"\" class=\"consentModule_policy\" target=\"_blank\" title=\"Consulter la politique de protection des donn\u00e9es du fournisseur\">plus d&rsquo;informations<\/a>).<\/p>\n<p>En cliquant sur \u00ab J\u2019accepte tous les cookies \u00bb, vous autorisez des d\u00e9p\u00f4ts de cookies et autres traceurs pour le stockage de vos donn\u00e9es sur nos sites et applications \u00e0 des fins de personnalisation et de ciblage publicitaire.<\/p>\n<p class=\"consentModule_secondaryText\">Vous gardez la possibilit\u00e9 de retirer votre consentement \u00e0 tout moment en consultant notre <a href=\"https:\/\/www.dna.fr\/protection-des-donnees\" target=\"_blank\" title=\"Consulter notre politique de protection des donn\u00e9es\" rel=\"nofollow noopener\">politique de protection des donn\u00e9es<\/a>. <br \/>&#13;<br \/>\n            <a href=\"https:\/\/www.dna.fr\/sante\/2025\/09\/09\/javascript:Didomi.notice.show()\" class=\"consentModule_cmp\" rel=\"nofollow noopener\" target=\"_blank\">G\u00e9rer mes choix<\/a>&#13;\n        <\/p>\n<p>&#13;<br \/>\n                        J&rsquo;accepte&#13;<br \/>\n            J&rsquo;accepte tous les cookies&#13;\n        <\/p>\n<p>Les deux coureurs profiteront \u00e9galement de leur heure de pause pour y \u00e9changer avec les passants. Plusieurs animations seront \u00e9galement propos\u00e9es par leur partenaire Hoka, une marque de chaussures de sport. Deux courses auront lieu samedi soir\u00a0: un footing gratuit et ouvert \u00e0 tous \u00e0 19\u00a0h\u00a030 et un d\u00e9fi avec des lots \u00e0 gagner sur inscription et \u00e0 don libre \u00e0 20\u00a0h\u00a030. Un brunch sera organis\u00e9 dimanche de 10 \u00e0 11\u00a0h.<\/p>\n<p>Les volontaires seront \u00e9galement invit\u00e9s \u00e0 participer \u00e0 la derni\u00e8re heure du challenge, de 16 \u00e0 17\u00a0h dimanche, pour soutenir les deux amis. \u00ab\u00a0Nous \u00e9tions plus d\u2019une soixantaine l\u2019ann\u00e9e derni\u00e8re, c\u2019\u00e9tait un beau moment qui couronnait un challenge tr\u00e8s exigeant, notamment dans la gestion du sommeil. Mais nous sommes heureux de faire \u00e7a pour une belle cause\u00a0\u00bb, se r\u00e9jouit Hugo Undreiner, \u00e9galement <a href=\"https:\/\/www.dna.fr\/culture-loisirs\/2023\/06\/17\/on-a-teste-pour-vous-mercredi-run\" target=\"_blank\" rel=\"nofollow noopener\">cofondateur de Mercredi Run<\/a> qui r\u00e9unit depuis plus de deux ans des centaines de coureurs chaque mercredi \u00e0 18\u00a0h\u00a030 devant la cath\u00e9drale, pour une session dans la ville.<\/p>\n<p class=\"note\">Suivre le challenge sur Instagram\u00a0: 48h. run<\/p>\n","protected":false},"excerpt":{"rendered":"Les deux jeunes alsaciens et amis d\u2019enfance, Paul-\u00c9mile Ehret et Hugo Undreiner, 23 ans, ont d\u00e9j\u00e0 r\u00e9alis\u00e9 ce&hellip;\n","protected":false},"author":2,"featured_media":378559,"comment_status":"","ping_status":"","sticky":false,"template":"","format":"standard","meta":{"footnotes":""},"categories":[2820],"tags":[1111,11,2389,4132,2880,1777,674,107,1011,27,775,12,25,71,104,517,640,2879],"class_list":{"0":"post-378558","1":"post","2":"type-post","3":"status-publish","4":"format-standard","5":"has-post-thumbnail","7":"category-strasbourg","8":"tag-actu","9":"tag-actualites","10":"tag-alsace","11":"tag-athletisme","12":"tag-edition-strasbourg","13":"tag-eu","14":"tag-europe","15":"tag-fil-info","16":"tag-fr","17":"tag-france","18":"tag-grand-est","19":"tag-news","20":"tag-republique-francaise","21":"tag-sante","22":"tag-societe","23":"tag-sport","24":"tag-strasbourg","25":"tag-strasbourg-ville"},"share_on_mastodon":{"url":"https:\/\/pubeurope.com\/@fr\/115176191019701081","error":""},"_links":{"self":[{"href":"https:\/\/www.europesays.com\/fr\/wp-json\/wp\/v2\/posts\/378558","targetHints":{"allow":["GET"]}}],"collection":[{"href":"https:\/\/www.europesays.com\/fr\/wp-json\/wp\/v2\/posts"}],"about":[{"href":"https:\/\/www.europesays.com\/fr\/wp-json\/wp\/v2\/types\/post"}],"author":[{"embeddable":true,"href":"https:\/\/www.europesays.com\/fr\/wp-json\/wp\/v2\/users\/2"}],"replies":[{"embeddable":true,"href":"https:\/\/www.europesays.com\/fr\/wp-json\/wp\/v2\/comments?post=378558"}],"version-history":[{"count":0,"href":"https:\/\/www.europesays.com\/fr\/wp-json\/wp\/v2\/posts\/378558\/revisions"}],"wp:featuredmedia":[{"embeddable":true,"href":"https:\/\/www.europesays.com\/fr\/wp-json\/wp\/v2\/media\/378559"}],"wp:attachment":[{"href":"https:\/\/www.europesays.com\/fr\/wp-json\/wp\/v2\/media?parent=378558"}],"wp:term":[{"taxonomy":"category","embeddable":true,"href":"https:\/\/www.europesays.com\/fr\/wp-json\/wp\/v2\/categories?post=378558"},{"taxonomy":"post_tag","embeddable":true,"href":"https:\/\/www.europesays.com\/fr\/wp-json\/wp\/v2\/tags?post=378558"}],"curies":[{"name":"wp","href":"https:\/\/api.w.org\/{rel}","templated":true}]}}