{"id":378566,"date":"2025-09-09T20:22:34","date_gmt":"2025-09-09T20:22:34","guid":{"rendered":"https:\/\/www.europesays.com\/fr\/378566\/"},"modified":"2025-09-09T20:22:34","modified_gmt":"2025-09-09T20:22:34","slug":"un-jeune-footballeur-professionnel-interpelle-apres-avoir-tendu-un-guet-apens-dans-un-parc","status":"publish","type":"post","link":"https:\/\/www.europesays.com\/fr\/378566\/","title":{"rendered":"un jeune footballeur professionnel interpell\u00e9 apr\u00e8s avoir tendu un guet-apens dans un parc"},"content":{"rendered":"<p>Le sportif est suspect\u00e9 d\u2019avoir agress\u00e9 et d\u00e9pouill\u00e9 un homme qui se trouvait dans un espace vert de la cit\u00e9 des ducs, en juin dernier. Les recherches se poursuivent pour retrouver son complice.<\/p>\n<p class=\"fig-paragraph\">Les recherches t\u00e9l\u00e9phoniques se sont av\u00e9r\u00e9es d\u00e9cisives. \u00c0\u00a0<a href=\"https:\/\/www.lefigaro.fr\/nantes\" target=\"_blank\" data-fig-type=\"Section\" rel=\"sponsored noopener nofollow\" data-gtm-custom-categorie=\"navigation\" data-gtm-custom-action=\"crossclick\" data-gtm-custom-label=\"Contextuel\" data-gtm-event=\"customEventSPE\" data-fig-domain=\"LEFIGARO\">Nantes<\/a>\u00a0(Loire-Atlantique), un\u00a0<a href=\"http:\/\/www.lefigaro.fr\/sports\/football\/la-base-c-est-la-technique-en-football-comment-reperer-les-jeunes-talents-de-demain-20230420\" target=\"_blank\" data-fig-type=\"Article\" rel=\"noopener nofollow\" data-gtm-custom-categorie=\"navigation\" data-gtm-custom-action=\"crossclick\" data-gtm-custom-label=\"Contextuel\" data-gtm-event=\"customEventSPE\" data-fig-domain=\"LEFIGARO\">jeune footballeur<\/a>\u00a0professionnel a \u00e9t\u00e9 interpell\u00e9 et plac\u00e9 en garde \u00e0 vue, vendredi 5 septembre, pour possession d\u2019un t\u00e9l\u00e9phone mobile vol\u00e9 trois mois plus t\u00f4t, lors d\u2019une agression au parc de la Roseraie, un espace vert municipal. Un promeneur solitaire avait alors \u00e9t\u00e9 rou\u00e9 de coups par deux individus, aux alentours de minuit, avant de se faire voler sa carte bleue, son t\u00e9l\u00e9phone et ses cl\u00e9s de voiture.<\/p>\n<p class=\"fig-paragraph\">Un fin travail de t\u00e9l\u00e9phonie a, depuis, permis aux enqu\u00eateurs nantais de retrouver la trace de l\u2019appareil vol\u00e9 en juin au parc de la Roseraie. Seul un des deux hommes recherch\u00e9s a pu \u00eatre identifi\u00e9 et interpell\u00e9. Le suspect n\u2019a pas reconnu les faits qui lui sont reproch\u00e9s.<\/p>\n<p>                                    <a class=\"fig-a11y-skip a11y-hidden\" href=\"#fig-a11y-skip-main-inarticle\"><br \/>\n        Passer la publicit\u00e9<br \/>\n    <\/a><\/p>\n<p>Audience en janvier<\/p>\n<p class=\"fig-paragraph\">Le footballeur ne serait pas impliqu\u00e9 dans\u00a0<a href=\"http:\/\/www.lefigaro.fr\/nantes\/loire-atlantique-quatre-personnes-arretees-et-deferees-apres-des-agressions-homophobes-pres-de-nantes-20250829\" target=\"_blank\" data-fig-type=\"NewsFlash\" rel=\"noopener nofollow\" data-gtm-custom-categorie=\"navigation\" data-gtm-custom-action=\"crossclick\" data-gtm-custom-label=\"Contextuel\" data-gtm-event=\"customEventSPE\" data-fig-domain=\"LEFIGARO\">le dossier sur la vague d\u2019agressions \u00e0 caract\u00e8re homophobes<\/a>\u00a0qui a fleuri cet \u00e9t\u00e9 dans les parcs nantais, malgr\u00e9 la co\u00efncidence de la date du vol pr\u00e9sum\u00e9 avec le lieu de l\u2019incident &#8211; le parc \u00e9tant un lieu de rencontres homosexuelles r\u00e9put\u00e9. \u00abLa connotation homophobe n\u2019a pas pu \u00eatre prouv\u00e9e\u00bb, a confirm\u00e9 mardi le procureur de la R\u00e9publique de Nantes, Antoine Leroy. La victime a r\u00e9fut\u00e9 s\u2019\u00eatre pr\u00e9sent\u00e9e vers minuit au parc de la Roseraie pour y chercher des relations sexuelles.<\/p>\n<p class=\"fig-paragraph\">Cens\u00e9 \u00eatre jug\u00e9 lundi 8 septembre, le jeune voleur pr\u00e9sum\u00e9 ne compara\u00eetra finalement que le 6 janvier 2026, au tribunal correctionnel de Nantes (Loire-Atlantique). D\u00e9f\u00e9r\u00e9 devant le parquet, le mis en cause a \u00e9t\u00e9 plac\u00e9 sous contr\u00f4le judiciaire en attendant l\u2019audience.<\/p>\n","protected":false},"excerpt":{"rendered":"Le sportif est suspect\u00e9 d\u2019avoir agress\u00e9 et d\u00e9pouill\u00e9 un homme qui se trouvait dans un espace vert de&hellip;\n","protected":false},"author":2,"featured_media":378567,"comment_status":"","ping_status":"","sticky":false,"template":"","format":"standard","meta":{"footnotes":""},"categories":[2818],"tags":[1111,11,1120,1777,674,1011,27,766,12,2636,25],"class_list":{"0":"post-378566","1":"post","2":"type-post","3":"status-publish","4":"format-standard","5":"has-post-thumbnail","7":"category-nantes","8":"tag-actu","9":"tag-actualites","10":"tag-agression","11":"tag-eu","12":"tag-europe","13":"tag-fr","14":"tag-france","15":"tag-nantes","16":"tag-news","17":"tag-pays-de-la-loire","18":"tag-republique-francaise"},"share_on_mastodon":{"url":"https:\/\/pubeurope.com\/@fr\/115176206838719618","error":""},"_links":{"self":[{"href":"https:\/\/www.europesays.com\/fr\/wp-json\/wp\/v2\/posts\/378566","targetHints":{"allow":["GET"]}}],"collection":[{"href":"https:\/\/www.europesays.com\/fr\/wp-json\/wp\/v2\/posts"}],"about":[{"href":"https:\/\/www.europesays.com\/fr\/wp-json\/wp\/v2\/types\/post"}],"author":[{"embeddable":true,"href":"https:\/\/www.europesays.com\/fr\/wp-json\/wp\/v2\/users\/2"}],"replies":[{"embeddable":true,"href":"https:\/\/www.europesays.com\/fr\/wp-json\/wp\/v2\/comments?post=378566"}],"version-history":[{"count":0,"href":"https:\/\/www.europesays.com\/fr\/wp-json\/wp\/v2\/posts\/378566\/revisions"}],"wp:featuredmedia":[{"embeddable":true,"href":"https:\/\/www.europesays.com\/fr\/wp-json\/wp\/v2\/media\/378567"}],"wp:attachment":[{"href":"https:\/\/www.europesays.com\/fr\/wp-json\/wp\/v2\/media?parent=378566"}],"wp:term":[{"taxonomy":"category","embeddable":true,"href":"https:\/\/www.europesays.com\/fr\/wp-json\/wp\/v2\/categories?post=378566"},{"taxonomy":"post_tag","embeddable":true,"href":"https:\/\/www.europesays.com\/fr\/wp-json\/wp\/v2\/tags?post=378566"}],"curies":[{"name":"wp","href":"https:\/\/api.w.org\/{rel}","templated":true}]}}