{"id":378588,"date":"2025-09-09T20:35:09","date_gmt":"2025-09-09T20:35:09","guid":{"rendered":"https:\/\/www.europesays.com\/fr\/378588\/"},"modified":"2025-09-09T20:35:09","modified_gmt":"2025-09-09T20:35:09","slug":"les-cartes-des-manifestations-et-blocages-prevus-pres-de-chez-vous","status":"publish","type":"post","link":"https:\/\/www.europesays.com\/fr\/378588\/","title":{"rendered":"les cartes des manifestations et blocages pr\u00e9vus pr\u00e8s de chez vous"},"content":{"rendered":"<p>            Par<br \/>\n        <strong><br \/>\n            <a href=\"https:\/\/actu.fr\/auteur\/maxime-ponsot\" title=\"Consulter tous les articles de Maxime Ponsot\" target=\"_blank\" rel=\"noopener\">Maxime Ponsot<\/a><br \/>\n        <\/strong><\/p>\n<p>        Publi\u00e9 le<\/p>\n<p>            9 sept. 2025 \u00e0 20h18        <\/p>\n<p><a href=\"https:\/\/actu.fr\/tag\/bloquons-tout\" target=\"_blank\" rel=\"noopener\">\u00ab\u2009Bloquons tout\u2009\u00bb<\/a>\u2009: c\u2019est le mot de rassemblement de <a href=\"https:\/\/actu.fr\/tag\/mouvement-du-10-septembre\" target=\"_blank\" rel=\"noopener\">ce \u00ab\u2009mouvement du 10\u00a0septembre\u2009\u00bb<\/a>. Des portes du p\u00e9riph\u00e9rique parisien aux rocades en r\u00e9gions en passant par les grandes gares, universit\u00e9s ou entreprises\u2026 Les <strong>nombreuses initiatives d\u2019une mobilisation citoyenne<\/strong>, dont l\u2019ampleur reste ind\u00e9termin\u00e9e, doivent encore s\u2019affiner, au lendemain de <a href=\"https:\/\/actu.fr\/politique\/demission-de-francois-bayrou-ce-nouveau-record-navrant-detenu-par-emmanuel-macron_63133779.html\" target=\"_blank\" rel=\"noopener\">l\u2019\u00e9chec de Fran\u00e7ois Bayrou \u00e0 obtenir la confiance des d\u00e9put\u00e9s<\/a>. \u00c0 quoi s\u2019attendre pour ce mercredi 10\u00a0septembre\u2009?<\/p>\n<p class=\" wall-content\">Des centaines d\u2019actions en \u00cele-de-France et en r\u00e9gions, des m\u00e9tropoles aux petites villes, sont pr\u00e9vues pour cette journ\u00e9e de mobilisation, d\u2019apr\u00e8s un bilan provisoire s\u2019appuyant sur une carte collaborative (<a href=\"https:\/\/cartedesagbfc.gogocarto.fr\/\" target=\"_blank\" rel=\"noopener\">www.cartedesagbfc.gogocarto.fr<\/a>)\u2009:<\/p>\n<p class=\" wall-content\">\ufeff\ufeff\ufeff\ufeff\ufeff\ufeff<\/p>\n<p>Si la carte ne s\u2019affiche pas correctement, <a href=\"https:\/\/cartedesagbfc.gogocarto.fr\/map#\/carte\/@47.63,9.69,6z?cat=all\" target=\"_blank\" rel=\"noopener\">cliquez ici<\/a>.Une mobilisation des \u00e9tudiants<\/p>\n<p class=\" wall-content\">Pr\u00e8s de 30 universit\u00e9s fran\u00e7aises organisaient ce mardi des assembl\u00e9es g\u00e9n\u00e9rales pour d\u00e9cider de leurs actions mercredi.<\/p>\n<blockquote class=\"ac-article-quote wall-content\">\n<p>L\u2019Union \u00e9tudiante appelle les \u00e9tudiant-es \u00e0 se joindre \u00e0 la mobilisation [\u2026] pour battre Emmanuel Macron dans la rue.<\/p>\n<p>    <strong>F\u00e9lix Stive<\/strong><br \/>\n        porte-parole     <\/p><\/blockquote>\n<p class=\" wall-content\">\u00c0 Paris, les universit\u00e9s Panth\u00e9on Sorbonne, Paris Cit\u00e9, Paris 3, Paris 8, notamment, seront rassembl\u00e9es en AG sur leurs campus, avant une intersyndicale plus large pr\u00e9vue \u00e0 Jussieu. La direction de Sciences Po a indiqu\u00e9 que ses sites \u00e0 Paris et dans les r\u00e9gions resteraient ferm\u00e9s mercredi, avec des enseignements assur\u00e9s \u00e0 distance.<\/p>\n<p>Mais aussi des lyc\u00e9ens<\/p>\n<p class=\" wall-content\">C\u00f4t\u00e9 lyc\u00e9es, \u00ab\u2009on doit prendre part \u00e0 ce mouvement social, parce qu\u2019on est les premiers et les premi\u00e8res concern\u00e9s par le budget\u2009: on est quand m\u00eame les futurs citoyens de la France\u2009\u00bb, explique Sofia Tizaoui, pr\u00e9sidente de l\u2019Union syndicale lyc\u00e9enne, premier syndicat lyc\u00e9en, qui a appel\u00e9 au blocage des \u00e9tablissements.<\/p>\n<p>Votre r\u00e9gion, votre actu !<\/p>\n<p>Recevez chaque jour les infos qui comptent pour vous.<\/p>\n<p>\t<a href=\"https:\/\/actu.fr\/newsletter\" class=\"ac-btn ac-btn--corner ac-btn--medium ac-btn--blue800\" target=\"_blank\" rel=\"noopener\">S&rsquo;incrire<\/a><br \/>\nDes rassemblements syndicaux<\/p>\n<p class=\" wall-content\">Plusieurs responsables de la <strong>CGT<\/strong> seront rassembl\u00e9s mercredi d\u00e8s 9\u2009h\u200930 devant le minist\u00e8re du Travail, \u00e0 l\u2019initiative de ses f\u00e9d\u00e9rations du commerce et de la chimie. De premiers <strong>cort\u00e8ges<\/strong> sont pr\u00e9vus \u00e0 Rennes et Nantes d\u00e8s 11\u2009h.<\/p>\n<p class=\" wall-content\">Les responsables syndicaux des unions d\u00e9partementales parisiennes (de la CGT, FSU, Solidaires) se sont eux donn\u00e9s rendez-vous d\u00e8s 13\u2009h dans le centre de la capitale, place du Ch\u00e2telet. \u00c0 14\u2009h\u200930, une manifestation est annonc\u00e9e \u00e0 Toulouse.<\/p>\n<p>Commerces, raffineries, \u00e9boueurs, usines\u2026<\/p>\n<p class=\" wall-content\">De nombreux salari\u00e9s ont pr\u00e9vu de <strong>bloquer des entreprises<\/strong>.\u00a0Ainsi, le g\u00e9ant Amazon pourrait \u00eatre perturb\u00e9 par un piquet de gr\u00e8ve sur le site de Br\u00e9tigny-sur-Orge (Essonne), \u00e0 partir de 12\u2009h. \u00c0 Dunkerque, une gr\u00e8ve est pr\u00e9vue chez ArcelorMittal, qui a annonc\u00e9 ces derniers mois un important plan de licenciements.<\/p>\n<p class=\" wall-content\">Les salari\u00e9s des raffineries de Gonfreville-l\u2019Orcher, pr\u00e8s du Havre (Seine-Maritime), Donges (Loire-Atlantique), et Feyzin (Rh\u00f4ne), toutes trois exploit\u00e9es par TotalEnergies, sont appel\u00e9s \u00ab\u2009\u00e0 cesser le travail le 10\u2009\u00bb, a indiqu\u00e9 Eric Sellini (CGT). En Seine-Maritime, la CGT appelle \u00e9galement \u00ab\u2009les salari\u00e9s du secteur de l\u2019\u00e9nergie et les retrait\u00e9s, que ce soit EDF ou prestataires\u2009\u00bb \u00e0 rejoindre le piquet de gr\u00e8ve pr\u00e8s de la centrale nucl\u00e9aire de Paluel.<\/p>\n<p class=\" wall-content\">Au sud de Rouen, l\u2019usine Amp\u00e8re de <strong>Renault<\/strong>, plus gros employeur de la r\u00e9gion, sera \u00e9galement en gr\u00e8ve. \u00c0 l\u2019appel de la CGT, les \u00e9boueurs se mobiliseront avec au moins une quinzaine de pr\u00e9avis de gr\u00e8ve dans diverses r\u00e9gions de France, \u00ab\u2009principalement dans les zones rurales\u2009\u00bb.<\/p>\n<p class=\" wall-content\">La CGT a d\u2019ailleurs, elle aussi, fourni une carte de ses actions pr\u00e9vues\u2009:<\/p>\n<p>\ufeff<\/p>\n<p>Si la carte ne s\u2019affiche pas correctement, <a href=\"https:\/\/carte.cgt.fr\/carto\/carte\/septembre\/\" target=\"_blank\" rel=\"noopener\">cliquez ici<\/a>.Des paysans mobilis\u00e9s<\/p>\n<p class=\" wall-content\">\u00ab\u00a0La <strong>Conf\u00e9d\u00e9ration paysanne soutient et a appel\u00e9 \u00e0 rejoindre les mobilisations<\/strong> du 10 septembre\u00a0\u00bb, indique-t-elle \u00e0 <a href=\"http:\/\/actu.fr\" target=\"_blank\" rel=\"noopener\">actu.fr<\/a>. Ses membres seront mobilis\u00e9s dans \u00ab\u00a0un tr\u00e8s grand nombre de d\u00e9partements\u00a0\u00bb pour des actions de blocage, des manifestations, des rassemblements et pour des \u00ab\u00a0cantines de gr\u00e8ve\u00a0\u00bb. Par exemple, une action d\u2019ampleur est pr\u00e9vue dans le Limousin.<\/p>\n<p>Un gros dispositif policier<\/p>\n<p class=\" wall-content\">Quelque <strong>\u00ab\u200980\u2009000 gendarmes et policiers\u2009\u00bb<\/strong> seront mobilis\u00e9s, a annonc\u00e9 lundi soir Bruno Retailleau, ministre de l\u2019Int\u00e9rieur bient\u00f4t d\u00e9missionnaire, pr\u00e9venant qu\u2019\u00ab\u2009aucune violence\u2009\u00bb ne serait tol\u00e9r\u00e9e.<\/p>\n<p class=\" wall-content\">Le pr\u00e9fet de police de Paris, Laurent Nu\u00f1ez, a dit s\u2019attendre \u00e0 <strong>des \u00ab\u2009actions coups de poing\u2009\u00bb, blocages, voire sabotages<\/strong>, mais ne pas penser \u00ab\u2009que ce mouvement mobilise la soci\u00e9t\u00e9 civile\u2009\u00bb.<\/p>\n<p class=\" wall-content\">Attac France (l\u2019Association pour la taxation des transactions financi\u00e8res et pour l\u2019action citoyenne) a \u00e9galement mis \u00e0 disposition sa carte des mobilisations\u2009:<\/p>\n<p class=\" wall-content\">\ufeff<\/p>\n<p>Si la carte ne s\u2019affiche pas correctement, <a href=\"https:\/\/umap.openstreetmap.fr\/fr\/map\/10s25-indignons-nous_1261654?scaleControl=false&amp;miniMap=false&amp;scrollWheelZoom=true&amp;zoomControl=true&amp;editMode=disabled&amp;moreControl=true&amp;searchControl=null&amp;tilelayersControl=null&amp;embedControl=null&amp;datalayersControl=true&amp;onLoadPanel=none&amp;captionBar=false&amp;captionMenus=true\" target=\"_blank\" rel=\"noopener\">cliquez ici<\/a>.Les transports\u2009: trains et avion<\/p>\n<p class=\" wall-content\">Dans les transports en commun, les Intercit\u00e9s, RER et Transiliens seront plus affect\u00e9s que les TGV, m\u00e9tros, tramways ou bus parisiens.<\/p>\n<p class=\" wall-content\">La direction g\u00e9n\u00e9rale de l\u2019Aviation civile (DGAC) pr\u00e9voit des perturbations et des retards \u00ab\u2009sur l\u2019ensemble des a\u00e9roports fran\u00e7ais\u2009\u00bb.<\/p>\n<p>Des blocages des routes<\/p>\n<p class=\" wall-content\">Dans l\u2019ouest de la France, les citoyens mobilis\u00e9s se donnent rendez-vous d\u00e8s 6\u2009h\u2009mercredi dans la perspective de <strong>bloquer les rocades de Rennes et Nantes<\/strong>. Des actions similaires ou des barrages filtrants sont \u00e9galement annonc\u00e9s dans les boucles de messagerie \u00e0 Brest, Vannes ou Caen.<\/p>\n<p class=\" wall-content\"><a href=\"https:\/\/actu.fr\/ile-de-france\/paris_75056\/rassemblement-devant-l-elysee-operations-coup-de-poing-ce-qui-est-prevu-pour-le-10-septembre-a-paris_63133063.html\" target=\"_blank\" rel=\"noopener\">\u00c0 Paris<\/a>, d\u00e8s minuit dans la nuit de mardi \u00e0 mercredi, des militants pr\u00e9voient de bloquer plusieurs portes du p\u00e9riph\u00e9rique (La Chapelle, Bagnolet, Montreuil, Italie, Orl\u00e9ans, notamment) et de poursuivre leurs blocages dans la matin\u00e9e. Dans la matin\u00e9e \u00e9galement, plusieurs assembl\u00e9es g\u00e9n\u00e9rales se tiendront dans les gares parisiennes (gares du Nord et de Lyon).<\/p>\n<p class=\" wall-content\"><strong>(avec AFP)<\/strong><\/p>\n<p class=\" wall-content\">Personnalisez votre actualit\u00e9 en ajoutant vos villes et m\u00e9dias en favori avec <a href=\"https:\/\/moncompte.actu.fr\" title=\"D\u00e9couvez Mon Actu\" rel=\"nofollow noopener\" data-trk=\"{&quot;cta&quot;:{&quot;action&quot;:&quot;https:\\\/\\\/moncompte.actu.fr&quot;,&quot;category&quot;:&quot;mon compte&quot;,&quot;from&quot;:&quot;article footer&quot;,&quot;name&quot;:&quot;Mon actu&quot;,&quot;type&quot;:&quot;cta&quot;}}\" target=\"_blank\">Mon Actu<\/a>.<\/p>\n","protected":false},"excerpt":{"rendered":"Par Maxime Ponsot Publi\u00e9 le 9 sept. 2025 \u00e0 20h18 \u00ab\u2009Bloquons tout\u2009\u00bb\u2009: c\u2019est le mot de rassemblement de&hellip;\n","protected":false},"author":2,"featured_media":378589,"comment_status":"","ping_status":"","sticky":false,"template":"","format":"standard","meta":{"footnotes":""},"categories":[1592],"tags":[1111,11,47212,1777,674,1011,27,6151,662,50957,12,626,25,104],"class_list":{"0":"post-378588","1":"post","2":"type-post","3":"status-publish","4":"format-standard","5":"has-post-thumbnail","7":"category-ile-de-france","8":"tag-actu","9":"tag-actualites","10":"tag-bloquons-tout","11":"tag-eu","12":"tag-europe","13":"tag-fr","14":"tag-france","15":"tag-greve","16":"tag-ile-de-france","17":"tag-mouvement-du-10-septembre","18":"tag-news","19":"tag-paris","20":"tag-republique-francaise","21":"tag-societe"},"share_on_mastodon":{"url":"https:\/\/pubeurope.com\/@fr\/115176257878623726","error":""},"_links":{"self":[{"href":"https:\/\/www.europesays.com\/fr\/wp-json\/wp\/v2\/posts\/378588","targetHints":{"allow":["GET"]}}],"collection":[{"href":"https:\/\/www.europesays.com\/fr\/wp-json\/wp\/v2\/posts"}],"about":[{"href":"https:\/\/www.europesays.com\/fr\/wp-json\/wp\/v2\/types\/post"}],"author":[{"embeddable":true,"href":"https:\/\/www.europesays.com\/fr\/wp-json\/wp\/v2\/users\/2"}],"replies":[{"embeddable":true,"href":"https:\/\/www.europesays.com\/fr\/wp-json\/wp\/v2\/comments?post=378588"}],"version-history":[{"count":0,"href":"https:\/\/www.europesays.com\/fr\/wp-json\/wp\/v2\/posts\/378588\/revisions"}],"wp:featuredmedia":[{"embeddable":true,"href":"https:\/\/www.europesays.com\/fr\/wp-json\/wp\/v2\/media\/378589"}],"wp:attachment":[{"href":"https:\/\/www.europesays.com\/fr\/wp-json\/wp\/v2\/media?parent=378588"}],"wp:term":[{"taxonomy":"category","embeddable":true,"href":"https:\/\/www.europesays.com\/fr\/wp-json\/wp\/v2\/categories?post=378588"},{"taxonomy":"post_tag","embeddable":true,"href":"https:\/\/www.europesays.com\/fr\/wp-json\/wp\/v2\/tags?post=378588"}],"curies":[{"name":"wp","href":"https:\/\/api.w.org\/{rel}","templated":true}]}}